{"id":246113,"date":"2025-11-20T10:08:09","date_gmt":"2025-11-20T10:08:09","guid":{"rendered":"https:\/\/www.europesays.com\/es\/246113\/"},"modified":"2025-11-20T10:08:09","modified_gmt":"2025-11-20T10:08:09","slug":"israel-premier-tech-se-convierte-en-el-centro-de-todos-los-rumores-desvelamos-las-pocas-certezas-existentes","status":"publish","type":"post","link":"https:\/\/www.europesays.com\/es\/246113\/","title":{"rendered":"Israel-Premier Tech se convierte en el centro de todos los rumores: desvelamos las pocas certezas existentes"},"content":{"rendered":"<p>El equipo Israel-Premier Tech se ha situado en el centro de todos los rumores dentro del mundo del ciclismo, puesto que la temporada ha finalizado y son muchos los que especulan sobre el futuro de la escuadra WorldTeam. Pero lo cierto es que entre todos esos rumores hay muchas mentiras, hay bastantes especulaciones y hay pocas certezas. Vamos con el an\u00e1lisis.<\/p>\n<p>Lo primero que podemos confirmar es que <strong>ni Israel ni Premier Tech<\/strong> estar\u00e1n en el nombre del equipo en 2026, aunque por motivos diferentes. En el caso de Israel, por decisi\u00f3n de los gestores. En el caso de Premier Tech, es la empresa canadiense la que ha renunciado unilateralmente, aunque eso no significa el final del v\u00ednculo, puesto que es m\u00e1s que evidente que el equipo acudir\u00e1 a los <strong>tribunales<\/strong> a defender sus derechos y ser\u00e1 un juez el que deba decidir si Premier Tech debe pagar y a cu\u00e1ntos millones asciende la potencial consecuencia legal de esa ruptura.<\/p>\n<p>A partir de ah\u00ed, se especula con un banco suizo y\/o con el lema<strong> Visit Rwanda<\/strong> como posibles patrocinadores. Ninguno de los dos parece formar parte del nombre del equipo en este momento y no son m\u00e1s que rumores. Es m\u00e1s, los planes de la formaci\u00f3n pasan por <strong>anunciar el nuevo nombre oficial del equipo el jueves 20<\/strong> o, como muy tarde, el viernes 21 de diciembre. Y ser\u00e1 toda una sorpresa. Eso s\u00ed, tambi\u00e9n se anunciar\u00e1 la nacionalidad: ser\u00e1n a todos los efectos legales <strong>un equipo suizo.<\/strong><\/p>\n<p>El otro rumor que ha saltado en las \u00faltimas horas y que tiene m\u00e1s fundamento es el v\u00ednculo del equipo ciclista con el fabricante de bicicletas <strong>Factor<\/strong>. Y, de nuevo, tenemos una situaci\u00f3n complicada desde el punto de vista legal, con contratos firmados y con posibles reclamaciones millonarias por parte del equipo. De nuevo, es un tema que no parece resuelto a d\u00eda de hoy y que todav\u00eda tardar\u00e1 unas semanas en aclararse en uno o en otro sentido.<\/p>\n<p>El periodista Daniel Benson va un paso m\u00e1s all\u00e1 y apunta a que <strong>Scott<\/strong> ser\u00e1 el sustituto como proveedor de bicicletas de la formaci\u00f3n. Pero lo cierto es que primero deber\u00e1 resolverse la situaci\u00f3n legal con Factor. No hay que olvidar que el fabricante de bicicletas tiene un problema legal muy serio, puesto que tiene un contrato firmado y, adem\u00e1s, <strong>p\u00fablicamente exigi\u00f3 un cambio de nombre y un cambio de bandera<\/strong>, dos requisitos que esta misma semana ser\u00e1n cumplidos por el equipo, por lo que la posible renuncia de Factor ser\u00e1 m\u00e1s complicada de justificar frente a un juez, puesto que firm\u00f3 una extensi\u00f3n del contrato cuando ya hab\u00eda una guerra en Palestina y, posteriormente, ha pedido dos cambios que ahora ser\u00e1n una realidad.<\/p>\n","protected":false},"excerpt":{"rendered":"El equipo Israel-Premier Tech se ha situado en el centro de todos los rumores dentro del mundo del&hellip;\n","protected":false},"author":2,"featured_media":246114,"comment_status":"","ping_status":"","sticky":false,"template":"","format":"standard","meta":{"footnotes":""},"categories":[273],"tags":[313,312,168,25,24,23,167],"class_list":{"0":"post-246113","1":"post","2":"type-post","3":"status-publish","4":"format-standard","5":"has-post-thumbnail","7":"category-ciclismo","8":"tag-ciclismo","9":"tag-cycling","10":"tag-deportes","11":"tag-es","12":"tag-espana","13":"tag-spain","14":"tag-sports"},"share_on_mastodon":{"url":"https:\/\/pubeurope.com\/@es\/115581478730432825","error":""},"_links":{"self":[{"href":"https:\/\/www.europesays.com\/es\/wp-json\/wp\/v2\/posts\/246113","targetHints":{"allow":["GET"]}}],"collection":[{"href":"https:\/\/www.europesays.com\/es\/wp-json\/wp\/v2\/posts"}],"about":[{"href":"https:\/\/www.europesays.com\/es\/wp-json\/wp\/v2\/types\/post"}],"author":[{"embeddable":true,"href":"https:\/\/www.europesays.com\/es\/wp-json\/wp\/v2\/users\/2"}],"replies":[{"embeddable":true,"href":"https:\/\/www.europesays.com\/es\/wp-json\/wp\/v2\/comments?post=246113"}],"version-history":[{"count":0,"href":"https:\/\/www.europesays.com\/es\/wp-json\/wp\/v2\/posts\/246113\/revisions"}],"wp:featuredmedia":[{"embeddable":true,"href":"https:\/\/www.europesays.com\/es\/wp-json\/wp\/v2\/media\/246114"}],"wp:attachment":[{"href":"https:\/\/www.europesays.com\/es\/wp-json\/wp\/v2\/media?parent=246113"}],"wp:term":[{"taxonomy":"category","embeddable":true,"href":"https:\/\/www.europesays.com\/es\/wp-json\/wp\/v2\/categories?post=246113"},{"taxonomy":"post_tag","embeddable":true,"href":"https:\/\/www.europesays.com\/es\/wp-json\/wp\/v2\/tags?post=246113"}],"curies":[{"name":"wp","href":"https:\/\/api.w.org\/{rel}","templated":true}]}}