{"id":246119,"date":"2025-11-20T10:12:11","date_gmt":"2025-11-20T10:12:11","guid":{"rendered":"https:\/\/www.europesays.com\/es\/246119\/"},"modified":"2025-11-20T10:12:11","modified_gmt":"2025-11-20T10:12:11","slug":"miren-lo-que-encontre-juariu-descubrio-un-dato-revelador-del-inicio-de-la-relacion-entre-la-china-suarez-y-mauro-icardi","status":"publish","type":"post","link":"https:\/\/www.europesays.com\/es\/246119\/","title":{"rendered":"\u201cMiren lo que encontr\u00e9\u201d: Juariu descubri\u00f3 un dato revelador del inicio de la relaci\u00f3n entre la China Su\u00e1rez y Mauro Icardi"},"content":{"rendered":"<p>Juariu revel\u00f3 una interacci\u00f3n digital entre la China Su\u00e1rez y Mauro Icardi que antecede al esc\u00e1ndalo del Wandagate (Video: Instagram)<\/p>\n<p class=\"paragraph\"><a rel=\"noopener noreferrer nofollow\" href=\"https:\/\/www.infobae.com\/tag\/juariu\/\" target=\"_blank\" title=\"https:\/\/www.infobae.com\/tag\/juariu\/\"><b>Juariu<\/b><\/a> volvi\u00f3 a encender las redes con un hallazgo que, lejos de pasar desapercibido, reaviv\u00f3 el esc\u00e1ndalo medi\u00e1tico m\u00e1s importante de los \u00faltimos a\u00f1os para la far\u00e1ndula argentina: el v\u00ednculo entre<b> <\/b><a rel=\"noopener noreferrer nofollow\" href=\"https:\/\/www.infobae.com\/tag\/mauro-icardi\/\" target=\"_blank\" title=\"https:\/\/www.infobae.com\/tag\/mauro-icardi\/\"><b>Mauro Icardi<\/b><\/a> y <a rel=\"noopener noreferrer nofollow\" href=\"https:\/\/www.infobae.com\/tag\/china-suarez\/\" target=\"_blank\" title=\"https:\/\/www.infobae.com\/tag\/china-suarez\/\"><b>la China Su\u00e1rez<\/b>.<\/a> La influencer detect\u00f3 una interacci\u00f3n inesperada y la public\u00f3 sin filtro, generando revuelo inmediato entre sus seguidores.<\/p>\n<p class=\"paragraph\">Todo comenz\u00f3 cuando la tucumana comparti\u00f3 en Instagram una placa con un fondo violeta que dec\u00eda: <b>\u201cLo que acabo de encontrar\u201d<\/b>. Esa primera historia funcion\u00f3 como anticipo del bombazo que estaba por revelar. Acto seguido, public\u00f3 la el video de un informe del programa Intrusos (Am\u00e9rica TV) correspondiente al <b>25 de noviembre de 2019<\/b>, donde se ve\u00eda un posteo de la China Su\u00e1rez que ten\u00eda un \u201cme gusta\u201d de Mauro Icardi.<\/p>\n<p class=\"paragraph\">\u201c<b>En el 2019 noviembre, para ser precisa el 25 de noviembre fue la captura<\/b>\u201d, escribi\u00f3 Juariu se\u00f1alando la fecha exacta en la que el futbolista hab\u00eda likeado aquella publicaci\u00f3n, a\u00f1os antes del estallido del Wandagate, que tiene una fecha exacta ya conocida: <b>el 16 de octubre de 2021<\/b>. La influencer, que sigui\u00f3 hilando el hallazgo con iron\u00eda, a\u00f1adi\u00f3 otra historia con fondo celeste y un mensaje directo: <b>\u201cYa ven\u00eda desde el 2019 buscando Icardi o likeando descaradamente\u201d<\/b>.<\/p>\n<p><img alt=\"El mensaje inicial de Mauro\" class=\"global-image\" decoding=\"async\" fetchpriority=\"low\" height=\"876\" loading=\"lazy\" src=\"https:\/\/www.europesays.com\/es\/wp-content\/uploads\/2025\/11\/XTCUWXB2SFEEFOWIYT4QEHBHSQ.jpg\" width=\"1080\"\/>El mensaje inicial de Mauro Icardi a la China Su\u00e1rez marc\u00f3 el comienzo de una relaci\u00f3n que luego se volvi\u00f3 medi\u00e1tica<\/p>\n<p class=\"paragraph\">La frase fue suficiente para que el tema explotara entre sus seguidores, que no tardaron en empezar a especular sobre los tiempos, la relaci\u00f3n de Icardi con Wanda Nara por aquel entonces y los indicios que ya circulaban en redes mucho antes de que el esc\u00e1ndalo saliera a la luz.<\/p>\n<p class=\"paragraph\">M\u00e1s adelante, Juariu sum\u00f3 otra placa, esta vez sobre una imagen del estudio de Intrusos, donde escribi\u00f3: <b>\u201cSe ve que siempre ante la crisis Mauro iba a likear a la China\u201d<\/b>. Debajo, agreg\u00f3 la pregunta que termin\u00f3 de desatar el caos digital: <b>\u201c\u00bfLo habr\u00e1 visto en ese momento <\/b><a rel=\"noopener noreferrer nofollow\" href=\"https:\/\/www.infobae.com\/tag\/wanda-nara\/\" target=\"_blank\" title=\"https:\/\/www.infobae.com\/tag\/wanda-nara\/\"><b>Wanda Nara<\/b><\/a><b>?\u201d<\/b>.<\/p>\n<p class=\"paragraph\">Poco despu\u00e9s, una seguidora le contest\u00f3 remarcando la coincidencia entre la fecha del informe y la actualidad: <b>\u201cJusto el 29\/11 el programa\u2026 el \u2018aniversario\u2019\u201d<\/b>, debido a que en la entrevista con <b>Mario Pergolini<\/b> en Otro d\u00eda perdido (Eltrece), la actriz cont\u00f3: \u201cEl aniversario es ahora, el 29 de noviembre. No s\u00e9 si lo vamos a festejar, nunca fui muy de las fechas\u201d. Juariu no dud\u00f3 en responder el comentario que le hicieron, subiendo la captura con un nuevo texto: <b>\u201cSi, pero del 2019\u201d<\/b>, dejando en claro que el hallazgo correspond\u00eda a una emisi\u00f3n de Intrusos de aquel a\u00f1o y no a un material reciente.<\/p>\n<p>La China Su\u00e1rez relat\u00f3 en televisi\u00f3n c\u00f3mo fue su primer encuentro con Mauro Icardi y el inicio de su romance en Par\u00eds (Video: La ma\u00f1ana con Moria, Eltrece)<\/p>\n<p class=\"paragraph\">El hallazgo de Juariu correspond\u00eda a un segmento del programa en el que se hablaba de los \u201clikes\u201d de los famosos. All\u00ed, la panelista comentaba en vivo que tanto Mauro Icardi como Daniel Osvaldo sol\u00edan darle \u201cme gusta\u201d a varias publicaciones de la actriz. <b>\u201cLa China Su\u00e1rez, que tiene \u2018me gusta\u2019. Mucho de Mauro Icardi y de Daniel Osvaldo. Mucho like. Demasiado\u201d<\/b>, explic\u00f3 en ese entonces.<\/p>\n<p class=\"paragraph\">Marcela Tauro sum\u00f3 que hab\u00eda le\u00eddo en alg\u00fan portal que \u201calgo estaba pasando\u201d, mientras Pallares desliz\u00f3 que \u201ccuando se entere Wanda\u201d la situaci\u00f3n podr\u00eda complicarse. Todo el panel coincid\u00eda, en tono de broma y sospecha, en que habr\u00eda al menos un intercambio digital llamativo, pero lo que nadie se esperaba era que la relaci\u00f3n fuera lo que es ahora.<\/p>\n<p class=\"paragraph\">En su paso por La Ma\u00f1ana con Moria (Eltrece), la China record\u00f3 su primer encuentro con el futbolista: \u201cLo que nos pas\u00f3 con Mauro no lo pod\u00edamos explicar, fue de otra vida. <b>Nos enamoramos en Par\u00eds<\/b>\u201d, asegur\u00f3 al inicio de su mano a mano con la conductora. Y momentos m\u00e1s tarde, al referirse c\u00f3mo se inici\u00f3 su romance, record\u00f3: \u201c<b>\u00c9l me mand\u00f3 un mensaje en un momento de mi vida en el que yo estaba bajo tierra<\/b>. Me puso de la nada: \u2018Esa boquita&#8230;\u2019. \u00c9l tiene algo con la boca\u201d. <b>El primer encuentro fue en la habitaci\u00f3n de un hotel<\/b>. Yo estaba muy nerviosa porque una cosa es hablar por WhatsApp y otra en persona. Llegu\u00e9 primera, ten\u00eda unos nervios&#8230;\u201d.<\/p>\n","protected":false},"excerpt":{"rendered":"Juariu revel\u00f3 una interacci\u00f3n digital entre la China Su\u00e1rez y Mauro Icardi que antecede al esc\u00e1ndalo del Wandagate&hellip;\n","protected":false},"author":2,"featured_media":246120,"comment_status":"","ping_status":"","sticky":false,"template":"","format":"standard","meta":{"footnotes":""},"categories":[174],"tags":[255,62836,146,147,25,24,256,60844,23],"class_list":{"0":"post-246119","1":"post","2":"type-post","3":"status-publish","4":"format-standard","5":"has-post-thumbnail","7":"category-famosos","8":"tag-celebrities","9":"tag-china-suarez","10":"tag-entertainment","11":"tag-entretenimiento","12":"tag-es","13":"tag-espana","14":"tag-famosos","15":"tag-mauro-icardi","16":"tag-spain"},"share_on_mastodon":{"url":"https:\/\/pubeurope.com\/@es\/115581494969038163","error":""},"_links":{"self":[{"href":"https:\/\/www.europesays.com\/es\/wp-json\/wp\/v2\/posts\/246119","targetHints":{"allow":["GET"]}}],"collection":[{"href":"https:\/\/www.europesays.com\/es\/wp-json\/wp\/v2\/posts"}],"about":[{"href":"https:\/\/www.europesays.com\/es\/wp-json\/wp\/v2\/types\/post"}],"author":[{"embeddable":true,"href":"https:\/\/www.europesays.com\/es\/wp-json\/wp\/v2\/users\/2"}],"replies":[{"embeddable":true,"href":"https:\/\/www.europesays.com\/es\/wp-json\/wp\/v2\/comments?post=246119"}],"version-history":[{"count":0,"href":"https:\/\/www.europesays.com\/es\/wp-json\/wp\/v2\/posts\/246119\/revisions"}],"wp:featuredmedia":[{"embeddable":true,"href":"https:\/\/www.europesays.com\/es\/wp-json\/wp\/v2\/media\/246120"}],"wp:attachment":[{"href":"https:\/\/www.europesays.com\/es\/wp-json\/wp\/v2\/media?parent=246119"}],"wp:term":[{"taxonomy":"category","embeddable":true,"href":"https:\/\/www.europesays.com\/es\/wp-json\/wp\/v2\/categories?post=246119"},{"taxonomy":"post_tag","embeddable":true,"href":"https:\/\/www.europesays.com\/es\/wp-json\/wp\/v2\/tags?post=246119"}],"curies":[{"name":"wp","href":"https:\/\/api.w.org\/{rel}","templated":true}]}}