{"id":246139,"date":"2025-11-20T10:25:09","date_gmt":"2025-11-20T10:25:09","guid":{"rendered":"https:\/\/www.europesays.com\/es\/246139\/"},"modified":"2025-11-20T10:25:09","modified_gmt":"2025-11-20T10:25:09","slug":"el-comisionista-de-la-diputacion-de-almeria-con-las-mascarillas-han-pegado-un-pepinazo","status":"publish","type":"post","link":"https:\/\/www.europesays.com\/es\/246139\/","title":{"rendered":"El comisionista de la Diputaci\u00f3n de Almer\u00eda con las mascarillas: \u00abHan pegado un pepinazo\u00bb"},"content":{"rendered":"<p style=\"\">Los investigados en el caso &#8216;Mascarillas&#8217; de Almer\u00eda sab\u00edan que el negocio del material sanitario en la pandemia era rentable. \u00ab<strong>Hemos hecho una operaci\u00f3n de dos millones y se han quedado 400 ellos y 400 yo<\/strong>. Han pegado un pepinazo a los precios de  &#8230; las mascarillas que no veas\u00bb, apunta en un mensaje interceptado por la Unidad Central Operativa (UCO) de la Guardia Civil el presunto comisionista de la trama, Kilian L\u00f3pez, due\u00f1o de Azor Corporate Ib\u00e9rica. <\/p>\n<p class=\"voc-p\" style=\"\">La UCO en sus atestados pone cifra a esa comisi\u00f3n que supuestamente se repartieron dos vicepresidentes de la instituci\u00f3n con el empresario, que no era la primera vez que trabaja para ente provincial: <strong>945.327,61 euros, el 47,2% de los 2.036.186,24 euros que pag\u00f3 la Diputaci\u00f3n de Almer\u00eda<\/strong> por adquirir 500.000 mascarillas, 250.000 pares de guantes y 10.570 trajes de protecci\u00f3n desechables procedentes de China en abril de 2020, en lo peor de la pandemia.<\/p>\n<p class=\"voc-p\" style=\"\">En la negociaci\u00f3n de las comisiones sobre este pedido se alude a tallas de zapatos para referirse al porcentaje de la mordida, entre el 10% y el 20% del total facturado. Adem\u00e1s, <strong>en una ocasi\u00f3n uno de los implicados lleg\u00f3 a pedir una televisi\u00f3n<\/strong>. Las conversaci\u00f3n se hacen, seg\u00fan el atestado de UCO, a espaldas del presidente de la Diputaci\u00f3n, que finalmente s\u00ed es quien da el visto bueno a las operaciones con la empresa de Kilian L\u00f3pez. <\/p>\n<p>\nUna relaci\u00f3n de amistad provechosa\n<\/p>\n<p class=\"voc-p\" style=\"\">En el centro de la trama hay una <strong>relaci\u00f3n de amistad, que se volvi\u00f3 altamente provechosa entre el vicepresidente \u00d3scar Liria<\/strong> y el empresario Kilian L\u00f3pez. De hecho, no era la primera vez que trabajaron juntos. La Diputaci\u00f3n de Almer\u00eda ya adjudic\u00f3 hasta 16 contratos de obras menores al comisionista de las mascarillas. <\/p>\n<p class=\"voc-p\" style=\"\">La compa\u00f1\u00eda de mantenimiento de parques y cementerios Pulconal, que pertenec\u00eda a Kilian L\u00f3pez con otro socio, <strong>recibi\u00f3 estos encargados entre el 4 de diciembre de 2017 y el 28 julio de 2020 por un total de 421.805,13 euros<\/strong>. Seg\u00fan las fuentes consultadas por ABC, lleg\u00f3 a ser adjudicatario de la gesti\u00f3n de varios cementerios, como los de Armu\u00f1a, Benizal\u00f3n y Turrillas, as\u00ed como para varios parques infantiles o de mantener la red general de saneamiento en algunos municipios.<\/p>\n<p class=\"voc-p\" style=\"\">La UCO se\u00f1ala que eran adjudicaciones en las que el vicepresidente <strong>\u00d3scar Liria ten\u00eda \u00abun papel preponderante\u00bb<\/strong>. Liria fue detenido por el caso &#8216;Mascarillas&#8217; y lleg\u00f3 a estar en prisi\u00f3n preventiva. Este mi\u00e9rcoles fue declarado como investigado en la nueva pieza abierta por el Juzgado de Instrucci\u00f3n 1 de Almer\u00eda, donde se instruyen diligencias sobre posibles ama\u00f1os de adjudicaciones de obra p\u00fablica en la instituci\u00f3n provincial. <\/p>\n<p class=\"voc-p\" style=\"\">Las investigaciones apuntan que Kilian L\u00f3pez aprovech\u00f3 el acceso a Liria para hacer negocio. Eso sumado a <strong>la codicia de otro vicepresidente, Fernando Gim\u00e9nez<\/strong>, que seg\u00fan el atestado al que ha tenido acceso ABC en clave no paraba de pedirle a Liria que apretara para aumentar la tajada a sacar con las mascarillas. <\/p>\n<p>\nLas obras p\u00fablicas, una pieza separada del caso\n<\/p>\n<p class=\"voc-p\" style=\"\">Las conversaciones de Gim\u00e9nez ser\u00edan claves para la nueva l\u00ednea de investigaci\u00f3n abierta por la UCO en la Diputaci\u00f3n de Almer\u00eda. <strong>Es una pieza separada de las mascarillas<\/strong>, apuntan fuentes cercanas a la investigaci\u00f3n a ABC. En esta nueva es en la que se ha detenido al presidente de la Diputaci\u00f3n Provincial y del PP de Almer\u00eda, Javier Aureliano Garc\u00eda, ya suspendido de militancia por el PP y revocado de su cargo. <\/p>\n<p class=\"voc-p\" style=\"\">La crisis se ha atajado con contundencia dentro del PP. Por un lado, <strong>Ram\u00f3n Fern\u00e1ndez-Pacheco, exalcalde de Almer\u00eda<\/strong> y consejero de Agricultura de la Junta de Andaluc\u00eda, se ha hecho cargo del partido. Por el otro, \u00c1ngel Escobar se ha hecho cargo la Diputaci\u00f3n, poni\u00e9ndose a disposici\u00f3n de las autoridades para aclarar todo lo que haya podido suceder. <\/p>\n<p class=\"voc-p\" style=\"\">Al mismo tiempo, en esta nueva fase, se han detenido tambi\u00e9n a <strong>Rodrigo S\u00e1nchez, alcalde de Fines, familia de Liria<\/strong> y que est\u00e1 investigado dentro de la red de blanqueo que la UCO investiga en el caso &#8216;Mascarillas&#8217;. Cuando fue detenido en 2021 llevaba m\u00e1s de 119.000 en el maletero de su Mercedes. Seg\u00fan las investigaciones, Liria mont\u00f3 una presunta trama para lavar el dinero de las comisiones.<\/p>\n<p>\nInmuebles y coches de gama alta\n<\/p>\n<p class=\"voc-p\" style=\"\">La Guardia Civil <strong>pudo rastrear la adquisici\u00f3n de inmuebles o coches de alta gama<\/strong>, como los BMW que supuestamente regal\u00f3 a su novia y a su padre. Se investiga hasta la compra de una administraci\u00f3n de loter\u00eda en Adra para lavar el dinero. Este otro paralelismo con la investigaci\u00f3n actual, que tiene una importante red de blanqueo, que pesa sobre algunos de los detenidos este pasado lunes. <\/p>\n<p class=\"voc-p\" style=\"\">Seg\u00fan estas fuentes judiciales algunos de los implicados no habr\u00edan tenido participaci\u00f3n en la adjudicaci\u00f3n presuntamente fraudulenta de los contratos, pero s\u00ed \u00ab<strong>en la posterior canalizaci\u00f3n de los fondos ilegales en el tr\u00e1fico legal del dinero<\/strong>, lo que podr\u00eda ser constitutivo de un delito de blanqueo de capitales\u00bb.<\/p>\n<p class=\"voc-p\" style=\"\">Por este motivo, el Juzgado de Instrucci\u00f3n 1 de Almer\u00eda tambi\u00e9n autoriz\u00f3 a los miembros de la UCO para llevar a cabo <strong>el volcado, visionado y copiado de comunicaciones privadas<\/strong> relacionadas con los hechos investigados. Adem\u00e1s, requiri\u00f3 documentaci\u00f3n a la Diputaci\u00f3n de Almer\u00eda, al Ayuntamiento de Fines y a las mercantiles cuya actuaci\u00f3n est\u00e1 siendo investigada.<\/p>\n<p class=\"voc-p\" style=\"\">Asimismo, la autoridad judicial dict\u00f3 medidas de aseguramiento patrimonial de los investigados a entidades bancarias, cajas de ahorro, cajas de seguridad. Del mismo modo, <strong>prohibi\u00f3 enajenar o vender propiedades inmuebles y veh\u00edculos a motor<\/strong>. Con esto se podr\u00eda responder a los pagos por la responsabilidad civil de los hechos delictivos si hubiera una condena contra ellos. <\/p>\n","protected":false},"excerpt":{"rendered":"Los investigados en el caso &#8216;Mascarillas&#8217; de Almer\u00eda sab\u00edan que el negocio del material sanitario en la pandemia&hellip;\n","protected":false},"author":2,"featured_media":246140,"comment_status":"","ping_status":"","sticky":false,"template":"","format":"standard","meta":{"footnotes":""},"categories":[8],"tags":[53172,5644,17,18,62837,7821,25,24,13,14,11,19,20,58057,1567,9,10,15,16,474,23,12,21,22],"class_list":{"0":"post-246139","1":"post","2":"type-post","3":"status-publish","4":"format-standard","5":"has-post-thumbnail","7":"category-espana","8":"tag-adjudico","9":"tag-almeria","10":"tag-breaking-news","11":"tag-breakingnews","12":"tag-comisionista","13":"tag-diputacion","14":"tag-es","15":"tag-espana","16":"tag-featured-news","17":"tag-featurednews","18":"tag-headlines","19":"tag-latest-news","20":"tag-latestnews","21":"tag-mascarillas","22":"tag-menores","23":"tag-news","24":"tag-noticias","25":"tag-noticias-destacadas","26":"tag-noticiasdestacadas","27":"tag-obras","28":"tag-spain","29":"tag-titulares","30":"tag-ultimas-noticias","31":"tag-ultimasnoticias"},"share_on_mastodon":{"url":"https:\/\/pubeurope.com\/@es\/115581545597915864","error":""},"_links":{"self":[{"href":"https:\/\/www.europesays.com\/es\/wp-json\/wp\/v2\/posts\/246139","targetHints":{"allow":["GET"]}}],"collection":[{"href":"https:\/\/www.europesays.com\/es\/wp-json\/wp\/v2\/posts"}],"about":[{"href":"https:\/\/www.europesays.com\/es\/wp-json\/wp\/v2\/types\/post"}],"author":[{"embeddable":true,"href":"https:\/\/www.europesays.com\/es\/wp-json\/wp\/v2\/users\/2"}],"replies":[{"embeddable":true,"href":"https:\/\/www.europesays.com\/es\/wp-json\/wp\/v2\/comments?post=246139"}],"version-history":[{"count":0,"href":"https:\/\/www.europesays.com\/es\/wp-json\/wp\/v2\/posts\/246139\/revisions"}],"wp:featuredmedia":[{"embeddable":true,"href":"https:\/\/www.europesays.com\/es\/wp-json\/wp\/v2\/media\/246140"}],"wp:attachment":[{"href":"https:\/\/www.europesays.com\/es\/wp-json\/wp\/v2\/media?parent=246139"}],"wp:term":[{"taxonomy":"category","embeddable":true,"href":"https:\/\/www.europesays.com\/es\/wp-json\/wp\/v2\/categories?post=246139"},{"taxonomy":"post_tag","embeddable":true,"href":"https:\/\/www.europesays.com\/es\/wp-json\/wp\/v2\/tags?post=246139"}],"curies":[{"name":"wp","href":"https:\/\/api.w.org\/{rel}","templated":true}]}}