{"id":246143,"date":"2025-11-20T10:31:18","date_gmt":"2025-11-20T10:31:18","guid":{"rendered":"https:\/\/www.europesays.com\/es\/246143\/"},"modified":"2025-11-20T10:31:18","modified_gmt":"2025-11-20T10:31:18","slug":"el-ultimo-y-sincero-elogio-de-djokovic-a-sinner-y-alcaraz-tras-la-final-de-turin-la-verdad-es-que","status":"publish","type":"post","link":"https:\/\/www.europesays.com\/es\/246143\/","title":{"rendered":"El \u00faltimo y sincero elogio de Djokovic a Sinner y Alcaraz tras la final de Tur\u00edn: \u00abLa verdad es que&#8230;\u00bb"},"content":{"rendered":"<p><b>Novak Djokovic<\/b>, la mayor leyenda de la historia del tenis y <b><a title=\"ganador de 24 grand slam\" href=\"https:\/\/www.antena3.com\/noticias\/deportes\/tenis\/djokovic-desactiva-medvedev-agranda-leyenda-conquistando-24-grand-slam-carrera_2023091164febc71d60bc60001c4a41e.html\" target=\"_blank\" rel=\"nofollow noopener\">ganador de 24 grand slam<\/a><\/b>, ha acudido a Bolonia para participar en el homenaje que se le realiz\u00f3 a Nikola Pilic, fallecido el pasado 22 de septiembre. El extenista croata tuvo a Nole en su academia de Hamburgo cuando el serbio solo ten\u00eda 12 a\u00f1os y fue como un segundo padre para el jugador de Belgrado.<\/p>\n<p>El serbio particip\u00f3 este mi\u00e9rcoles junto a Boris Becker, Ivan Ljubicic y Viktor Troicki en el homenaje a Nikola Pilic, ganador en cinco ocasiones de la Copa Davis.<\/p>\n<p>\u00abMe gusta llamarle el padre del tenis, porque era as\u00ed, estaba cerca no solo como figura ten\u00edstica, que contribuy\u00f3 e influy\u00f3 mucho en mi desarrollo como tenista, sino tambi\u00e9n como persona\u00bb, admiti\u00f3 Djokovic en zona mixta a Ubitennis.<\/p>\n<p>\u00abHoy es un d\u00eda triste, aunque me alegra que podamos celebrarle,<b> su nombre est\u00e1 ligado al tenis y a todo lo que ha hecho por nosotros en la pista<\/b>. Sin embargo, hoy es el d\u00eda de las emociones encontradas. Hace dos meses, cuando recib\u00ed la noticia, me sent\u00ed muy triste, pero hoy estoy contento porque su esposa e hija han estado aqu\u00ed y creo que la Copa Davis es la competici\u00f3n adecuada para celebrar su nombre, porque ha hecho algo que probablemente no volver\u00e1 a ocurrir en la historia: ha ganado la Copa Davis cinco veces con tres naciones diferentes. Es una leyenda, es un fen\u00f3meno\u00bb, declar\u00f3 Djokovic.<\/p>\n<p>Nole, rendido ante Sinner y Alcaraz: \u00abUn nivel astron\u00f3mico\u00bb<\/p>\n<p>Novak Djokovic tambi\u00e9n tuvo tiempo de analizar la \u00faltima <b><a title=\"final de las Nitto ATP Finals\" href=\"https:\/\/www.antena3.com\/noticias\/deportes\/tenis\/carlos-alcaraz-jannik-sinner-directo-ultima-hora-final-atp-finals-2025_202511166919c97aeba8bc0ece020e77.html\" target=\"_blank\" rel=\"nofollow noopener\">final de las Nitto ATP Finals<\/a><\/b> entre Carlos Alcaraz y Jannik Sinner, y no dudo en calificar de \u00abastron\u00f3mico\u00bb el nivel al que juegan en cada uno de sus enfrentamientos.<\/p>\n<p>\u00abNo he visto todo el partido, pero s\u00ed vi el primer set, y como siempre, es tradici\u00f3n que cuando juegan entre ellos el primer set termine 7-6 de una forma u otra. Pero con mucha tensi\u00f3n e intensidad, <b>un nivel astron\u00f3mico, la verdad es que muy bueno<\/b>. Normalmente no me gusta ver partidos porque quiero estar ah\u00ed, pero<b> ahora disfruto vi\u00e9ndolos porque el nivel es alt\u00edsimo<\/b>\u00ab, admiti\u00f3 Djokovic a Ubitennis.<\/p>\n<p>\u00abLa rivalidad entre ellos es algo muy positivo para nuestro deporte. <b>Son fant\u00e1sticos<\/b>, incluso lo que ha hecho Jannik, especialmente en pista cubierta, en los \u00faltimos dos a\u00f1os es hist\u00f3rico\u00bb, concluy\u00f3 el tenista serbio.<\/p>\n<p>S\u00edguenos en nuestro <a title=\"canal de WhatsApp\" href=\"https:\/\/www.whatsapp.com\/channel\/0029Va6BhYH2phHPnlatwW3b\" target=\"_blank\" rel=\"nofollow noopener\"><strong>canal de WhatsApp<\/strong><\/a> y no te pierdas la \u00faltima hora y toda la actualidad en nuestro <b><a title=\"perfil de Google\" href=\"https:\/\/profile.google.com\/cp\/CgovbS8wMngwNnFy\" target=\"_blank\" rel=\"nofollow noopener\">perfil de Google<\/a>.<\/b>        <\/p>\n<p>   <img decoding=\"async\" title=\"El equipo espa\u00f1ol entrena en el SuperTennis Arena de Bolonia, sede de las finales de la Copa Davis\" alt=\"El equipo espa\u00f1ol entrena en el SuperTennis Arena de Bolonia, sede de las finales de la Copa Davis\" width=\"480\" height=\"270\" src=\"https:\/\/www.europesays.com\/es\/wp-content\/uploads\/2025\/11\/equipo-espanol-entrena-supertennis-arena-bolonia-sede-finales-copa-davis_70.jpg\" loading=\"lazy\" class=\"lazy\"\/><\/p>\n","protected":false},"excerpt":{"rendered":"Novak Djokovic, la mayor leyenda de la historia del tenis y ganador de 24 grand slam, ha acudido&hellip;\n","protected":false},"author":2,"featured_media":246144,"comment_status":"","ping_status":"","sticky":false,"template":"","format":"standard","meta":{"footnotes":""},"categories":[274],"tags":[168,25,24,23,167,327,326],"class_list":{"0":"post-246143","1":"post","2":"type-post","3":"status-publish","4":"format-standard","5":"has-post-thumbnail","7":"category-tenis","8":"tag-deportes","9":"tag-es","10":"tag-espana","11":"tag-spain","12":"tag-sports","13":"tag-tenis","14":"tag-tennis"},"share_on_mastodon":{"url":"https:\/\/pubeurope.com\/@es\/115581570340618192","error":""},"_links":{"self":[{"href":"https:\/\/www.europesays.com\/es\/wp-json\/wp\/v2\/posts\/246143","targetHints":{"allow":["GET"]}}],"collection":[{"href":"https:\/\/www.europesays.com\/es\/wp-json\/wp\/v2\/posts"}],"about":[{"href":"https:\/\/www.europesays.com\/es\/wp-json\/wp\/v2\/types\/post"}],"author":[{"embeddable":true,"href":"https:\/\/www.europesays.com\/es\/wp-json\/wp\/v2\/users\/2"}],"replies":[{"embeddable":true,"href":"https:\/\/www.europesays.com\/es\/wp-json\/wp\/v2\/comments?post=246143"}],"version-history":[{"count":0,"href":"https:\/\/www.europesays.com\/es\/wp-json\/wp\/v2\/posts\/246143\/revisions"}],"wp:featuredmedia":[{"embeddable":true,"href":"https:\/\/www.europesays.com\/es\/wp-json\/wp\/v2\/media\/246144"}],"wp:attachment":[{"href":"https:\/\/www.europesays.com\/es\/wp-json\/wp\/v2\/media?parent=246143"}],"wp:term":[{"taxonomy":"category","embeddable":true,"href":"https:\/\/www.europesays.com\/es\/wp-json\/wp\/v2\/categories?post=246143"},{"taxonomy":"post_tag","embeddable":true,"href":"https:\/\/www.europesays.com\/es\/wp-json\/wp\/v2\/tags?post=246143"}],"curies":[{"name":"wp","href":"https:\/\/api.w.org\/{rel}","templated":true}]}}