{"id":246163,"date":"2025-11-20T10:45:14","date_gmt":"2025-11-20T10:45:14","guid":{"rendered":"https:\/\/www.europesays.com\/es\/246163\/"},"modified":"2025-11-20T10:45:14","modified_gmt":"2025-11-20T10:45:14","slug":"leyendas-pokemon-z-a-desvela-su-temporada-3-del-competitivo-recompensas-incluyendo-la-chesnaughtita-y-mas-detalles","status":"publish","type":"post","link":"https:\/\/www.europesays.com\/es\/246163\/","title":{"rendered":"Leyendas Pok\u00e9mon: Z-A desvela su Temporada 3 del competitivo: Recompensas incluyendo la Chesnaughtita y m\u00e1s detalles"},"content":{"rendered":"<p>\u00a1Ya tenemos los <strong>detalles de la tercera temporada del competitivo<\/strong>\u00a0de\u00a0<a href=\"https:\/\/www.nintenderos.com\/2024\/03\/leyendas-pokemon-z-a-un-vistazo-al-futuro-o-un-retorno-al-pasado\/\" rel=\"nofollow noopener\" target=\"_blank\">Leyendas Pok\u00e9mon: Z-A<\/a>! El juego\u00a0<strong>ya est\u00e1 disponible\u00a0en Switch y Switch 2<\/strong>\u00a0y ahora tenemos m\u00e1s contenidos que se suman a\u00a0<a href=\"https:\/\/www.nintenderos.com\/nintendo-switch-2\/leyendas-pokemon-z-a-confirma-precios-oficiales-en-nintendo-switch-y-nintendo-switch-2\" rel=\"nofollow noopener\" target=\"_blank\">sus precios oficiales<\/a>.<\/p>\n<p>Ya sab\u00e9is que Leyendas Pok\u00e9mon: Z-A\u00a0<a href=\"https:\/\/www.nintenderos.com\/nintendo-switch-2\/nintendo-switch-2-los-zeldas-kirby-y-la-tierra-olvidada-metroid-prime-4-beyond-y-leyendas-pokemon-z-a-tambien-confirman-ediciones-para-la-sucesora\/\" rel=\"nofollow noopener\" target=\"_blank\">ha confirmado edici\u00f3n mejorada<\/a>\u00a0para Nintendo Switch 2. Ahora, tras su\u00a0<a href=\"https:\/\/www.nintenderos.com\/nintendo-switch-2\/leyendas-pokemon-z-a-ya-ha-recibido-su-primera-actualizacion-en-nintendo-switch-y-nintendo-switch-2\/\" rel=\"nofollow noopener\" target=\"_blank\">actualizaci\u00f3n de lanzamiento<\/a>, as\u00ed como el\u00a0<a href=\"https:\/\/www.nintenderos.com\/nintendo-switch-2\/ya-disponible-el-primer-regalo-misterioso-en-leyendas-pokemon-z-a\/\" rel=\"nofollow noopener\" target=\"_blank\">primer Regalo Misterioso<\/a>, os traemos informaci\u00f3n de cara tambi\u00e9n al\u00a0<a href=\"https:\/\/www.nintenderos.com\/2025\/09\/numerosos-detalles-de-leyendas-pokemon-z-a-sobre-las-nuevas-megaevoluciones-precios-regalo-por-comprar-el-dlc-y-mas\/\" rel=\"nofollow noopener\" target=\"_blank\">DLC Megadimensi\u00f3n<\/a>. Ya se ha publicado\u00a0el\u00a0<a href=\"https:\/\/www.nintenderos.com\/nintendo-switch-2\/leyendas-pokemon-z-a-estrena-nuevo-trailer-de-su-dlc-y-confirma-su-fecha\/\" rel=\"nofollow noopener\" target=\"_blank\">nuevo tr\u00e1iler<\/a>. Adem\u00e1s, el DLC ha confirmado su lanzamiento para el\u00a0<strong>10 de diciembre de 2025<\/strong>.<\/p>\n<p>La informaci\u00f3n se centra esta vez en <strong>la Temporada 3 del competitivo<\/strong>, que se ha desvelado hoy con estos detalles:<\/p>\n<p>Otros contenidos en esta categor\u00eda:<\/p>\n<ul>\n<li data-start=\"158\" data-end=\"261\">\n<p data-start=\"160\" data-end=\"261\"><strong data-start=\"160\" data-end=\"171\">Fechas:<\/strong> del <strong data-start=\"176\" data-end=\"219\" data-is-only-node=\"\">27 de noviembre de 2025 a las 06:00 UTC<\/strong> al <strong data-start=\"223\" data-end=\"258\">18 de diciembre a las 05:59 UTC<\/strong>.<\/p>\n<\/li>\n<li data-start=\"262\" data-end=\"376\">\n<p data-start=\"264\" data-end=\"376\"><strong data-start=\"264\" data-end=\"287\">Novedad importante:<\/strong> En esta temporada <strong data-start=\"306\" data-end=\"335\" data-is-only-node=\"\">se permite usar a Zygarde<\/strong>, a diferencia de la primera temporada.<\/p>\n<\/li>\n<li data-start=\"377\" data-end=\"518\">\n<p data-start=\"379\" data-end=\"407\"><strong data-start=\"379\" data-end=\"405\">Recompensas por rango:<\/strong><\/p>\n<\/li>\n<li data-start=\"519\" data-end=\"624\" data-is-last-node=\"\">\n<p data-start=\"521\" data-end=\"624\" data-is-last-node=\"\">Los jugadores que alcancen <strong data-start=\"548\" data-end=\"570\">Rango E o superior<\/strong> recibir\u00e1n <strong data-start=\"581\" data-end=\"597\">Safari Balls<\/strong> al finalizar la temporada.<\/p>\n<\/li>\n<\/ul>\n<p>Recordad tambi\u00e9n que en Nintenderos lo hemos podido analizar al completo y ten\u00e9is\u00a0<a href=\"https:\/\/www.nintenderos.com\/nintendo-switch-2\/analisis-leyendas-pokemon-z-a-nintendo-switch-2\/\" rel=\"nofollow noopener\" target=\"_blank\">nuestra review aqu\u00ed<\/a>. Y que tenemos\u00a0<a href=\"https:\/\/www.nintenderos.com\/2025\/11\/el-dlc-de-leyendas-pokemon-z-a-confirma-mas-anuncios-en-camino\/\" rel=\"nofollow noopener\" target=\"_blank\">m\u00e1s anuncios del DLC en camino<\/a>.<\/p>\n<p>\u00bfQu\u00e9 opin\u00e1is vosotros sobre todo esto de cara a este t\u00edtulo? Os leemos en los comentarios. Pod\u00e9is dejar abajo vuestra opini\u00f3n sobre el juego y esta informaci\u00f3n.<\/p>\n<p><a class=\"external\" href=\"https:\/\/www.serebii.net\/\" rel=\"nofollow noopener\" target=\"_blank\">Fuente<\/a>.<\/p>\n","protected":false},"excerpt":{"rendered":"\u00a1Ya tenemos los detalles de la tercera temporada del competitivo\u00a0de\u00a0Leyendas Pok\u00e9mon: Z-A! El juego\u00a0ya est\u00e1 disponible\u00a0en Switch y&hellip;\n","protected":false},"author":2,"featured_media":246164,"comment_status":"","ping_status":"","sticky":false,"template":"","format":"standard","meta":{"footnotes":""},"categories":[81],"tags":[119,123,124,25,24,2794,934,117,121,122,23,118,120],"class_list":{"0":"post-246163","1":"post","2":"type-post","3":"status-publish","4":"format-standard","5":"has-post-thumbnail","7":"category-ciencia-y-tecnologia","8":"tag-ciencia","9":"tag-ciencia-y-tecnologia","10":"tag-cienciaytecnologia","11":"tag-es","12":"tag-espana","13":"tag-leyendas-pokemon-z-a","14":"tag-pokemon","15":"tag-science","16":"tag-science-and-technology","17":"tag-scienceandtechnology","18":"tag-spain","19":"tag-technology","20":"tag-tecnologia"},"share_on_mastodon":{"url":"https:\/\/pubeurope.com\/@es\/115581624356011335","error":""},"_links":{"self":[{"href":"https:\/\/www.europesays.com\/es\/wp-json\/wp\/v2\/posts\/246163","targetHints":{"allow":["GET"]}}],"collection":[{"href":"https:\/\/www.europesays.com\/es\/wp-json\/wp\/v2\/posts"}],"about":[{"href":"https:\/\/www.europesays.com\/es\/wp-json\/wp\/v2\/types\/post"}],"author":[{"embeddable":true,"href":"https:\/\/www.europesays.com\/es\/wp-json\/wp\/v2\/users\/2"}],"replies":[{"embeddable":true,"href":"https:\/\/www.europesays.com\/es\/wp-json\/wp\/v2\/comments?post=246163"}],"version-history":[{"count":0,"href":"https:\/\/www.europesays.com\/es\/wp-json\/wp\/v2\/posts\/246163\/revisions"}],"wp:featuredmedia":[{"embeddable":true,"href":"https:\/\/www.europesays.com\/es\/wp-json\/wp\/v2\/media\/246164"}],"wp:attachment":[{"href":"https:\/\/www.europesays.com\/es\/wp-json\/wp\/v2\/media?parent=246163"}],"wp:term":[{"taxonomy":"category","embeddable":true,"href":"https:\/\/www.europesays.com\/es\/wp-json\/wp\/v2\/categories?post=246163"},{"taxonomy":"post_tag","embeddable":true,"href":"https:\/\/www.europesays.com\/es\/wp-json\/wp\/v2\/tags?post=246163"}],"curies":[{"name":"wp","href":"https:\/\/api.w.org\/{rel}","templated":true}]}}