{"id":246178,"date":"2025-11-20T10:58:10","date_gmt":"2025-11-20T10:58:10","guid":{"rendered":"https:\/\/www.europesays.com\/es\/246178\/"},"modified":"2025-11-20T10:58:10","modified_gmt":"2025-11-20T10:58:10","slug":"bogdan-popov-de-escapar-de-la-guerra-a-ser-el-nuevo-shevchenko","status":"publish","type":"post","link":"https:\/\/www.europesays.com\/es\/246178\/","title":{"rendered":"Bogdan Popov, de escapar de la guerra a ser el nuevo Shevchenko"},"content":{"rendered":"<p data-gtm-element-container=\"modulo-texto-link\" class=\"paragraph\"><strong>Italia <\/strong>est\u00e1 de los nervios. En las calles, un primer tema de conversaci\u00f3n. Y de preocupaci\u00f3n. Que por tercera vez consecutiva puedan quedarse fuera de un <strong>Mundial <\/strong>de f\u00fatbol. <strong>Noruega <\/strong>los mand\u00f3 a la repesca y hoy, tras el sorteo de la FIFA en <strong>Suiza<\/strong>, sabr\u00e1n el calendario y los rivales para intentar llegar a la <strong>Copa del Mundo<\/strong>.<\/p>\n<p data-gtm-element-container=\"modulo-texto-link\" class=\"paragraph\">Mientras, la revelaci\u00f3n del a\u00f1o en el <strong>Calcio <\/strong>llega de la Serie B. En el <strong>Empoli <\/strong>sobresale un joven ucraniano, <strong>Bogdan Popov<\/strong>, que a los 18 est\u00e1 maravillando como delantero. En un equipo que no est\u00e1 por subir a la <strong>Primera Divisi\u00f3n<\/strong>, <strong>Popov <\/strong>destaca por sus goles (5 en 10 partidos), por sus acelerones y por su llegada al \u00e1rea. Por su pasaporte y por su manera de jugar ya hay qui\u00e9n le compara ya con <strong>Andrei Shevchenko<\/strong>, el mejor futbolista de la historia de su pa\u00eds, llegando a ser Bal\u00f3n de Oro de 2004. El cach\u00e9 de <strong>Popov<\/strong>, un espigado delantero de 1,93 metros, est\u00e1 subiendo como la espuma y parece que el Atalanta podr\u00eda pagar ya 10 millones por \u00e9l para asegurarse incorporarle en el mercado de enero. No ser\u00eda una mala soluci\u00f3n para suplir al inconformista <strong>Ademola Lookman<\/strong>, con un pie en el f\u00fatbol turco.\u00a0<\/p>\n<p>    Lee tambi\u00e9n<\/p>\n<p data-gtm-element-container=\"modulo-texto-link\" class=\"paragraph\">La historia de <strong>Popov<\/strong>, un chaval que empez\u00f3 en la cantera del <strong>Dinamo de Kiev,<\/strong> ya tiene un inicio de pel\u00edcula. Cuando la invasi\u00f3n de Ucrania por parte del ej\u00e9rcito ruso, <strong>Bogdan <\/strong>estaba en Polonia y ya no volvi\u00f3 a su pa\u00eds natal. Ten\u00eda 14 a\u00f1os, dej\u00f3 su familia en <strong>Ucrania <\/strong>y, de acuerdo con su madre, se busc\u00f3 la vida en el exilio. Le acogi\u00f3, como refugiado, una familia de <strong>Massa Carrara<\/strong>, en la <strong>Toscana<\/strong>. Ah\u00ed empez\u00f3 a socializar, a jugar al f\u00fatbol y no tard\u00f3 en enrolarse en el <strong>Empoli<\/strong>. En el d\u00eda del debut, entr\u00f3 de refresco y anot\u00f3 dos goles. Un chico tocado por la varita<\/p>\n","protected":false},"excerpt":{"rendered":"Italia est\u00e1 de los nervios. En las calles, un primer tema de conversaci\u00f3n. Y de preocupaci\u00f3n. Que por&hellip;\n","protected":false},"author":2,"featured_media":246179,"comment_status":"","ping_status":"","sticky":false,"template":"","format":"standard","meta":{"footnotes":""},"categories":[268],"tags":[168,25,24,280,282,281,23,167],"class_list":{"0":"post-246178","1":"post","2":"type-post","3":"status-publish","4":"format-standard","5":"has-post-thumbnail","7":"category-futbol","8":"tag-deportes","9":"tag-es","10":"tag-espana","11":"tag-football","12":"tag-futbol","13":"tag-soccer","14":"tag-spain","15":"tag-sports"},"share_on_mastodon":{"url":"https:\/\/pubeurope.com\/@es\/115581675395906375","error":""},"_links":{"self":[{"href":"https:\/\/www.europesays.com\/es\/wp-json\/wp\/v2\/posts\/246178","targetHints":{"allow":["GET"]}}],"collection":[{"href":"https:\/\/www.europesays.com\/es\/wp-json\/wp\/v2\/posts"}],"about":[{"href":"https:\/\/www.europesays.com\/es\/wp-json\/wp\/v2\/types\/post"}],"author":[{"embeddable":true,"href":"https:\/\/www.europesays.com\/es\/wp-json\/wp\/v2\/users\/2"}],"replies":[{"embeddable":true,"href":"https:\/\/www.europesays.com\/es\/wp-json\/wp\/v2\/comments?post=246178"}],"version-history":[{"count":0,"href":"https:\/\/www.europesays.com\/es\/wp-json\/wp\/v2\/posts\/246178\/revisions"}],"wp:featuredmedia":[{"embeddable":true,"href":"https:\/\/www.europesays.com\/es\/wp-json\/wp\/v2\/media\/246179"}],"wp:attachment":[{"href":"https:\/\/www.europesays.com\/es\/wp-json\/wp\/v2\/media?parent=246178"}],"wp:term":[{"taxonomy":"category","embeddable":true,"href":"https:\/\/www.europesays.com\/es\/wp-json\/wp\/v2\/categories?post=246178"},{"taxonomy":"post_tag","embeddable":true,"href":"https:\/\/www.europesays.com\/es\/wp-json\/wp\/v2\/tags?post=246178"}],"curies":[{"name":"wp","href":"https:\/\/api.w.org\/{rel}","templated":true}]}}