{"id":246195,"date":"2025-11-20T11:09:09","date_gmt":"2025-11-20T11:09:09","guid":{"rendered":"https:\/\/www.europesays.com\/es\/246195\/"},"modified":"2025-11-20T11:09:09","modified_gmt":"2025-11-20T11:09:09","slug":"black-friday-2025-en-directo-los-mejores-descuentos-de-la-semana-en-amazon-ofertas-y-descuentos-escaparate","status":"publish","type":"post","link":"https:\/\/www.europesays.com\/es\/246195\/","title":{"rendered":"Black Friday 2025, en directo: Los mejores descuentos de la semana en Amazon | Ofertas y descuentos | Escaparate"},"content":{"rendered":"<p class=\"ev-title\">\u00a1As\u00ed arranca Black Friday en Amazon! <\/p>\n<p>\u00a1Buenos d\u00edas!<\/p>\n<p>Amazon se anticipa a Black Friday y rebaja gran parte de su cat\u00e1logo hasta el 1 de diciembre. Por esa raz\u00f3n, desde <a href=\"https:\/\/elpais.com\/escaparate\/\" rel=\"nofollow noopener\" target=\"_blank\">EL PA\u00cdS Escaparate<\/a> empezamos una cobertura especial para ayudarte a encontrar <strong>los mejores chollos durante estos d\u00edas.<\/strong><\/p>\n<p>No te pierdas precios incre\u00edbles en diferentes categor\u00edas de productos como <a href=\"https:\/\/elpais.com\/escaparate\/ofertas-y-descuentos\/2025-11-19\/mejores-ofertas-moda-black-friday-amazon-2025.html\" rel=\"nofollow noopener\" target=\"_blank\">moda<\/a>, <a href=\"https:\/\/elpais.com\/escaparate\/ofertas-y-descuentos\/2025-11-19\/black-friday-2025-ofertas-hogar-anticipados.html\" rel=\"nofollow noopener\" target=\"_blank\">hogar<\/a> o <a href=\"https:\/\/elpais.com\/escaparate\/ofertas-y-descuentos\/2025-11-19\/mejores-ofertas-tecnologia-black-friday-2025.html\" rel=\"nofollow noopener\" target=\"_blank\">tecnolog\u00eda<\/a>. Este ser\u00e1 el <strong>momento perfecto para hacer esas compras navide\u00f1as<\/strong> que tienes pendientes sin que tu bolsillo se resienta.<\/p>\n<p>Descubre <strong>minuto a minuto<\/strong> los descuentos m\u00e1s destacados del gigante del comercio electr\u00f3nico y ahorra como nunca antes en el a\u00f1o. \u00a1Empezamos!<\/p>\n","protected":false},"excerpt":{"rendered":"\u00a1As\u00ed arranca Black Friday en Amazon! \u00a1Buenos d\u00edas! Amazon se anticipa a Black Friday y rebaja gran parte&hellip;\n","protected":false},"author":2,"featured_media":246196,"comment_status":"","ping_status":"","sticky":false,"template":"","format":"standard","meta":{"footnotes":""},"categories":[80],"tags":[912,3451,58845,82,10332,1776,95,94,25,24,1023,8108,23,120],"class_list":{"0":"post-246195","1":"post","2":"type-post","3":"status-publish","4":"format-standard","5":"has-post-thumbnail","7":"category-economia","8":"tag-amazon","9":"tag-belleza","10":"tag-black-friday","11":"tag-business","12":"tag-casa-hogar","13":"tag-comercio-electronico","14":"tag-economia","15":"tag-economy","16":"tag-es","17":"tag-espana","18":"tag-moda","19":"tag-rebajas","20":"tag-spain","21":"tag-tecnologia"},"share_on_mastodon":{"url":"https:\/\/pubeurope.com\/@es\/115581718754314879","error":""},"_links":{"self":[{"href":"https:\/\/www.europesays.com\/es\/wp-json\/wp\/v2\/posts\/246195","targetHints":{"allow":["GET"]}}],"collection":[{"href":"https:\/\/www.europesays.com\/es\/wp-json\/wp\/v2\/posts"}],"about":[{"href":"https:\/\/www.europesays.com\/es\/wp-json\/wp\/v2\/types\/post"}],"author":[{"embeddable":true,"href":"https:\/\/www.europesays.com\/es\/wp-json\/wp\/v2\/users\/2"}],"replies":[{"embeddable":true,"href":"https:\/\/www.europesays.com\/es\/wp-json\/wp\/v2\/comments?post=246195"}],"version-history":[{"count":0,"href":"https:\/\/www.europesays.com\/es\/wp-json\/wp\/v2\/posts\/246195\/revisions"}],"wp:featuredmedia":[{"embeddable":true,"href":"https:\/\/www.europesays.com\/es\/wp-json\/wp\/v2\/media\/246196"}],"wp:attachment":[{"href":"https:\/\/www.europesays.com\/es\/wp-json\/wp\/v2\/media?parent=246195"}],"wp:term":[{"taxonomy":"category","embeddable":true,"href":"https:\/\/www.europesays.com\/es\/wp-json\/wp\/v2\/categories?post=246195"},{"taxonomy":"post_tag","embeddable":true,"href":"https:\/\/www.europesays.com\/es\/wp-json\/wp\/v2\/tags?post=246195"}],"curies":[{"name":"wp","href":"https:\/\/api.w.org\/{rel}","templated":true}]}}