{"id":246199,"date":"2025-11-20T11:11:06","date_gmt":"2025-11-20T11:11:06","guid":{"rendered":"https:\/\/www.europesays.com\/es\/246199\/"},"modified":"2025-11-20T11:11:06","modified_gmt":"2025-11-20T11:11:06","slug":"lo-que-mas-vidas-salva-es-saber-actuar-durante-una-emergencia","status":"publish","type":"post","link":"https:\/\/www.europesays.com\/es\/246199\/","title":{"rendered":"Lo que m\u00e1s vidas salva es saber actuar durante una emergencia"},"content":{"rendered":"<p>\u00bfPodr\u00eda sufrir Andaluc\u00eda un tsunami? Y en ese caso, \u00bfqu\u00e9 habr\u00eda que hacer, c\u00f3mo actuar para salvar nuestras vidas? Son las preguntas a las que intenta contestar el<strong> simulacro de alerta por tsunami programado este jueves en las localidades de la costa de C\u00e1diz<\/strong>, incluida la capital.\u00a0<\/p>\n<p>\u00abTodo lo que sea prevenir siempre est\u00e1 bien\u00bb, afirma <strong>Mercedes Feriche, responsable del\u00a0\u00c1rea de Prevenci\u00f3n del Instituto Andaluz de Geof\u00edsica y Prevenci\u00f3n de Desastres S\u00edsmicos de la Universidad de Granada<\/strong>, con la que hablamos en\u00a0<a href=\"https:\/\/www.canalsurmas.es\/videos\/category\/5557-despierta-andalucia\" rel=\"nofollow noopener\" target=\"_blank\">\u00abDespierta Andaluc\u00eda\u00bb<\/a>.<\/p>\n<p>\u00ab<strong>En Andaluc\u00eda claro que podemos sufrir un tsunami<\/strong>, de hecho el m\u00e1s destructor que se ha registrado desde que hay documentaci\u00f3n es el de 1755&#8243;, asegura la experta, que recuerda que el terremoto se produjo frente al Cabo de San Vicente y que la ola tard\u00f3 una hora en llegar a C\u00e1diz.\u00a0\u00a0<\/p>\n<p>Si se repitiera en la actualidad, esa ola, seg\u00fan estima, \u00abpodr\u00eda ser muy devastadora, porque las condiciones de habitabilidad o de edificaci\u00f3n que hay ahora en la costa no son las que hab\u00eda en el a\u00f1o 1755. <strong>Ahora la costa est\u00e1 superpoblada, con much\u00edsimas edificaciones, la densidad poblacional es tremenda, y podr\u00eda ser una aut\u00e9ntica cat\u00e1strofe<\/strong>\u00ab.<\/p>\n<p>Sin embargo,<strong> tambi\u00e9n contamos con m\u00e1s informaci\u00f3n y con m\u00e1s recursos<\/strong>, y pone como ejemplo los casos de Chile o de Jap\u00f3n, donde \u00abhay tsunamis cada 10-30 a\u00f1os, y ellos est\u00e1n perfectamente preparados\u00bb, destaca. Y aunque se produzcan da\u00f1os materiales, \u00ablos da\u00f1os personales est\u00e1n absolutamente minimizados, porque hay unos <strong>protocolos sobre qu\u00e9 hacer en caso de tsunami<\/strong>\u00ab.\u00a0<\/p>\n<p>\u00abSi uno siente un terremoto bastante fuerte que dure bastante, es que puede haber un tsunami\u00bb. Mercedes Feriche <strong>pone como ejemplo el caso del terremoto de\u00a0Chile del a\u00f1o 2010, cuando a pesar de que no se dio la alerta de tsunami la gente supo exactamente qu\u00e9 hacer<\/strong> y subi\u00f3 a lugares seguros. \u00abY aqu\u00ed deber\u00edamos estar igual de preparados\u00bb, subraya.<\/p>\n<p>Respecto al n\u00famero de terremotos que se producen en el territorio andaluz, la\u00a0responsable del\u00a0\u00c1rea de Prevenci\u00f3n del Instituto Andaluz de Geof\u00edsica y Prevenci\u00f3n de Desastres S\u00edsmicos explica que \u00abcada vez los detectamos mejor\u00bb. \u00abCada vez tenemos m\u00e1s estaciones s\u00edsmicas, de hecho tenemos ya casi un centenar por el territorio andaluz, aparte de las del Instituto Geol\u00f3gico Nacional, y claro, <strong>conforme ponemos m\u00e1s estaciones, detectamos m\u00e1s terremotos. No es que haya m\u00e1s sismicidad ahora, es la misma<\/strong>\u00ab, aclara.\u00a0<\/p>\n<p>\u00ab<strong>Se ha demostrado que lo que m\u00e1s vidas salva es el saber actuar despu\u00e9s de una emergencia y durante la emergencia<\/strong>. Hay mucha gente, por ejemplo, que durante los terremotos sale corriendo\u00bb, prosigue. \u00abLas personas que murieron en el terremoto de Lorca murieron todas en la calle, por ca\u00eddas de cerramientos, de ladrillos, o incluso saliendo de los edificios\u00bb, recuerda la experta.<\/p>\n<p>Por eso reitera las <strong>medidas b\u00e1sicas que debemos adoptar en caso de terremoto<\/strong>: si estamos en un interior, tirarnos al suelo o buscar una esquina sin muebles; y \u00absi estamos en la calle, alejarnos de las fachadas, para que si se desprende algo tampoco nos caiga en la cabeza\u00bb.\u00a0<\/p>\n","protected":false},"excerpt":{"rendered":"\u00bfPodr\u00eda sufrir Andaluc\u00eda un tsunami? Y en ese caso, \u00bfqu\u00e9 habr\u00eda que hacer, c\u00f3mo actuar para salvar nuestras&hellip;\n","protected":false},"author":2,"featured_media":246200,"comment_status":"","ping_status":"","sticky":false,"template":"","format":"standard","meta":{"footnotes":""},"categories":[8],"tags":[17,18,25,24,13,14,11,19,20,62852,9,10,15,16,23,12,21,22],"class_list":{"0":"post-246199","1":"post","2":"type-post","3":"status-publish","4":"format-standard","5":"has-post-thumbnail","7":"category-espana","8":"tag-breaking-news","9":"tag-breakingnews","10":"tag-es","11":"tag-espana","12":"tag-featured-news","13":"tag-featurednews","14":"tag-headlines","15":"tag-latest-news","16":"tag-latestnews","17":"tag-mercedes-feriche","18":"tag-news","19":"tag-noticias","20":"tag-noticias-destacadas","21":"tag-noticiasdestacadas","22":"tag-spain","23":"tag-titulares","24":"tag-ultimas-noticias","25":"tag-ultimasnoticias"},"share_on_mastodon":{"url":"https:\/\/pubeurope.com\/@es\/115581726452448321","error":""},"_links":{"self":[{"href":"https:\/\/www.europesays.com\/es\/wp-json\/wp\/v2\/posts\/246199","targetHints":{"allow":["GET"]}}],"collection":[{"href":"https:\/\/www.europesays.com\/es\/wp-json\/wp\/v2\/posts"}],"about":[{"href":"https:\/\/www.europesays.com\/es\/wp-json\/wp\/v2\/types\/post"}],"author":[{"embeddable":true,"href":"https:\/\/www.europesays.com\/es\/wp-json\/wp\/v2\/users\/2"}],"replies":[{"embeddable":true,"href":"https:\/\/www.europesays.com\/es\/wp-json\/wp\/v2\/comments?post=246199"}],"version-history":[{"count":0,"href":"https:\/\/www.europesays.com\/es\/wp-json\/wp\/v2\/posts\/246199\/revisions"}],"wp:featuredmedia":[{"embeddable":true,"href":"https:\/\/www.europesays.com\/es\/wp-json\/wp\/v2\/media\/246200"}],"wp:attachment":[{"href":"https:\/\/www.europesays.com\/es\/wp-json\/wp\/v2\/media?parent=246199"}],"wp:term":[{"taxonomy":"category","embeddable":true,"href":"https:\/\/www.europesays.com\/es\/wp-json\/wp\/v2\/categories?post=246199"},{"taxonomy":"post_tag","embeddable":true,"href":"https:\/\/www.europesays.com\/es\/wp-json\/wp\/v2\/tags?post=246199"}],"curies":[{"name":"wp","href":"https:\/\/api.w.org\/{rel}","templated":true}]}}