{"id":246209,"date":"2025-11-20T11:27:10","date_gmt":"2025-11-20T11:27:10","guid":{"rendered":"https:\/\/www.europesays.com\/es\/246209\/"},"modified":"2025-11-20T11:27:10","modified_gmt":"2025-11-20T11:27:10","slug":"el-actor-que-rechazo-ser-james-bond-y-aun-se-arrepiente-a-punto-de-cumplir-100-anos","status":"publish","type":"post","link":"https:\/\/www.europesays.com\/es\/246209\/","title":{"rendered":"El actor que rechaz\u00f3 ser James Bond y a\u00fan se arrepiente a punto de cumplir 100 a\u00f1os"},"content":{"rendered":"<p class=\"paragraph\">Hay historias de Hollywood que parecen tan improbables que uno piensa que alguien se las ha inventado, pero luego las cuenta el protagonista y resulta que son completamente reales. Y esta es una de ellas: <b><a href=\"https:\/\/www.eldebate.com\/cine-tv-series\/20230322\/dick-dyke-sufre-accidente-volante-coche-97-anos_102787.html\" title=\"El actor Dick Van Dyke sufre un accidente con su coche a los 97 a\u00f1os\" rel=\"nofollow noopener\" target=\"_blank\">Dick Van Dyke<\/a><\/b>, el adorable Bert de <b><a href=\"https:\/\/www.eldebate.com\/cine-tv-series\/20250809\/ideologia-woke-toma-hasta-mary-poppins-palabra-tachada-racista-causo-absurda-polemica_324425.html\" title=\"La ideolog\u00eda woke la toma hasta con Mary Poppins: la palabra tachada de racista que caus\u00f3 una absurda pol\u00e9mica\" rel=\"nofollow noopener\" target=\"_blank\">Mary Poppins<\/a><\/b>, el hombre que baila sobre tejados,<b> estuvo a punto de ser James Bond<\/b>. No es un rumor: lo ha contado \u00e9l mismo, con 99 a\u00f1os.<\/p>\n<p class=\"paragraph\">Van Dyke habl\u00f3 del tema en una entrevista con Today, en la que Al Roker, que no se corta ni con estrellas centenarias, le pregunt\u00f3 directamente si era cierto aquello de que casi se convert\u00eda en el <a href=\"https:\/\/www.eldebate.com\/espana\/castilla-la-mancha\/20251005\/cuando-mundo-no-suficiente-james-bond-tuvo-venir-cuenca_340292.html\" title=\"Cuando el mundo no fue suficiente\u2026 y James Bond tuvo que venir a Cuenca\" rel=\"nofollow noopener\" target=\"_blank\">agente 007<\/a>. Y \u00e9l, ri\u00e9ndose como quien confiesa una travesura, respondi\u00f3: \u00abCasi lo hice\u00bb. La historia empieza justo <b>despu\u00e9s de que <a href=\"https:\/\/www.eldebate.com\/cine-tv-series\/20250719\/magnifica-pelicula-007-sean-connery-hizo-fuera-saga-james-bond_316809.html\" title=\"La magn\u00edfica pel\u00edcula de 007 que Sean Connery hizo fuera de la saga de James Bond\" rel=\"nofollow noopener\" target=\"_blank\">Sean Connery<\/a> dejara el papel<\/b>, un momento cr\u00edtico para la saga. Fue entonces cuando el productor Albert &#8216;Cubby&#8217; Broccoli, el gran arquitecto del universo Bond, se le acerc\u00f3 y le solt\u00f3 la propuesta <b>m\u00e1s surrealista<\/b> que pudo escuchar en su carrera: \u00ab\u00bfTe gustar\u00eda ser Bond?\u00bb.<\/p>\n<p class=\"c-detail__media__subtitle composite_image\">\n<p>        Dick Van Dyke, en una imagen de 2024GTRES<\/p>\n<p class=\"paragraph\">La reacci\u00f3n de Van Dyke es historia: \u00ab<b>\u00bfHas o\u00eddo mi acento brit\u00e1nico?<\/b>\u00bb. Recordemos que en Mary Poppins hizo de cockney con uno de los acentos falsos m\u00e1s infames de la historia del cine, algo de lo que \u00e9l siempre se ha re\u00eddo.<\/p>\n<p class=\"paragraph\">Y, sin embargo, lo m\u00e1s sorprendente no es que se lo ofrecieran. Lo verdaderamente llamativo es que <b>lo rechaz\u00f3<\/b>. No por miedo, ni por inseguridad, ni siquiera por el acento, sino porque sinti\u00f3 que ser\u00eda un cambio demasiado brusco para un p\u00fablico que lo hab\u00eda adoptado como el \u00abhombre bueno\u00bb de Hollywood, el rostro amable de pel\u00edculas familiares, musicales luminosos y series entra\u00f1ables. Van Dyke explic\u00f3 que <b>el salto a un esp\u00eda sofisticado, fr\u00edo, seductor y letal podr\u00eda haber sido demasiado radical<\/b> para esa imagen que ya ten\u00eda tan marcada. \u00abEl p\u00fablico no lo habr\u00eda aceptado\u00bb, resumi\u00f3. Aunque reconoci\u00f3 con cierta nostalgia que \u00abhabr\u00eda sido una gran experiencia\u00bb.<\/p>\n<p class=\"paragraph\">Y aqu\u00ed conviene recordar qui\u00e9n es este hombre cuya sonrisa ha acompa\u00f1ado a varias generaciones. Nacido en 1925, <b>Dick Van Dyke<\/b> empez\u00f3 en radio y teatro antes de despegar con Bye Bye Birdie, el musical que le dio un premio Tony y que lo convirti\u00f3 en una estrella. Luego lleg\u00f3 The Dick Van Dyke Show, que marc\u00f3 una \u00e9poca y le dio varios Emmy.<\/p>\n<p class=\"paragraph\">En cine se inmortaliz\u00f3 con Mary Poppins, pero tambi\u00e9n dej\u00f3 huella en pel\u00edculas como Chitty Chitty Bang Bang. Tiene <b>m\u00e1s de 70 a\u00f1os <\/b>de trayectoria, un estilo propio entre la comedia f\u00edsica y la ternura, y una energ\u00eda que siempre ha sido su marca de f\u00e1brica. Por eso sorprende tanto imaginarlo con traje negro, martini en mano y licencia para matar.<\/p>\n<p class=\"paragraph\">A sus casi 100 a\u00f1os (los cumple el 13 de diciembre) sigue trabajando, sigue concediendo entrevistas y hasta est\u00e1 promocionando un <b>nuevo libro<\/b>: 100 reglas para vivir hasta los 100: Una gu\u00eda optimista para una vida feliz, publicado el 18 de noviembre. En Today confes\u00f3 que no tiene intenci\u00f3n de retirarse: \u00abNo quiero. <b>Es mi hobby<\/b>. Es mi vida. Me encanta. Y ahora mismo estoy buscando trabajo\u00bb.<\/p>\n<p class=\"paragraph\">En un ensayo reciente reflexion\u00f3 sobre envejecer, el cansancio, los viajes que ya no puede hacer y sobre c\u00f3mo sigue yendo al gimnasio tres veces por semana, \u00abporque si falto demasiados d\u00edas, me pongo r\u00edgido y que <b>Dios me ampare\u00bb.<\/b><\/p>\n","protected":false},"excerpt":{"rendered":"Hay historias de Hollywood que parecen tan improbables que uno piensa que alguien se las ha inventado, pero&hellip;\n","protected":false},"author":2,"featured_media":55054,"comment_status":"","ping_status":"","sticky":false,"template":"","format":"standard","meta":{"footnotes":""},"categories":[174],"tags":[255,146,147,25,24,256,23],"class_list":{"0":"post-246209","1":"post","2":"type-post","3":"status-publish","4":"format-standard","5":"has-post-thumbnail","7":"category-famosos","8":"tag-celebrities","9":"tag-entertainment","10":"tag-entretenimiento","11":"tag-es","12":"tag-espana","13":"tag-famosos","14":"tag-spain"},"share_on_mastodon":{"url":"https:\/\/pubeurope.com\/@es\/115581789676792473","error":""},"_links":{"self":[{"href":"https:\/\/www.europesays.com\/es\/wp-json\/wp\/v2\/posts\/246209","targetHints":{"allow":["GET"]}}],"collection":[{"href":"https:\/\/www.europesays.com\/es\/wp-json\/wp\/v2\/posts"}],"about":[{"href":"https:\/\/www.europesays.com\/es\/wp-json\/wp\/v2\/types\/post"}],"author":[{"embeddable":true,"href":"https:\/\/www.europesays.com\/es\/wp-json\/wp\/v2\/users\/2"}],"replies":[{"embeddable":true,"href":"https:\/\/www.europesays.com\/es\/wp-json\/wp\/v2\/comments?post=246209"}],"version-history":[{"count":0,"href":"https:\/\/www.europesays.com\/es\/wp-json\/wp\/v2\/posts\/246209\/revisions"}],"wp:featuredmedia":[{"embeddable":true,"href":"https:\/\/www.europesays.com\/es\/wp-json\/wp\/v2\/media\/55054"}],"wp:attachment":[{"href":"https:\/\/www.europesays.com\/es\/wp-json\/wp\/v2\/media?parent=246209"}],"wp:term":[{"taxonomy":"category","embeddable":true,"href":"https:\/\/www.europesays.com\/es\/wp-json\/wp\/v2\/categories?post=246209"},{"taxonomy":"post_tag","embeddable":true,"href":"https:\/\/www.europesays.com\/es\/wp-json\/wp\/v2\/tags?post=246209"}],"curies":[{"name":"wp","href":"https:\/\/api.w.org\/{rel}","templated":true}]}}