{"id":246210,"date":"2025-11-20T11:28:16","date_gmt":"2025-11-20T11:28:16","guid":{"rendered":"https:\/\/www.europesays.com\/es\/246210\/"},"modified":"2025-11-20T11:28:16","modified_gmt":"2025-11-20T11:28:16","slug":"en-viviendas-pequenas-los-tabiques-son-enemigos-del-aprovechamiento-porque-condicionan-la-distribucion-reducen-el-paso-de-luz-y-penalizan-la-sensacion-de-amplitud","status":"publish","type":"post","link":"https:\/\/www.europesays.com\/es\/246210\/","title":{"rendered":"\u201cEn viviendas peque\u00f1as, los tabiques son enemigos del aprovechamiento porque condicionan la distribuci\u00f3n, reducen el paso de luz y penalizan la sensaci\u00f3n de amplitud\u201d"},"content":{"rendered":"<p id=\"eo8d1iNDjt\" data-wc=\"53\">Hace a\u00f1os se impuso el<strong>\u00a0&#8216;open concept&#8217;,<\/strong> con la cocina en el centro, como una forma de <a class=\"hm-link ho-link\" href=\"https:\/\/www.hola.com\/decoracion\/20210908195691\/ideas-decoracion-distribuir-casa-lm\/\" data-mrf-recirculation=\"article-body-link\" rel=\"nofollow noopener\" target=\"_blank\">distribuir la casa<\/a> que se alejaba de las estancias compartimentadas y los pasillos infinitos. Una manera de<strong>\u00a0ganar luz<\/strong>, amplitud y <strong>comodidad<\/strong>, la de ver a los ni\u00f1os jugar en el sal\u00f3n, mientras preparas la cena.\u00a0<\/p>\n<p id=\"epSzc5s6tJ\" data-wc=\"47\">Sin embargo, y aunque la organizaci\u00f3n abierta sigue siendo una apuesta segura, ahora surge la necesidad de tener cierta intimidad. No se trata de volver a construir los tabiques que derribamos en su momento, sino de evolucionar. Y es ah\u00ed donde surge el<strong>\u00a0&#8216;broken plan&#8217;<\/strong> (&#8216;plano cortado&#8217;).\u00a0<\/p>\n<p id=\"eTB1eETXV4\" data-wc=\"41\">Para tratar este tema y otros m\u00e1s, hemos charlado con<strong>\u00a0Borja Esteras,<\/strong> arquitecto y CEO de Arquitalia y de Doimo Cucine \u2013 Cuoco Spazio. El experto nos explica c\u00f3mo debemos <strong>adaptar<\/strong> nuestras <strong>estancias<\/strong> a las nuevas <strong>formas de vida<\/strong> y necesidades.\u00a0<\/p>\n<p>  <img src=\"https:\/\/www.europesays.com\/es\/wp-content\/uploads\/2025\/11\/ed903fb32ba4-salon-comedor-arquitalia24.jpg\"   width=\"1920\" height=\"1080\" loading=\"lazy\" decoding=\"async\" alt=\"Espacio \u00fanico con sal\u00f3n comedor y cocina, separado del recibidor mediante una estanter\u00eda abierta y sin trasera\" fetchpriority=\"auto\" class=\"image ho-image\"\/>\u00a9 Octavian Craciun<\/p>\n<p> \u00bfLa distribuci\u00f3n abierta funciona siempre? \u00a0<\/p>\n<p id=\"epb-VTjsj4\">Los<a class=\"hm-link ho-link\" href=\"https:\/\/www.hola.com\/decoracion\/20220121202443\/distribucion-casa-con-espacios-abiertos-ventajas-desventajas-nu\/\" data-mrf-recirculation=\"article-body-link\" rel=\"nofollow noopener\" target=\"_blank\">\u00a0espacios abiertos<\/a> funcionan, y funcionan muy bien, pero no en todos los casos. La <strong>integraci\u00f3n total\u00a0<\/strong>aporta <strong>amplitud<\/strong>, <strong>luminosidad<\/strong> y <strong>fluidez<\/strong>, pero, a veces, exige <strong>renunciar<\/strong> a cierta <strong>intimidad<\/strong> o <strong>funcionalidad<\/strong>.<\/p>\n<p id=\"eJwHUN5p9L7\">Como en todo, el <strong>equilibrio<\/strong> entre est\u00e9tica y uso real debe ser el que gu\u00ede el dise\u00f1o. En la mayor\u00eda de los proyectos, la <strong>uni\u00f3n<\/strong> de <strong>cocina, comedor y sal\u00f3n<\/strong> en un \u00fanico ambiente (como en este proyecto de Arquitalia) resulta tremendamente <strong>eficiente<\/strong>, pero hay situaciones en las que <strong>conviene<\/strong> <strong>matizar<\/strong> y modular.<\/p>\n<p>  <img src=\"https:\/\/www.europesays.com\/es\/wp-content\/uploads\/2025\/11\/e7448236b615-velux-554s04v01jj20137tccu.jpg\"   width=\"1920\" height=\"1080\" loading=\"lazy\" decoding=\"async\" alt=\"Piso peque\u00f1o con mesa de comedor, cama, ventanas de techo Velux, sillas de colores, vitrina de madera\" fetchpriority=\"auto\" class=\"image ho-image\"\/>\u00a9 Velux<\/p>\n<p> \u00bfEl &#8216;open concept&#8217; sigue siendo la mejor opci\u00f3n en casas peque\u00f1as?<\/p>\n<p id=\"eftsTHZGCA\">S\u00ed, sin duda. En viviendas con <a class=\"hm-link ho-link\" href=\"https:\/\/www.hola.com\/decoracion\/20250804843054\/piso-pequeno-con-encanto-y-poco-presupuesto-am\/\" data-mrf-recirculation=\"article-body-link\" rel=\"nofollow noopener\" target=\"_blank\">pocos metros cuadrados<\/a>, los <strong>tabiques<\/strong> son <strong>enemigos<\/strong> directos del aprovechamiento: condicionan la distribuci\u00f3n, reducen el paso de luz y penalizan la sensaci\u00f3n de amplitud.<\/p>\n<p id=\"ewbHKduNrJg\">Un ejemplo muy claro es la t\u00edpica cocina de 2 X 2 metros. Al retirar un tabique e <strong>integrarla<\/strong> con el <strong>sal\u00f3n<\/strong>, se abre la posibilidad de <strong>incorporar<\/strong> una <strong>barra<\/strong>, una <strong>mesa alta<\/strong> o una <strong>pen\u00ednsula<\/strong> que, adem\u00e1s de aportar <strong>funcionalidad<\/strong>, <strong>aumenta<\/strong> la <strong>percepci\u00f3n<\/strong> de <strong>espacio<\/strong> y nos permite generar entornos en los que disfrutar con la familia o en sociedad.\u00a0<\/p>\n<p id=\"etOIpryYVGWH\">En la imagen, un piso peque\u00f1o con ventanas de techo de Velux.\u00a0<\/p>\n<p>  <img src=\"https:\/\/www.europesays.com\/es\/wp-content\/uploads\/2025\/11\/2693ce79a3e4-salon-bruguer-ambiancecreations2018beforelivingroom34.jpg\"   width=\"1920\" height=\"1080\" loading=\"lazy\" decoding=\"async\" alt=\"Sal\u00f3n con puerta corredera abierta de color blanco, suelo de madera de lamas anchas, paredes blancas, moldura en el techo, sof\u00e1 gris, alfombra de pelo\" fetchpriority=\"auto\" class=\"image ho-image\"\/>\u00a9 Bruguer<\/p>\n<p> \u00bfCrees que las tendencias anuncian una vuelta a los espacios compartimentados?<\/p>\n<p id=\"eVu5_mJTss\">No. Lo que hacemos es compartimentar sin cerrar, crear versatilidad. Hoy conseguimos i<strong>ntimidad puntual<\/strong>, sin renunciar a la <strong>continuidad visual<\/strong>, mediante <strong>elementos<\/strong> como puertas de cerrajer\u00eda con vidrio,<strong>\u00a0paneles m\u00f3viles<\/strong> o<strong>\u00a0cristaleras correderas\u00a0<\/strong>con vidrios trasl\u00facidos o texturizados.\u00a0<\/p>\n<p id=\"eeeLfYGgNe7\">En la mayor parte de los proyectos dise\u00f1amos la<strong>\u00a0<\/strong><a class=\"hm-link ho-link\" href=\"https:\/\/www.hola.com\/decoracion\/20240912717668\/cocinas-abiertas-al-salon\/\" data-mrf-recirculation=\"article-body-link\" rel=\"nofollow noopener\" target=\"_blank\">cocina abierta al sal\u00f3n<\/a>, pero con una estructura de cerrajer\u00eda de dise\u00f1o que permite independizar en momentos puntuales, ruidos, cocci\u00f3n, reuniones, sin perder la comunicaci\u00f3n visual ni la luz. Adem\u00e1s de funcionalidad, nos permite dotar a las viviendas de una <strong>personalidad<\/strong> \u00fanica, ya que son <strong>cerramientos<\/strong> que se pueden <strong>dise\u00f1ar<\/strong> <strong>ad hoc<\/strong>.<\/p>\n<p>  <img src=\"https:\/\/www.europesays.com\/es\/wp-content\/uploads\/2025\/11\/0c260f4e6549-westwingaparador-calary.jpg\"   width=\"1080\" height=\"1800\" loading=\"lazy\" decoding=\"async\" alt=\"Sal\u00f3n comedor con aparador con estanter\u00eda, suelo de madera oscuro, sof\u00e1 beige, coj\u00edn, mesa de comedor ovalada de madera, sillas de comedor tapizadas\" fetchpriority=\"auto\" class=\"image ho-image\"\/>\u00a9 Westwing<\/p>\n<p> \u00bfPuede esta evoluci\u00f3n marcar el regreso del comedor independiente?<\/p>\n<p id=\"erD0GIgna9\">El <a class=\"hm-link ho-link\" href=\"https:\/\/www.hola.com\/decoracion\/20200717171811\/errores-frecuentes-montar-comedor-lm\/\" data-mrf-recirculation=\"article-body-link\" rel=\"nofollow noopener\" target=\"_blank\">comedor<\/a> nunca desapareci\u00f3 como tal, pero s\u00ed ha <strong>cambiado<\/strong> su <strong>naturaleza<\/strong>. En la mayor\u00eda de las viviendas actuales, se <strong>integra<\/strong> entre el <strong>sal\u00f3n<\/strong> y la <strong>cocina<\/strong>, funcionando como <strong>nexo<\/strong> flexible entre <strong>ambos<\/strong>. Solo en<strong>\u00a0viviendas de gran tama\u00f1o<\/strong> tiene sentido sectorizarlo como una <strong>estancia independiente<\/strong>, ya que ayuda a <strong>equilibrar<\/strong> espacios muy amplios que, de otro modo, podr\u00edan quedar desangelados.<\/p>\n<p id=\"e4d0CRIWgafQ\">Sal\u00f3n comedor con aparador Calgary de Westwing.\u00a0<\/p>\n<p>  <img src=\"https:\/\/www.europesays.com\/es\/wp-content\/uploads\/2025\/11\/d256c281864e-cocina-arquitalia18.jpg\"   width=\"1920\" height=\"1080\" loading=\"lazy\" decoding=\"async\" alt=\"Cocina con comedor metida en una urna de cristal con perfiles negros y suelo de madera\" fetchpriority=\"auto\" class=\"image ho-image\"\/>\u00a9 Octavian Craciun<\/p>\n<p> La cocina es el mejor ejemplo de &#8216;open concept&#8217;, \u00bfc\u00f3mo podemos buscar el equilibrio?<\/p>\n<p id=\"ecD4Akp3k5m\">La cocina es la estancia que mejor ilustra la b\u00fasqueda de equilibrio entre independencia y relaci\u00f3n con el resto de la casa. Para que funcione <strong>abierta<\/strong>, podemos o bien <strong>emplear estructuras ligeras<\/strong> de cerrajer\u00eda con vidrio (transparentes o trasl\u00facidas) o bien con<strong>\u00a0espejos<\/strong> o <strong>cristales texturizados<\/strong>,<strong>\u00a0<\/strong>para aumentar amplitud. Estas soluciones permiten<strong>\u00a0abrir y cerra<\/strong>r cuando sea necesario,<strong>\u00a0sin perder<\/strong> <strong>continuidad<\/strong> <strong>espacial<\/strong>.<\/p>\n<p>  <img src=\"https:\/\/www.europesays.com\/es\/wp-content\/uploads\/2025\/11\/d133e0a475ed-arquitalia3.jpg\"   width=\"1920\" height=\"1080\" loading=\"lazy\" decoding=\"async\" alt=\"Cocina con comedor independizada con tabiques de cristal con los perfiles negros, l\u00e1mparas de techo, mesa de comedor, sillas de comedor tapizadas\" fetchpriority=\"auto\" class=\"image ho-image\"\/>\u00a9 Octavian Craciun<\/p>\n<p> \u00bfEn qu\u00e9 consiste el \u2018plano cortado\u2019?<\/p>\n<p id=\"eiwX66VOUr\">El &#8216;broken plan&#8217; no elimina el concepto de espacio abierto; lo refina. Se trata de <a class=\"hm-link ho-link\" href=\"https:\/\/www.hola.com\/decoracion\/20200806173229\/ideas-decoracion-separar-espacios-sin-tabiques-lm\/\" data-mrf-recirculation=\"article-body-link\" rel=\"nofollow noopener\" target=\"_blank\">diferenciar zonas<\/a> dentro de una misma estancia <strong>sin<\/strong> levantar <strong>tabiques tradicionales<\/strong>. Ofrece <strong>privacidad<\/strong> donde hace falta, pero <strong>mantiene<\/strong> <strong>luz<\/strong>, <strong>flujo<\/strong> y <strong>amplitud,<\/strong> como ocurre en esta propuesta de Arquitalia.<\/p>\n<p id=\"eArf59i9xdD\">En una <strong>cocina abierta al sal\u00f3n<\/strong>, por ejemplo, podemos introducir <strong>cambios sutiles<\/strong> de nivel, <strong>celos\u00edas<\/strong> de cer\u00e1micas, variaciones de material, <strong>mobiliario<\/strong> que articula (sin impedir paso ni luz), <strong>puertas correderas<\/strong> ocultas, <strong>estanter\u00edas abiertas<\/strong> sin trasera o estructuras de lamas, que incluso nos pueden servir para colocar un peque\u00f1o banco.\u00a0<\/p>\n<p id=\"eYREkvfBgi\">Cada hogar requiere un <strong>grado<\/strong> distinto de <strong>apertura<\/strong> o <strong>separaci\u00f3n<\/strong>: el &#8216;broken plan&#8217; permite <strong>adaptar<\/strong> ese equilibrio a cada <strong>estilo de vida<\/strong>.<\/p>\n<p>  <img src=\"https:\/\/www.europesays.com\/es\/wp-content\/uploads\/2025\/11\/b415dea29c98-la-redoute-80477bc29280258c2b1e96932092431c.jpg\"   width=\"1080\" height=\"1800\" loading=\"lazy\" decoding=\"async\" alt=\"Sal\u00f3n dividido en dos ambientes mediante una estanter\u00eda abierta, sin trasera, paredes de color verde, butaca verde, sof\u00e1 verde, cortinas color mostaza, alfombras\" fetchpriority=\"auto\" class=\"image ho-image\"\/>\u00a9 La Redoute Interieurs<\/p>\n<p> \u00bfQu\u00e9 soluciones son una alternativa funcional y est\u00e9tica a los tabiques?<\/p>\n<p id=\"euyYCjztrjl\">Los <strong>elementos<\/strong> <strong>ligeros<\/strong> y <strong>vers\u00e1tiles<\/strong>. Desde puertas de cerrajer\u00eda o madera con vidrio hasta <strong>estanter\u00edas abiertas<\/strong>, <a class=\"hm-link ho-link\" href=\"https:\/\/www.hola.com\/decoracion\/20240223249819\/ideas-separar-espacios-sin-tabiques-ms\/\" data-mrf-recirculation=\"article-body-link\" rel=\"nofollow noopener\" target=\"_blank\">paneles m\u00f3viles<\/a>, <strong>lamas verticales\u00a0<\/strong>con dise\u00f1o a medida o mobiliario que permiten <strong>sectorizar<\/strong> con <strong>personalidad<\/strong>, <strong>coherencia<\/strong> est\u00e9tica y <strong>funcionalidad<\/strong> real.\u00a0<\/p>\n<p id=\"eQ71C2jVR_D\">Estas soluciones permiten &#8216;cerrar&#8217; la cocina por completo, por ejemplo, sin renunciar a la amplitud ni al paso de luz, a la vez que le damos ese toque personal. En cambio, los biombos\u00a0no suelen ser la mejor opci\u00f3n:<strong>\u00a0restan estabilidad visual<\/strong> y aportan poco a nivel t\u00e9cnico.\u00a0<\/p>\n<p id=\"e-QDflYMUm4\">En la imagen, una propuesta de La Redoute Interieurs.\u00a0<\/p>\n<p>  <img src=\"https:\/\/www.europesays.com\/es\/wp-content\/uploads\/2025\/11\/ac34d52cf988-casa-decor-2025-cocina-doimo-cucine-equipo-doimo-1.jpg\"   width=\"1920\" height=\"1080\" loading=\"lazy\" decoding=\"async\" alt=\"Cocina de Casa Decor 2025 de Doimo Cucine con isla central, armarios, estanter\u00edas, l\u00e1mpara de techo, cortinas blancas\" fetchpriority=\"auto\" class=\"image ho-image\"\/>\u00a9 Lupe Clemente<\/p>\n<p> \u00bfC\u00f3mo debemos distribuir los muebles para segmentar el espacio, sin perder amplitud o luz?<\/p>\n<p id=\"eZuDMsKi75\">En la <strong>cocina<\/strong>, debemos <strong>respetar<\/strong> el<a class=\"hm-link ho-link\" href=\"https:\/\/www.hola.com\/decoracion\/20250128810061\/cocina-comoda-y-funcional-distribucion-triangulo-de-trabajo-lm\/\" data-mrf-recirculation=\"article-body-link\" rel=\"nofollow noopener\" target=\"_blank\">\u00a0tri\u00e1ngulo de ergonom\u00eda<\/a>, para asegurar funcionalidad. Mientras que, en el <strong>sal\u00f3n comedor<\/strong>, la clave est\u00e1 en que cada <strong>pieza<\/strong> tenga un <strong>rol<\/strong> <strong>espacial<\/strong>. \u00a0Una pen\u00ednsula que prolonga la isla y funciona a la vez como mesa, un sof\u00e1 que marca el inicio de la zona de estar, alfombras que delimitan ambientes, una estanter\u00eda con elementos abiertos que diferencia el comedor sin cerrarlo\u2026\u00a0<\/p>\n<p id=\"eSFU3R416mp\">Segmentar no siempre implica separar: se trata de <strong>organizar<\/strong> las piezas de <strong>manera estrat\u00e9gica<\/strong>. En la imagen, espacio de Doimo Cucine en Casa Decor 2025.\u00a0<\/p>\n<p>  <img src=\"https:\/\/www.europesays.com\/es\/wp-content\/uploads\/2025\/11\/fc5ac308968a-entrada-arquitalia5.jpg\"   width=\"1080\" height=\"1800\" loading=\"lazy\" decoding=\"async\" alt=\"Recibidor abierto al sal\u00f3n con una estructura de lamas de madera verticales con banco incorporado, consola, suelo de madera\" fetchpriority=\"auto\" class=\"image ho-image\"\/>\u00a9 Octavian Craciun<\/p>\n<p> \u00bfEs el \u2018broken plan\u2019 es una tendencia con fecha de caducidad?<\/p>\n<p id=\"eGxoE0isIPN\">Durante a\u00f1os, el open concept ha sido el rey indiscutible del dise\u00f1o residencial. Sin embargo, la evoluci\u00f3n natural de esta tendencia nos lleva hacia un enfoque m\u00e1s matizado: el &#8216;broken plan&#8217;, una forma de definir sin dividir, de articular sin encerrar, de sectorizar sin perder continuidad visual.\u00a0<\/p>\n<p id=\"eSSV2frW5y\">Por lo tanto, no es una moda pasajera, es la <strong>evoluci\u00f3n<\/strong> <strong>natural<\/strong> del <strong>espacio abierto<\/strong>. Responde a<strong>\u00a0c\u00f3mo vivimos<\/strong> hoy, permitiendo hogares m\u00e1s flexibles, m\u00e1s vers\u00e1tiles y m\u00e1s conectados, pero tambi\u00e9n m\u00e1s <strong>\u00edntimos<\/strong>, cuando hace falta. <strong>Definir sin dividir<\/strong>: ese es el verdadero <strong>lujo<\/strong> del dise\u00f1o contempor\u00e1neo.\u00a0<\/p>\n<p id=\"e_ugrDVZr2l\">La imagen pertenece a un proyecto de Arquitalia.\u00a0<\/p>\n","protected":false},"excerpt":{"rendered":"Hace a\u00f1os se impuso el\u00a0&#8216;open concept&#8217;, con la cocina en el centro, como una forma de distribuir la&hellip;\n","protected":false},"author":2,"featured_media":246211,"comment_status":"","ping_status":"","sticky":false,"template":"","format":"standard","meta":{"footnotes":""},"categories":[173],"tags":[229,233,231,230,8372,14046,232,234,146,147,25,24,14047,23],"class_list":{"0":"post-246210","1":"post","2":"type-post","3":"status-publish","4":"format-standard","5":"has-post-thumbnail","7":"category-arte-y-diseno","8":"tag-arte","9":"tag-arte-y-diseno","10":"tag-arts","11":"tag-arts-and-design","12":"tag-decoracion","13":"tag-decoracion-de-interiores","14":"tag-design","15":"tag-diseno","16":"tag-entertainment","17":"tag-entretenimiento","18":"tag-es","19":"tag-espana","20":"tag-ideas-decoracion","21":"tag-spain"},"share_on_mastodon":{"url":"https:\/\/pubeurope.com\/@es\/115581794111967101","error":""},"_links":{"self":[{"href":"https:\/\/www.europesays.com\/es\/wp-json\/wp\/v2\/posts\/246210","targetHints":{"allow":["GET"]}}],"collection":[{"href":"https:\/\/www.europesays.com\/es\/wp-json\/wp\/v2\/posts"}],"about":[{"href":"https:\/\/www.europesays.com\/es\/wp-json\/wp\/v2\/types\/post"}],"author":[{"embeddable":true,"href":"https:\/\/www.europesays.com\/es\/wp-json\/wp\/v2\/users\/2"}],"replies":[{"embeddable":true,"href":"https:\/\/www.europesays.com\/es\/wp-json\/wp\/v2\/comments?post=246210"}],"version-history":[{"count":0,"href":"https:\/\/www.europesays.com\/es\/wp-json\/wp\/v2\/posts\/246210\/revisions"}],"wp:featuredmedia":[{"embeddable":true,"href":"https:\/\/www.europesays.com\/es\/wp-json\/wp\/v2\/media\/246211"}],"wp:attachment":[{"href":"https:\/\/www.europesays.com\/es\/wp-json\/wp\/v2\/media?parent=246210"}],"wp:term":[{"taxonomy":"category","embeddable":true,"href":"https:\/\/www.europesays.com\/es\/wp-json\/wp\/v2\/categories?post=246210"},{"taxonomy":"post_tag","embeddable":true,"href":"https:\/\/www.europesays.com\/es\/wp-json\/wp\/v2\/tags?post=246210"}],"curies":[{"name":"wp","href":"https:\/\/api.w.org\/{rel}","templated":true}]}}