{"id":246214,"date":"2025-11-20T11:32:11","date_gmt":"2025-11-20T11:32:11","guid":{"rendered":"https:\/\/www.europesays.com\/es\/246214\/"},"modified":"2025-11-20T11:32:11","modified_gmt":"2025-11-20T11:32:11","slug":"quedan-10-dias-para-ver-en-netflix-por-ultima-vez-la-grandiosa-secuela-de-esta-saga-literaria-ganadora-de-2-oscar","status":"publish","type":"post","link":"https:\/\/www.europesays.com\/es\/246214\/","title":{"rendered":"Quedan 10 d\u00edas para ver en Netflix por \u00faltima vez la grandiosa secuela de esta saga literaria, ganadora de 2 Oscar"},"content":{"rendered":"\n<ul class=\"bodyList bodyList--unordered\">\n<li class=\"bodyList__item\"><strong><a href=\"https:\/\/www.elconfidencial.com\/cultura\/cine\/2025-10-22\/pelicula-ciencia-ficcion-hbomax-superheroe-marvel-1qrt_4232953\/\" target=\"_self\" rel=\"nofollow noopener\">La pel\u00edcula de ciencia ficci\u00f3n m\u00e1s vista en HBO Max: uno de los superh\u00e9roes m\u00e1s desconocidos de Marvel<\/a><\/strong><\/li>\n<li class=\"bodyList__item\"><strong><a href=\"https:\/\/www.elconfidencial.com\/cultura\/cine\/2025-11-19\/netflix-thriller-belico-michael-bay-11s-libia-1qrt_4250280\/\" target=\"_self\" rel=\"nofollow noopener\">Fue nominado al Oscar y acaba de llegar a Netflix: el thriller de Michael Bay, basado en hechos reales, que no puedes perderte<\/a><\/strong><\/li>\n<\/ul>\n<p> Quedan solo diez d\u00edas para que los suscriptores de <a href=\"https:\/\/www.elconfidencial.com\/tags\/temas\/peliculas-de-netflix-19496\/\" target=\"_self\" rel=\"nofollow noopener\">Netflix<\/a> puedan volver a disfrutar por \u00faltima vez de<strong> una de las secuelas m\u00e1s aclamadas<\/strong> del cine reciente, una producci\u00f3n que arras\u00f3 en taquilla, conquist\u00f3 al p\u00fablico del g\u00e9nero de ciencia ficci\u00f3n y se llev\u00f3 dos premios Oscar. <\/p>\n<p> Se trata de Dune: Parte dos, la segunda entrega de la saga cinematogr\u00e1fica dirigida por <a href=\"https:\/\/www.elconfidencial.com\/cultura\/2021-09-03\/dune-denis-villeneuve-critica_3269702\/\" target=\"_self\" rel=\"nofollow noopener\">Denis Villeneuve<\/a>, y basada en la novela de Frank Herbert. La pel\u00edcula<strong> contin\u00faa el viaje de Paul Atreides<\/strong> (<a href=\"https:\/\/www.elconfidencial.com\/cultura\/cine\/2025-08-19\/western-prime-video-timothee-chalamet-1qrt_4166245\/\" target=\"_self\" rel=\"nofollow noopener\">Timoth\u00e9e Chalamet<\/a>) junto al pueblo Fremen, y se consolid\u00f3 como un \u00e9xito internacional que no solo super\u00f3 la recaudaci\u00f3n de su predecesora, sino que tambi\u00e9n obtuvo el reconocimiento de la cr\u00edtica especializada. <\/p>\n<p>              <img decoding=\"async\" class=\"inTextNews__img\" alt=\"Foto: prisioneros-thriller-psicologico-hbo-max-hugh-jackman-jake-gyllenhaal\" src=\"https:\/\/www.europesays.com\/es\/wp-content\/uploads\/2025\/11\/f.elconfidencial.com\/original\/ff6\/5a2\/091\/ff65a20912e78d74ca934f75aefaf34b.jpg\"  \/>     <\/p>\n<p>TE PUEDE INTERESAR<\/p>\n<p>      <a class=\"inTextNews__title\" href=\"https:\/\/www.elconfidencial.com\/cultura\/cine\/2024-04-14\/prisioneros-thriller-psicologico-hbo-max-hugh-jackman-jake-gyllenhaal_3864456\/\" onclick=\"window.ECCO.emit(&#039;amplitude&#039;, { dataEventName: &#039;click_related_article_module&#039;, data: { related_article_url: &#039;https:\/\/www.elconfidencial.com\/cultura\/cine\/2024-04-14\/prisioneros-thriller-psicologico-hbo-max-hugh-jackman-jake-gyllenhaal_3864456\/&#039;, related_article_author: &#039;Marina Velasco&#039;, related_article_section: &#039;cine&#039; } })\" rel=\"nofollow noopener\" target=\"_blank\"> El &#8216;thriller&#8217; psicol\u00f3gico de HBO Max que todo el mundo querr\u00e1 ver: tiene uno de los guiones m\u00e1s celebrados del director de &#8216;Dune&#8217; <\/a>   <\/p>\n<p>    Marina Velasco   <\/p>\n<p> El largometraje gan\u00f3 dos Oscar a Mejor sonido y Mejores efectos visuales, reforzando la ambici\u00f3n t\u00e9cnica con la que el cineasta canadiense ha abordado este universo desde 2021. A lo largo de su recorrido, la cinta destac\u00f3 por su reparto coral, con Zendaya, Rebecca Ferguson, Javier Bardem, <a href=\"https:\/\/www.elconfidencial.com\/cultura\/cine\/premios-oscar\/2023-03-12\/quien-es-austin-butler-elvis-oscar-mejor-actor_3590343\/\" target=\"_self\" rel=\"nofollow noopener\">Austin Butler<\/a>, Josh Brolin, Dave Bautista, Christopher Walken, L\u00e9a Seydoux o Florence Pugh, entre otros, as\u00ed como por una puesta en escena que llev\u00f3 al l\u00edmite<strong> la est\u00e9tica del desierto de Arrakis<\/strong>, poblado de enormes gusanos. <\/p>\n<p> Adem\u00e1s, la pel\u00edcula ampl\u00eda los elementos de intriga pol\u00edtica y el conflicto entre Casas, mientras introduce figuras cruciales como Feyd-Rautha, en un episodio diferencial,<strong> tratado en blanco y negro<\/strong>. Todo ello contribuy\u00f3 a que Dune: Parte dos fuera considerada uno de los grandes hitos cinematogr\u00e1ficos de 2024 y alcanzara una recaudaci\u00f3n mundial superior a los 715 millones de d\u00f3lares. <\/p>\n<p>            Cuenta atr\u00e1s para Dune: Parte tres           <\/p>\n<p> El fin de la permanencia en Netflix de lapel\u00edcula coincide con las noticias sobre el avance de <strong>Dune: Parte tres<\/strong>, la \u00faltima que dirigir\u00e1 Villeneuve, cuyo rodaje seg\u00fan revel\u00f3 Chalamet al medio <a href=\"https:\/\/collider.com\/dune-part-three-filming-wrap-confirmed-timothee-chalamet\/\" target=\"_blank\" rel=\"nofollow noopener\">Collider<\/a>, ha progresado m\u00e1s r\u00e1pido que las dos anteriores pel\u00edculas. Esta tercera parte adaptar\u00e1 El mes\u00edas de Dune y su estreno est\u00e1 previsto para diciembre de 2026. <\/p>\n<p>Tr\u00e1iler de &#8216;Dune: Parte dos&#8217;. (Warner Bros.)<\/p>\n<p> Con el futuro de la saga en marcha y el \u00e9xito consolidado, la retirada de Dune: Parte dos del cat\u00e1logo de Netflix implica una \u00faltima oportunidad para revisitarla, antes de que abandone la plataforma <strong>una de las franquicias m\u00e1s influyentes<\/strong> del cine de <a href=\"https:\/\/www.elconfidencial.com\/tags\/otros\/ciencia-ficcion-13693\/\" target=\"_self\" rel=\"nofollow noopener\">ciencia ficci\u00f3n<\/a> contempor\u00e1neo. El servicio de pago retirar\u00e1 el t\u00edtulo el pr\u00f3ximo 30 de noviembre. <\/p>\n","protected":false},"excerpt":{"rendered":"La pel\u00edcula de ciencia ficci\u00f3n m\u00e1s vista en HBO Max: uno de los superh\u00e9roes m\u00e1s desconocidos de Marvel&hellip;\n","protected":false},"author":2,"featured_media":246215,"comment_status":"","ping_status":"","sticky":false,"template":"","format":"standard","meta":{"footnotes":""},"categories":[169],"tags":[177,146,147,25,24,176,175,23],"class_list":{"0":"post-246214","1":"post","2":"type-post","3":"status-publish","4":"format-standard","5":"has-post-thumbnail","7":"category-cine","8":"tag-cine","9":"tag-entertainment","10":"tag-entretenimiento","11":"tag-es","12":"tag-espana","13":"tag-film","14":"tag-movies","15":"tag-spain"},"share_on_mastodon":{"url":"https:\/\/pubeurope.com\/@es\/115581809435680720","error":""},"_links":{"self":[{"href":"https:\/\/www.europesays.com\/es\/wp-json\/wp\/v2\/posts\/246214","targetHints":{"allow":["GET"]}}],"collection":[{"href":"https:\/\/www.europesays.com\/es\/wp-json\/wp\/v2\/posts"}],"about":[{"href":"https:\/\/www.europesays.com\/es\/wp-json\/wp\/v2\/types\/post"}],"author":[{"embeddable":true,"href":"https:\/\/www.europesays.com\/es\/wp-json\/wp\/v2\/users\/2"}],"replies":[{"embeddable":true,"href":"https:\/\/www.europesays.com\/es\/wp-json\/wp\/v2\/comments?post=246214"}],"version-history":[{"count":0,"href":"https:\/\/www.europesays.com\/es\/wp-json\/wp\/v2\/posts\/246214\/revisions"}],"wp:featuredmedia":[{"embeddable":true,"href":"https:\/\/www.europesays.com\/es\/wp-json\/wp\/v2\/media\/246215"}],"wp:attachment":[{"href":"https:\/\/www.europesays.com\/es\/wp-json\/wp\/v2\/media?parent=246214"}],"wp:term":[{"taxonomy":"category","embeddable":true,"href":"https:\/\/www.europesays.com\/es\/wp-json\/wp\/v2\/categories?post=246214"},{"taxonomy":"post_tag","embeddable":true,"href":"https:\/\/www.europesays.com\/es\/wp-json\/wp\/v2\/tags?post=246214"}],"curies":[{"name":"wp","href":"https:\/\/api.w.org\/{rel}","templated":true}]}}