{"id":246218,"date":"2025-11-20T11:34:08","date_gmt":"2025-11-20T11:34:08","guid":{"rendered":"https:\/\/www.europesays.com\/es\/246218\/"},"modified":"2025-11-20T11:34:08","modified_gmt":"2025-11-20T11:34:08","slug":"oncologos-alertan-del-aumento-de-la-incidencia-de-cancer-de-pancreas-en-espana-con-10-338-casos-nuevos-en-2025","status":"publish","type":"post","link":"https:\/\/www.europesays.com\/es\/246218\/","title":{"rendered":"Onc\u00f3logos alertan del aumento de la incidencia de c\u00e1ncer de p\u00e1ncreas en Espa\u00f1a con 10.338 casos nuevos en 2025"},"content":{"rendered":"<p>    MADRID 20 Nov. (EUROPA PRESS) &#8211; <\/p>\n<p>   La Sociedad Espa\u00f1ola de Oncolog\u00eda M\u00e9dica (SEOM) y la Red Espa\u00f1ola de Registros de C\u00e1ncer (Redecan) han alertado del incremento la incidencia de c\u00e1ncer de p\u00e1ncreas tanto en hombres como en mujeres en Espa\u00f1a, con una 10.338 casos nuevos en 2025; en concreto, ha pasado de 16,0 a 21,7 casos en hombres y de 10,8 a 16,4 en mujeres, lo que supone una subida anual del 1,5% y del 2,0% respectivamente.<\/p>\n<p>   As\u00ed, se estima que 5.055 mujeres y 5.283 hombres ser\u00e1n diagnosticados de esta patolog\u00eda, lo que sit\u00faa al c\u00e1ncer de p\u00e1ncreas como el 5.\u00ba c\u00e1ncer m\u00e1s frecuente en el primer caso y el 8.\u00ba, en el segundo. Por edades, se estima que el grupo con mayor incidencia es el de 50 a 69 a\u00f1os con un 37,7%, seguido del de 80 a\u00f1os o m\u00e1s con un 29,6%, casi empatado con el de 70 a 79 a\u00f1os con un 29,5%. Por \u00faltimo, se sit\u00faa el de 0 a 49 a\u00f1os con un 3,2%.<\/p>\n<p>   Respecto a la mortalidad cabe destacar que en 2022 se contabilizaron 7.973 defunciones (16 por cada 100.000 personas\/a\u00f1o), 4.006 en hombres y 3.976 en mujeres. Estas cifras sit\u00faan al c\u00e1ncer de p\u00e1ncreas en el 4.\u00ba lugar como el c\u00e1ncer m\u00e1s mortal tanto en hombres como en mujeres.<\/p>\n<p>    Adem\u00e1s, se observa que, en los hombres, la tasa ha crecido un 0,7% de forma anual entre 2004 y 2022 mientras en las mujeres el crecimiento ha sido a\u00fan mayor, de un 1,5% anual. Por edades son los mayores de 80 a\u00f1os los que tienen la cifra m\u00e1s alta de defunciones, un 33,9%, frente al grupo de 50 a 69 a\u00f1os, con un 32,3%, el de 70 a 79 a\u00f1os, con un 30,6% y el de 0 a 49, con un 3,2%.<\/p>\n<p>   Por \u00faltimo, se puede observar que la supervivencia a los cinco a\u00f1os del diagn\u00f3stico en este tipo de c\u00e1ncer, seg\u00fan los \u00faltimos datos que se manejan (2013-2017), es mayor en las mujeres (12,1%) que en los hombres (10,3%).<\/p>\n<p>EL TABAQUISMO ES EL MAYOR FACTOR DE RIESGO DEL C\u00c1NCER DE P\u00c1NCREAS<\/p>\n<p>   Coincidiendo con el D\u00eda Mundial de esta patolog\u00eda que se celebra este jueves, Redecan y la SEOM recuerdan que el tabaquismo es el factor de riesgo mejor conocido del c\u00e1ncer de p\u00e1ncreas, que el riesgo de padecer este c\u00e1ncer se duplica e incluso triplica en los fumadores y que el abandono del h\u00e1bito tab\u00e1quico provoca una disminuci\u00f3n de ese riesgo.<\/p>\n<p>   La obesidad, el d\u00e9ficit de ejercicio f\u00edsico, el consumo elevado de grasas saturadas y el bajo consumo de frutas y verduras tambi\u00e9n se han asociado al c\u00e1ncer de p\u00e1ncreas. Algunos estudios han observado una asociaci\u00f3n entre el consumo de alcohol y el c\u00e1ncer de p\u00e1ncreas. Seguir algunas pautas de estilo de vida saludable como no fumar, seguir una dieta mediterr\u00e1nea con m\u00e1s frutas y verduras y menos az\u00facares y grasas, hacer ejercicio, evitar tener sobrepeso y reducir el consumo de alcohol pueden ayudarte a reducir el riesgo.<\/p>\n<p>   Esta informaci\u00f3n, que viene acompa\u00f1ada de una infograf\u00eda, es fruto del convenio de colaboraci\u00f3n firmado en 2018 por con el objetivo de concienciar a la poblaci\u00f3n sobre la importancia de la prevenci\u00f3n primaria en c\u00e1ncer. En ella, ha colaborado tambi\u00e9n el Centro de Investigaci\u00f3n Biom\u00e9dica en Red de Epidemiolog\u00eda y Salud P\u00fablica (CIBERESP) y la Sociedad Espa\u00f1ola de Epidemiolog\u00eda (SEE).<\/p>\n","protected":false},"excerpt":{"rendered":"MADRID 20 Nov. (EUROPA PRESS) &#8211; La Sociedad Espa\u00f1ola de Oncolog\u00eda M\u00e9dica (SEOM) y la Red Espa\u00f1ola de&hellip;\n","protected":false},"author":2,"featured_media":246219,"comment_status":"","ping_status":"","sticky":false,"template":"","format":"standard","meta":{"footnotes":""},"categories":[92],"tags":[25,24,165,166,23],"class_list":{"0":"post-246218","1":"post","2":"type-post","3":"status-publish","4":"format-standard","5":"has-post-thumbnail","7":"category-salud","8":"tag-es","9":"tag-espana","10":"tag-health","11":"tag-salud","12":"tag-spain"},"share_on_mastodon":{"url":"","error":""},"_links":{"self":[{"href":"https:\/\/www.europesays.com\/es\/wp-json\/wp\/v2\/posts\/246218","targetHints":{"allow":["GET"]}}],"collection":[{"href":"https:\/\/www.europesays.com\/es\/wp-json\/wp\/v2\/posts"}],"about":[{"href":"https:\/\/www.europesays.com\/es\/wp-json\/wp\/v2\/types\/post"}],"author":[{"embeddable":true,"href":"https:\/\/www.europesays.com\/es\/wp-json\/wp\/v2\/users\/2"}],"replies":[{"embeddable":true,"href":"https:\/\/www.europesays.com\/es\/wp-json\/wp\/v2\/comments?post=246218"}],"version-history":[{"count":0,"href":"https:\/\/www.europesays.com\/es\/wp-json\/wp\/v2\/posts\/246218\/revisions"}],"wp:featuredmedia":[{"embeddable":true,"href":"https:\/\/www.europesays.com\/es\/wp-json\/wp\/v2\/media\/246219"}],"wp:attachment":[{"href":"https:\/\/www.europesays.com\/es\/wp-json\/wp\/v2\/media?parent=246218"}],"wp:term":[{"taxonomy":"category","embeddable":true,"href":"https:\/\/www.europesays.com\/es\/wp-json\/wp\/v2\/categories?post=246218"},{"taxonomy":"post_tag","embeddable":true,"href":"https:\/\/www.europesays.com\/es\/wp-json\/wp\/v2\/tags?post=246218"}],"curies":[{"name":"wp","href":"https:\/\/api.w.org\/{rel}","templated":true}]}}