{"id":246241,"date":"2025-11-20T11:51:18","date_gmt":"2025-11-20T11:51:18","guid":{"rendered":"https:\/\/www.europesays.com\/es\/246241\/"},"modified":"2025-11-20T11:51:18","modified_gmt":"2025-11-20T11:51:18","slug":"fundacion-bancaja-explora-los-paisajes-magicos-de-cristina-babiloni","status":"publish","type":"post","link":"https:\/\/www.europesays.com\/es\/246241\/","title":{"rendered":"Fundaci\u00f3n Bancaja explora los paisajes m\u00e1gicos de Cristina Babiloni"},"content":{"rendered":"<p>VAL\u00c8NCIA. No hay evidencia hist\u00f3rica, cient\u00edfica ni geogr\u00e1fica de que la isla Caleb haya existido realmente. Sin embargo, en algunas versiones de la historia se presenta con caracter\u00edsticas muy espec\u00edficas, una suerte de mito moderno que parece real, pero que no lo llega a ser nunca. Este camino entre los paisajes reales e imaginados son el marco f\u00edsico y mental en el que opera la artista <strong>Cristina Babiloni<\/strong> (Castell\u00f3n de la Plana, 1981), que presenta en Fundaci\u00f3n Bancaja la exposici\u00f3n Caleb, un proyecto en la que despliega sus inquietudes creativas en torno a la relaci\u00f3n entre el hombre y la naturaleza, as\u00ed como entre la materia, la luz, el color y las texturas.<\/p>\n<p>\u00abMi obra versa en torno a la naturaleza, principalmente los [paisajes] marinos, la naturaleza como puente entre lo que es la materia y la energ\u00eda. No son pinturas est\u00e1ticas, captan esos momentos de convulsi\u00f3n. Me interesa c\u00f3mo esa naturaleza est\u00e1 en constante cambio, transformaci\u00f3n, igual que nosotros\u201d, explic\u00f3 la propia artista durante la presentaci\u00f3n de la muestra, en la que estuvo acompa\u00f1ada por el presidente de la Fundaci\u00f3n\u00a0Bancaja, <strong>Rafael Alc\u00f3n<\/strong>, y la comisaria de la exposici\u00f3n, <strong>Alicia Ventura<\/strong>.<\/p>\n<p>&#13;<br \/>\n<img decoding=\"async\" alt=\"Alicia Ventura, Rafael Alc\u00f3n y Cristina Babiloni.\" itemprop=\"url\" src=\"https:\/\/www.europesays.com\/es\/wp-content\/uploads\/2025\/11\/articulos-1719240.jpg\" title=\"Alicia Ventura, Rafael Alc\u00f3n y Cristina Babiloni. - \"\/>&#13;<br \/>\n&#13;<br \/>\n&#13;<\/p>\n<ul itemprop=\"caption\">&#13;<\/p>\n<li class=\"media-pie\">Alicia Ventura, Rafael Alc\u00f3n y Cristina Babiloni.\u00a0<\/li>\n<p>&#13;<\/p>\n<li class=\"media-autor\" itemprop=\"author\">\u00a0<\/li>\n<p>&#13;\n<\/ul>\n<p>&#13;<br \/>\n&#13;<\/p>\n<p>Aunque formada en Derecho y Psicolog\u00eda, su pasi\u00f3n por el arte fue m\u00e1s fuerte, siendo en 2019 cuando debut\u00f3 con su primera exposici\u00f3n individual en la Sala Par\u00e9s de Barcelona.\u00a0M\u00e1s de un lustro despu\u00e9s de que presentara all\u00ed sus Horizontes, tiempo en el que ha pasado por ferias como ARCO Madrid y expuesto en Opera Gallery de Madrid o el Sotheby\u2019s Institute of Art, en New York, Babiloni presenta ahora en Val\u00e8ncia un universo de paisajes que tiene que ver tanto con el entorno como con el propio ser.<\/p>\n<p>\u00abEl agua es el origen de la vida, todos tenemos en nosotros ese mar interior. En psicolog\u00eda, adem\u00e1s, es un s\u00edmbolo del inconsciente, algo por descubrir, enigm\u00e1tico [&#8230;] por eso para m\u00ed no es tan importante lo que quiera transmitir con una obra sino el impacto que tiene en el propio espectador\u201d, se\u00f1al\u00f3 la artista.<\/p>\n<p>La muestra est\u00e1 integrada por una treintena de obras de mediano y gran formato creadas en los \u00faltimos cinco a\u00f1os, gran parte de ellas realizadas exprofeso para su presentaci\u00f3n al p\u00fablico en Fundaci\u00f3n Bancaja. A partir de sus materiales de referencia como telas de arpillera, arenas y pintura acr\u00edlica, cartones, cer\u00e1micas, y experimentando con otros nuevos como el metacrilato en algunas piezas, Babiloni consigue desarrollar un ecosistema marino con su propio imaginario, teniendo siempre las formas org\u00e1nicas como inspiraci\u00f3n constante en su trabajo.\u00a0<\/p>\n<p>&#13;<br \/>\n<img decoding=\"async\" alt=\"\" itemprop=\"url\" src=\"https:\/\/www.europesays.com\/es\/wp-content\/uploads\/2025\/11\/articulos-1719242.jpg\" title=\" - \"\/>&#13;<\/p>\n<p>\u00abLa pintura de Cristina Babiloni es una pintura muy mat\u00e9rica. Sus colores no tienen un nombre porque son mezcla de muchos. Su textura es siempre superposici\u00f3n como superposici\u00f3n es la geograf\u00eda de esas islas\u201d, se\u00f1al\u00f3 la comisaria de la muestra. \u00abEn estas obras vuelca un imaginario de paisajes marinos y volc\u00e1nicos que dibujan una naturaleza viva, convulsa y cambiante. En el recorrido expositivo, la artista nos propone un viaje entre lo real y lo imaginario, entre lo que se ve y lo que se siente\u201d, a\u00f1adi\u00f3 por su parte Alc\u00f3n.<\/p>\n<p>La obra de <strong>William Turner <\/strong>o<strong> Anselm Kiefer<\/strong> fueron algunos de los referentes que mencion\u00f3 Ventura durante su intervenci\u00f3n, en la que desgran\u00f3 un recorrido que es, en cierta medida, una obra en s\u00ed misma, un relato m\u00e1gico que sobrevuela las piezas que all\u00ed se presentan. En esa isla de Caleb, a la que algunos atribuyen fen\u00f3menos paranormales, como desapariciones, cambios en la percepci\u00f3n del tiempo o una energ\u00eda que afecta a quienes la visitan, habitan las piezas creadas por Babiloni, que transforma ese misterio en un lenguaje barroco que habla de evoluci\u00f3n, fuerzas sobrenaturales o peligro, un recorrido con \u201cgran capacidad de evocar narrativas visuales que trascienden lo evidente\u201d, apunt\u00f3 Alc\u00f3n, y que est\u00e1 ahora a la espera de sus primeros visitantes.<\/p>\n<p>&#13;<br \/>\n<img decoding=\"async\" alt=\"\" itemprop=\"url\" src=\"https:\/\/www.europesays.com\/es\/wp-content\/uploads\/2025\/11\/articulos-1719241.jpg\" title=\" - \"\/>&#13;<\/p>\n","protected":false},"excerpt":{"rendered":"VAL\u00c8NCIA. No hay evidencia hist\u00f3rica, cient\u00edfica ni geogr\u00e1fica de que la isla Caleb haya existido realmente. Sin embargo,&hellip;\n","protected":false},"author":2,"featured_media":246242,"comment_status":"","ping_status":"","sticky":false,"template":"","format":"standard","meta":{"footnotes":""},"categories":[173],"tags":[229,233,231,230,232,234,146,147,25,24,23],"class_list":{"0":"post-246241","1":"post","2":"type-post","3":"status-publish","4":"format-standard","5":"has-post-thumbnail","7":"category-arte-y-diseno","8":"tag-arte","9":"tag-arte-y-diseno","10":"tag-arts","11":"tag-arts-and-design","12":"tag-design","13":"tag-diseno","14":"tag-entertainment","15":"tag-entretenimiento","16":"tag-es","17":"tag-espana","18":"tag-spain"},"share_on_mastodon":{"url":"https:\/\/pubeurope.com\/@es\/115581884259433206","error":""},"_links":{"self":[{"href":"https:\/\/www.europesays.com\/es\/wp-json\/wp\/v2\/posts\/246241","targetHints":{"allow":["GET"]}}],"collection":[{"href":"https:\/\/www.europesays.com\/es\/wp-json\/wp\/v2\/posts"}],"about":[{"href":"https:\/\/www.europesays.com\/es\/wp-json\/wp\/v2\/types\/post"}],"author":[{"embeddable":true,"href":"https:\/\/www.europesays.com\/es\/wp-json\/wp\/v2\/users\/2"}],"replies":[{"embeddable":true,"href":"https:\/\/www.europesays.com\/es\/wp-json\/wp\/v2\/comments?post=246241"}],"version-history":[{"count":0,"href":"https:\/\/www.europesays.com\/es\/wp-json\/wp\/v2\/posts\/246241\/revisions"}],"wp:featuredmedia":[{"embeddable":true,"href":"https:\/\/www.europesays.com\/es\/wp-json\/wp\/v2\/media\/246242"}],"wp:attachment":[{"href":"https:\/\/www.europesays.com\/es\/wp-json\/wp\/v2\/media?parent=246241"}],"wp:term":[{"taxonomy":"category","embeddable":true,"href":"https:\/\/www.europesays.com\/es\/wp-json\/wp\/v2\/categories?post=246241"},{"taxonomy":"post_tag","embeddable":true,"href":"https:\/\/www.europesays.com\/es\/wp-json\/wp\/v2\/tags?post=246241"}],"curies":[{"name":"wp","href":"https:\/\/api.w.org\/{rel}","templated":true}]}}