{"id":246249,"date":"2025-11-20T11:57:09","date_gmt":"2025-11-20T11:57:09","guid":{"rendered":"https:\/\/www.europesays.com\/es\/246249\/"},"modified":"2025-11-20T11:57:09","modified_gmt":"2025-11-20T11:57:09","slug":"el-centro-de-investigacion-del-cancer-inicia-un-nuevo-estudio-para-prevenir-la-leucemia-linfoblastica-aguda-infantil-el-dia-de-zamora","status":"publish","type":"post","link":"https:\/\/www.europesays.com\/es\/246249\/","title":{"rendered":"El Centro de Investigaci\u00f3n del C\u00e1ncer inicia un nuevo estudio para prevenir la leucemia linfobl\u00e1stica aguda infantil | El D\u00eda de Zamora"},"content":{"rendered":"<p>La leucemia representa un tercio de todos los c\u00e1nceres infantiles y la leucemia linfobl\u00e1stica aguda de c\u00e9lulas B (LLA-B) es su subtipo m\u00e1s prevalente. Aunque los tratamientos han avanzado, muchos ni\u00f1os que sobreviven sufren secuelas a largo plazo y la posibilidad de reca\u00eddas reduce significativamente sus expectativas de vida. Estudios recientes, desarrollados por el grupo de investigaci\u00f3n dirigido por Isidro S\u00e1nchez-Garc\u00eda en el Centro de Investigaci\u00f3n del C\u00e1ncer (USAL-CSIC-FICUS), han demostrado que un 5% de ni\u00f1os sanos nace con una predisposici\u00f3n gen\u00e9tica a desarrollar leucemia. Estos ni\u00f1os portan <strong>c\u00e9lulas B pre-leuc\u00e9micas que pueden permanecer inactivas<\/strong> durante a\u00f1os sin causar enfermedad. Sin embargo, <strong>ciertos factores ambientales pueden activar estas c\u00e9lulas<\/strong> y promover su transformaci\u00f3n en leucemia agresiva.<\/p>\n<p>\u00a0<\/p>\n<p>El proyecto de S\u00e1nchez Garc\u00eda tiene como objetivo entender mejor estos procesos mediante modelos en ratones y humanos. En concreto, abordar\u00e1n los eventos epigen\u00e9ticos (modificaciones qu\u00edmicas que regulan la actividad de los genes sin alterar la secuencia del ADN) que impulsan esta transici\u00f3n hacia la leucemia. Identificando estos \u00abmarcadores\u00bb epigen\u00e9ticos, el equipo espera <strong>desarrollar estrategias para detectar tempranamente a los ni\u00f1os con riesgo<\/strong> y, lo que es m\u00e1s importante, <strong>prevenir el desarrollo de la enfermedad<\/strong> mediante intervenciones dirigidas.<\/p>\n<p>\u00a0<\/p>\n<p>Pasar de tratar la leucemia una vez establecida a prevenirla antes de que aparezca, implicar\u00eda poder reducir la carga global de la enfermedad, evitar tratamientos t\u00f3xicos y mejorar la calidad de vida y supervivencia de los pacientes.<\/p>\n<p>\u00a0<\/p>\n<p>Isidro S\u00e1nchez-Garc\u00eda: \u201cDurante d\u00e9cadas nos hemos centrado en tratar la leucemia cuando se manifiesta. Con este proyecto queremos cambiar ese paradigma: pasar de curar a prevenir. Si conseguimos detectar la leucemia antes de su aparici\u00f3n, estaremos dando un paso decisivo hacia una nueva forma de abordar el c\u00e1ncer infantil\u201d y a\u00f1ade que \u201cgracias al apoyo de las entidades privadas y fundaciones que han financiado este proyecto, podremos aplicar tecnolog\u00edas punteras de an\u00e1lisis gen\u00f3mico y epigen\u00e9tico a nivel de c\u00e9lula \u00fanica. En definitiva, abrir la puerta a intervenciones tempranas y personalizadas.\u201d<\/p>\n<p>\u00a0<\/p>\n<p>El proyecto cuenta con metodolog\u00edas avanzadas de an\u00e1lisis gen\u00f3mico y epigen\u00e9tico a nivel de c\u00e9lulas individuales. Contempla la colaboraci\u00f3n de m\u00faltiples expertos e instituciones para validar estos hallazgos en muestras de pacientes y en modelos experimentales. Adem\u00e1s, se evaluar\u00e1n f\u00e1rmacos epigen\u00e9ticos como posibles intervenciones para detener la progresi\u00f3n de la leucemia en sus primeras etapas.<\/p>\n<p>\u00a0<\/p>\n<p><strong>Un proyecto colaborativo de investigaci\u00f3n traslacional<\/strong><\/p>\n<p>\u00a0<\/p>\n<p>La Fundaci\u00f3n \u201cLa Caixa\u201d ha otorgado una financiaci\u00f3n de 1 mill\u00f3n de euros para este proyecto, denominado \u201cDetecci\u00f3n precoz del riesgo en ni\u00f1os con predisposici\u00f3n gen\u00e9tica a la leucemia\u201d en su convocatoria de Investigaci\u00f3n en Salud y cuyo plazo de ejecuci\u00f3n ser\u00e1 de tres a\u00f1os. El equipo de investigaci\u00f3n de S\u00e1nchez-Garc\u00eda est\u00e1 compuesto por Manuel Ram\u00edrez Orellana (Hospital Universitario Ni\u00f1o Jes\u00fas, Madrid); C\u00e9sar Cobaleda (Centro de Biolog\u00eda Molecular Severo Ochoa, CSIC); Elena Huarte-Mendicoa (Fundaci\u00f3n Unoentrecienmil); Joaqu\u00edn Duarte (Instituto Portugu\u00eas de Oncologia de Lisboa Francisco Gentil, E.P.E); Lucas Moreno (Hospital Vall d&#8217;Hebron, Barcelona).<\/p>\n<p>\u00a0<\/p>\n<p>La Fundaci\u00f3n Unoentrecienmil ha contribuido en la financiaci\u00f3n de este proyecto de investigaci\u00f3n en su impulso por fomentar la curaci\u00f3n plena de la leucemia infantil.<\/p>\n<p>\u00a0<\/p>\n<p><strong>Sobre el director del estudio: Isidro S\u00e1nchez-Garc\u00eda<\/strong><\/p>\n<p>\u00a0<\/p>\n<p>Su trabajo pionero sobre la relaci\u00f3n entre las infecciones y la leucemia infantil ha sido galardonado con varios premios internacionales y ha sido publicado y destacado en revistas cient\u00edficas de primer orden (entre ellas Nature, Nature Reviews Cancer, Cancer Discovery, Blood y Leukemia). Sus principales contribuciones cient\u00edficas son el descubrimiento del papel causal de la exposici\u00f3n a infecciones y el desarrollo de la leucemia infantil, la relaci\u00f3n entre el microbioma y la susceptibilidad a la leucemia infantil, y la interdependencia del metabolismo celular y la progresi\u00f3n hacia la leucemia infantil. Ha demostrado que la predisposici\u00f3n a las neoplasias linfoides surge como resultado de un proceso de preparaci\u00f3n epigen\u00e9tica. Estas contribuciones han consolidado al grupo de S\u00e1nchez-Garc\u00eda como l\u00edder mundial en el campo de la leucemia infantil y su prevenci\u00f3n (Nat. Rev. Immunology 2021; Trends in Immunology 2021; Cancer Discovery 2024).<\/p>\n<p>\u00a0<\/p>\n<p><strong>Sobre el Centro de Investigaci\u00f3n del C\u00e1ncer (Universidad de Salamanca-CSIC-FICUS)<\/strong><\/p>\n<p>El Centro de Investigaci\u00f3n del C\u00e1ncer de Salamanca es una instituci\u00f3n l\u00edder en investigaci\u00f3n biom\u00e9dica en Espa\u00f1a, dedicada al estudio molecular y celular del c\u00e1ncer. Como instituto mixto de investigaci\u00f3n en los que participan el CSIC, la Universidad de Salamanca y la Fundaci\u00f3n para la Investigaci\u00f3n del C\u00e1ncer de la Universidad de Salamanca, el Centro de Investigaci\u00f3n del C\u00e1ncer combina excelencia cient\u00edfica con un compromiso firme hacia la innovaci\u00f3n y el desarrollo tecnol\u00f3gico. Para la implementaci\u00f3n de su estrategia cient\u00edfica, cuenta con ayudas de la Escalera de Excelencia de la Junta de Castilla y Le\u00f3n, de los programas CSIC-MaX (del CSIC) y AECC-Centros (de la Fundaci\u00f3n Cient\u00edfica de la AECC).<\/p>\n","protected":false},"excerpt":{"rendered":"La leucemia representa un tercio de todos los c\u00e1nceres infantiles y la leucemia linfobl\u00e1stica aguda de c\u00e9lulas B&hellip;\n","protected":false},"author":2,"featured_media":246250,"comment_status":"","ping_status":"","sticky":false,"template":"","format":"standard","meta":{"footnotes":""},"categories":[92],"tags":[2709,4066,168,1639,4374,3141,25,24,282,165,701,9,10,1925,4069,6436,166,23,913,2946],"class_list":{"0":"post-246249","1":"post","2":"type-post","3":"status-publish","4":"format-standard","5":"has-post-thumbnail","7":"category-salud","8":"tag-articulo","9":"tag-benavente","10":"tag-deportes","11":"tag-digital","12":"tag-elecciones","13":"tag-entrevista","14":"tag-es","15":"tag-espana","16":"tag-futbol","17":"tag-health","18":"tag-independiente","19":"tag-news","20":"tag-noticias","21":"tag-opinion","22":"tag-periodico","23":"tag-provincia","24":"tag-salud","25":"tag-spain","26":"tag-toro","27":"tag-zamora"},"share_on_mastodon":{"url":"https:\/\/pubeurope.com\/@es\/115581907469349011","error":""},"_links":{"self":[{"href":"https:\/\/www.europesays.com\/es\/wp-json\/wp\/v2\/posts\/246249","targetHints":{"allow":["GET"]}}],"collection":[{"href":"https:\/\/www.europesays.com\/es\/wp-json\/wp\/v2\/posts"}],"about":[{"href":"https:\/\/www.europesays.com\/es\/wp-json\/wp\/v2\/types\/post"}],"author":[{"embeddable":true,"href":"https:\/\/www.europesays.com\/es\/wp-json\/wp\/v2\/users\/2"}],"replies":[{"embeddable":true,"href":"https:\/\/www.europesays.com\/es\/wp-json\/wp\/v2\/comments?post=246249"}],"version-history":[{"count":0,"href":"https:\/\/www.europesays.com\/es\/wp-json\/wp\/v2\/posts\/246249\/revisions"}],"wp:featuredmedia":[{"embeddable":true,"href":"https:\/\/www.europesays.com\/es\/wp-json\/wp\/v2\/media\/246250"}],"wp:attachment":[{"href":"https:\/\/www.europesays.com\/es\/wp-json\/wp\/v2\/media?parent=246249"}],"wp:term":[{"taxonomy":"category","embeddable":true,"href":"https:\/\/www.europesays.com\/es\/wp-json\/wp\/v2\/categories?post=246249"},{"taxonomy":"post_tag","embeddable":true,"href":"https:\/\/www.europesays.com\/es\/wp-json\/wp\/v2\/tags?post=246249"}],"curies":[{"name":"wp","href":"https:\/\/api.w.org\/{rel}","templated":true}]}}