{"id":246257,"date":"2025-11-20T12:09:08","date_gmt":"2025-11-20T12:09:08","guid":{"rendered":"https:\/\/www.europesays.com\/es\/246257\/"},"modified":"2025-11-20T12:09:08","modified_gmt":"2025-11-20T12:09:08","slug":"un-bombardero-llamado-mensik-gana-a-carreno-y-obliga-a-espana-a-otro-milagro-en-la-copa-davis","status":"publish","type":"post","link":"https:\/\/www.europesays.com\/es\/246257\/","title":{"rendered":"Un bombardero llamado Mensik gana a Carre\u00f1o y obliga a Espa\u00f1a a otro milagro en la Copa Davis"},"content":{"rendered":"\n<p> <strong>Pablo Carre\u00f1o <\/strong>no pudo con <strong>Jakub Mensik <\/strong>y<strong> <\/strong><a href=\"https:\/\/www.elconfidencial.com\/deportes\/tenis\/2025-11-20\/espana-republica-checa-copa-davis-hoy-directo_4250481\/\" target=\"_self\" rel=\"nofollow noopener\">Espa\u00f1a comienza perdiendo en cuartos de final de la Copa Davis (5-7 y 4-6)<\/a>. El primer punto fue para la <strong>Rep\u00fablica Checa<\/strong>, gracias al joven talento que, volando con su saque y muy fino de piernas, acab\u00f3 con la resistencia del tenista nacional, a pesar del buen partido que firm\u00f3. Pero el checo, <strong>m\u00e1s acertado y valiente en los momentos decisivos del choque<\/strong>, acab\u00f3 con el \u00edmpetu del asturiano, que crey\u00f3 en la victoria en todo momento. <\/p>\n<p> Pronto entendi\u00f3 <a href=\"https:\/\/www.elconfidencial.com\/deportes\/tenis\/2025-09-14\/espana-dinamarca-carreno-pedro-martinez-rune_4208806\/\" target=\"_self\" rel=\"nofollow noopener\">Carre\u00f1o que la clave del partido iba a estar en el saque<\/a>. No solo era fundamental que mantuviera sus servicios en una superficie que no suele perdonar, sino que enfrente ten\u00eda a <strong>un ca\u00f1onero que, con confianza y buenos movimientos, iba a ser dif\u00edcil de desnudar<\/strong> en sus juegos. As\u00ed es como empez\u00f3 el encuentro, con dos tenistas centrados en llevar la iniciativa y tratando de cerrar la puerta a su rival&#8230; hasta que, en el s\u00e9ptimo juego,<strong> el checo fue el primero en ceder<\/strong>. <\/p>\n<blockquote class=\"twitter-tweet\">\n<p lang=\"no\" dir=\"ltr\">Primer set para Mensik \ud83c\udde8\ud83c\uddff.<a href=\"https:\/\/twitter.com\/hashtag\/CopaDavis?src=hash&amp;ref_src=twsrc%5Etfw\" rel=\"nofollow noopener\" target=\"_blank\">#CopaDavis<\/a> <a href=\"https:\/\/twitter.com\/hashtag\/LaPistaDelTenis?src=hash&amp;ref_src=twsrc%5Etfw\" rel=\"nofollow noopener\" target=\"_blank\">#LaPistaDelTenis<\/a> <a href=\"https:\/\/t.co\/FCtmyliIou\" rel=\"nofollow\">pic.twitter.com\/FCtmyliIou<\/a><\/p>\n<p>\u2014 Tenis en Movistar Plus+ (@MovistarTenis) <a href=\"https:\/\/twitter.com\/MovistarTenis\/status\/1991451710053838868?ref_src=twsrc%5Etfw\" rel=\"nofollow noopener\" target=\"_blank\">November 20, 2025<\/a><\/p><\/blockquote>\n<p> Carre\u00f1o, jugando un tenis de much\u00edsimo nivel,<strong> <\/strong><a href=\"https:\/\/www.elconfidencial.com\/deportes\/tenis\/2025-03-30\/novak-djokovic-jakub-mensik-final-master-miami_4097301\/\" target=\"_self\" rel=\"nofollow noopener\">romp\u00eda a Mensik para ponerse 4-3 y saque&#8230;<\/a><strong> pero el checo reaccionaba a continuaci\u00f3n para lograr el contrabreak<\/strong> y volver a igualar el marcador. El espa\u00f1ol estaba jugando bien, pero su rival subi\u00f3 la agresividad en pista, lo que provoc\u00f3 que el gijon\u00e9s comenzara a sufrir algo m\u00e1s. Fue as\u00ed como, en el duod\u00e9cimo juego,<strong> Rep\u00fablica Checa romp\u00eda de nuevo a Espa\u00f1a y Mensik, a la tercera bola, se hac\u00eda con el primer set (5-7)<\/strong>. <\/p>\n<p> <a href=\"https:\/\/www.elconfidencial.com\/deportes\/tenis\/2024-12-14\/deportista-seguir-jakub-mensik-rival-alcaraz-iphone-doha_4023056\/\" target=\"_self\" rel=\"nofollow noopener\">Mensik estaba brillante con el saque<\/a>, con 10 aces en el primer set, por lo que si el espa\u00f1ol quer\u00eda agarrarse a la remontada, <strong>deb\u00eda de estar muy fino con el suyo para minimizar errores<\/strong>. Y, adem\u00e1s, el checo jugaba realmente agresivo, con muchas subidas a la red y muy fino de piernas. \u00bfPodr\u00eda Carre\u00f1o dar la vuelta al marcador? El espa\u00f1ol hab\u00eda estado muy bien en el primer set, pero <strong>no hab\u00eda sido capaz de afinar en los detalles<\/strong> para golpear primero. Y eso que lo tuvo cerca. <\/p>\n<blockquote class=\"twitter-tweet\">\n<p lang=\"es\" dir=\"ltr\">Mensik brilla y suma el primer tanto para Rep\u00fablica Checa.<a href=\"https:\/\/twitter.com\/hashtag\/CopaDavis?src=hash&amp;ref_src=twsrc%5Etfw\" rel=\"nofollow noopener\" target=\"_blank\">#CopaDavis<\/a> <a href=\"https:\/\/twitter.com\/hashtag\/LaPistaDelTenis?src=hash&amp;ref_src=twsrc%5Etfw\" rel=\"nofollow noopener\" target=\"_blank\">#LaPistaDelTenis<\/a> <a href=\"https:\/\/t.co\/v5IzPrMQdv\" rel=\"nofollow\">pic.twitter.com\/v5IzPrMQdv<\/a><\/p>\n<p>\u2014 Tenis en Movistar Plus+ (@MovistarTenis) <a href=\"https:\/\/twitter.com\/MovistarTenis\/status\/1991461767952670915?ref_src=twsrc%5Etfw\" rel=\"nofollow noopener\" target=\"_blank\">November 20, 2025<\/a><\/p><\/blockquote>\n<p> El checo comenz\u00f3 de igual manera la segunda manga, con <strong>mucho poder al saque y dominador en sus juegos<\/strong>. Y el primer momento importante del choque lleg\u00f3 en el sexto juego, cuando <strong>Carre\u00f1o salv\u00f3 dos bolas de break que podr\u00edan haberle complicado<\/strong>, y mucho, el partido. Mensik segu\u00eda a lo suyo al servicio, por lo que el espa\u00f1ol ten\u00eda que aguantar como fuera en busca de una fractura en la confianza al saque de su rival. Era la \u00fanica manera de hacerle da\u00f1o. <\/p>\n<p> Y no fue posible, pues<strong> de nuevo en el juego decisivo, con saque para el espa\u00f1ol<\/strong>, Carre\u00f1o estaba algo m\u00e1s tenso de lo habitual y <strong>Mensik, lleno de confianza y de juego, le romp\u00eda para sellar<\/strong> la victoria para la Rep\u00fablica Checa (4-6). El poder desde el saque y el fondo de la pista del joven tenista fue suficiente para acabar con el espa\u00f1ol que, pese a jugar un gran partido, estuvo<strong> algo m\u00e1s dubitativo en los momentos claves<\/strong>. Ahora, Espa\u00f1a est\u00e1 obligada a remontar. <\/p>\n<p> <strong>Pablo Carre\u00f1o <\/strong>no pudo con <strong>Jakub Mensik <\/strong>y<strong> <\/strong><a href=\"https:\/\/www.elconfidencial.com\/deportes\/tenis\/2025-11-20\/espana-republica-checa-copa-davis-hoy-directo_4250481\/\" target=\"_self\" rel=\"nofollow noopener\">Espa\u00f1a comienza perdiendo en cuartos de final de la Copa Davis (5-7 y 4-6)<\/a>. El primer punto fue para la <strong>Rep\u00fablica Checa<\/strong>, gracias al joven talento que, volando con su saque y muy fino de piernas, acab\u00f3 con la resistencia del tenista nacional, a pesar del buen partido que firm\u00f3. Pero el checo, <strong>m\u00e1s acertado y valiente en los momentos decisivos del choque<\/strong>, acab\u00f3 con el \u00edmpetu del asturiano, que crey\u00f3 en la victoria en todo momento. <\/p>\n<p>              <script async src=\"https:\/\/platform.twitter.com\/widgets.js\" charset=\"utf-8\"><\/script><\/p>\n","protected":false},"excerpt":{"rendered":"Pablo Carre\u00f1o no pudo con Jakub Mensik y Espa\u00f1a comienza perdiendo en cuartos de final de la Copa&hellip;\n","protected":false},"author":2,"featured_media":246258,"comment_status":"","ping_status":"","sticky":false,"template":"","format":"standard","meta":{"footnotes":""},"categories":[274],"tags":[168,25,24,23,167,327,326],"class_list":{"0":"post-246257","1":"post","2":"type-post","3":"status-publish","4":"format-standard","5":"has-post-thumbnail","7":"category-tenis","8":"tag-deportes","9":"tag-es","10":"tag-espana","11":"tag-spain","12":"tag-sports","13":"tag-tenis","14":"tag-tennis"},"share_on_mastodon":{"url":"https:\/\/pubeurope.com\/@es\/115581954830605502","error":""},"_links":{"self":[{"href":"https:\/\/www.europesays.com\/es\/wp-json\/wp\/v2\/posts\/246257","targetHints":{"allow":["GET"]}}],"collection":[{"href":"https:\/\/www.europesays.com\/es\/wp-json\/wp\/v2\/posts"}],"about":[{"href":"https:\/\/www.europesays.com\/es\/wp-json\/wp\/v2\/types\/post"}],"author":[{"embeddable":true,"href":"https:\/\/www.europesays.com\/es\/wp-json\/wp\/v2\/users\/2"}],"replies":[{"embeddable":true,"href":"https:\/\/www.europesays.com\/es\/wp-json\/wp\/v2\/comments?post=246257"}],"version-history":[{"count":0,"href":"https:\/\/www.europesays.com\/es\/wp-json\/wp\/v2\/posts\/246257\/revisions"}],"wp:featuredmedia":[{"embeddable":true,"href":"https:\/\/www.europesays.com\/es\/wp-json\/wp\/v2\/media\/246258"}],"wp:attachment":[{"href":"https:\/\/www.europesays.com\/es\/wp-json\/wp\/v2\/media?parent=246257"}],"wp:term":[{"taxonomy":"category","embeddable":true,"href":"https:\/\/www.europesays.com\/es\/wp-json\/wp\/v2\/categories?post=246257"},{"taxonomy":"post_tag","embeddable":true,"href":"https:\/\/www.europesays.com\/es\/wp-json\/wp\/v2\/tags?post=246257"}],"curies":[{"name":"wp","href":"https:\/\/api.w.org\/{rel}","templated":true}]}}