{"id":246267,"date":"2025-11-20T12:15:15","date_gmt":"2025-11-20T12:15:15","guid":{"rendered":"https:\/\/www.europesays.com\/es\/246267\/"},"modified":"2025-11-20T12:15:15","modified_gmt":"2025-11-20T12:15:15","slug":"de-estetica-medieval-a-media-hora-de-la-playa-y-con-una-estrecha-relacion-con-salvador-dali","status":"publish","type":"post","link":"https:\/\/www.europesays.com\/es\/246267\/","title":{"rendered":"de est\u00e9tica medieval, a media hora de la playa y con una estrecha relaci\u00f3n con Salvador Dal\u00ed"},"content":{"rendered":"<p data-gtm-element-container=\"modulo-texto-link\" class=\"paragraph\">Apenas cuenta con 140 vecinos, pero su nombre se conoce m\u00e1s all\u00e1 de sus alrededores en buena medida gracias a una figura ic\u00f3nica dentro del arte: Salvador Dal\u00ed. Se trata del peque\u00f1o pueblo de <a href=\"https:\/\/www.lavanguardia.com\/magazine\/casa\/20250216\/10355818\/mansion-medieval-pubol-taller-galeria-ceramista-caterina-roma.html\" target=\"_blank\" rel=\"nofollow noopener\">P\u00fabol<\/a>, situado en la Baix Empord\u00e0, una comarca de la provincia de Girona. En 1968, el que fuera uno de los grandes representantes del surrealismo adquiri\u00f3 una fortaleza de estilo g\u00f3tico-renacentista situada en la localidad, tal y como se\u00f1alan en el portal oficial de <a href=\"https:\/\/www.spain.info\/es\/destino\/pubol\/\" rel=\"nofollow noreferrer noopener\" target=\"_blank\">Turismo de Espa\u00f1a<\/a>. Tras someterlo a una serie de trabajos de reforma y remodelaci\u00f3n, este pasar\u00eda a convertirse en un regalo para Gala, esposa de Salvador Dal\u00ed, quien vivir\u00eda en el palacio tras el fallecimiento de este. En 1996, sus puertas se abrieron a los visitantes, quienes pod\u00edan emprender un recorrido para contemplar las pinturas y dibujos que Dal\u00ed regal\u00f3 a su esposa. Por ello se le conoce como el <a href=\"https:\/\/www.lavanguardia.com\/participacion\/red-lectores\/20250514\/10671931\/castillo-auna-edad-media-surrealismo.html\" target=\"_blank\" rel=\"nofollow noopener\">castillo que a\u00fana Edad Media y surrealismo<\/a>.<\/p>\n<p data-gtm-element-container=\"modulo-texto-link\" class=\"paragraph\">No obstante, este pueblo ha dado la bienvenida a un nuevo residente con un nombre que resultar\u00e1 familiar para muchos, Sergio Dalma. El cantante espa\u00f1ol decidi\u00f3 dejar atr\u00e1s el ajetreo y el ruido de la capital para mudarse a P\u00fabol, donde actualmente reside en una casa de estilo mediterr\u00e1neo, en medio de un paraje natural, seg\u00fan informa el <a href=\"https:\/\/www.idealista.com\/news\/deco\/casas-de-famosos\/2025\/11\/09\/871356-donde-vive-sergio-dalma-su-casa-en-este-pueblo-de-40-habitantes\" rel=\"nofollow noreferrer noopener\" target=\"_blank\">portal <\/a>Idealista. \u201cIr a vivir a un pueblo, en el Empord\u00e0: \u00a1es una pasada! Es aquella sensaci\u00f3n de ir a buscar lo que es esencial, de ver que la gente all\u00ed se saluda, se da los buenos d\u00edas y se mira a la cara. Y esto es una cosa que a\u00f1oraba mucho. Cuando estoy espeso, salgo a pasear por el bosque y es la mejor vitamina. Estoy en un momento de mi vida en que necesitaba esto\u201d, reconoce <a href=\"https:\/\/www.lavanguardia.com\/vivo\/longevity\/20251119\/11272674\/sergio-dalma-cantante-61-anos-edad-me-he-vuelto-mas-sensible-feliz-cosas-me-pasaban-desapercibidas.html\" target=\"_blank\" rel=\"nofollow noopener\">Sergio Dalma en una entrevista <\/a>a \u2018La Vanguardia\u2019.<\/p>\n<p>As\u00ed es P\u00fabol, el peque\u00f1o pueblo de Girona donde vive Sergio Dalma<\/p>\n<p data-gtm-element-container=\"modulo-texto-link\" class=\"paragraph\">P\u00fabol es un pueblo medieval que parece transportar a sus visitantes a una \u00e9poca pasada, donde todav\u00eda se pueden apreciar vestigios de c\u00f3mo era hace siglos. Por ejemplo, contemplando los restos de su recinto fortificado o sus construcciones m\u00e1s emblem\u00e1ticas. Estas son la iglesia de estilo g\u00f3tico de Sant Pere, cuyo origen se sit\u00faa en el siglo XIV, y el actual Castillo Museo de Gala Dal\u00ed.<\/p>\n<p>    Lee tambi\u00e9n<\/p>\n<p data-gtm-element-container=\"modulo-texto-link\" class=\"paragraph\">Adem\u00e1s de dejarse llevar por sus calles para apreciar el encanto de la villa, tambi\u00e9n hay que aprovechar la oportunidad de disfrutar de sus parajes naturales. Y de su gastronom\u00eda, concretamente, de la tradici\u00f3n culinaria catalana, con la influencia del mediterr\u00e1neo, debido a su cercan\u00eda a la costa.<\/p>\n","protected":false},"excerpt":{"rendered":"Apenas cuenta con 140 vecinos, pero su nombre se conoce m\u00e1s all\u00e1 de sus alrededores en buena medida&hellip;\n","protected":false},"author":2,"featured_media":246268,"comment_status":"","ping_status":"","sticky":false,"template":"","format":"standard","meta":{"footnotes":""},"categories":[173],"tags":[229,233,231,230,232,234,146,147,25,24,23],"class_list":{"0":"post-246267","1":"post","2":"type-post","3":"status-publish","4":"format-standard","5":"has-post-thumbnail","7":"category-arte-y-diseno","8":"tag-arte","9":"tag-arte-y-diseno","10":"tag-arts","11":"tag-arts-and-design","12":"tag-design","13":"tag-diseno","14":"tag-entertainment","15":"tag-entretenimiento","16":"tag-es","17":"tag-espana","18":"tag-spain"},"share_on_mastodon":{"url":"https:\/\/pubeurope.com\/@es\/115581978110315875","error":""},"_links":{"self":[{"href":"https:\/\/www.europesays.com\/es\/wp-json\/wp\/v2\/posts\/246267","targetHints":{"allow":["GET"]}}],"collection":[{"href":"https:\/\/www.europesays.com\/es\/wp-json\/wp\/v2\/posts"}],"about":[{"href":"https:\/\/www.europesays.com\/es\/wp-json\/wp\/v2\/types\/post"}],"author":[{"embeddable":true,"href":"https:\/\/www.europesays.com\/es\/wp-json\/wp\/v2\/users\/2"}],"replies":[{"embeddable":true,"href":"https:\/\/www.europesays.com\/es\/wp-json\/wp\/v2\/comments?post=246267"}],"version-history":[{"count":0,"href":"https:\/\/www.europesays.com\/es\/wp-json\/wp\/v2\/posts\/246267\/revisions"}],"wp:featuredmedia":[{"embeddable":true,"href":"https:\/\/www.europesays.com\/es\/wp-json\/wp\/v2\/media\/246268"}],"wp:attachment":[{"href":"https:\/\/www.europesays.com\/es\/wp-json\/wp\/v2\/media?parent=246267"}],"wp:term":[{"taxonomy":"category","embeddable":true,"href":"https:\/\/www.europesays.com\/es\/wp-json\/wp\/v2\/categories?post=246267"},{"taxonomy":"post_tag","embeddable":true,"href":"https:\/\/www.europesays.com\/es\/wp-json\/wp\/v2\/tags?post=246267"}],"curies":[{"name":"wp","href":"https:\/\/api.w.org\/{rel}","templated":true}]}}