{"id":246275,"date":"2025-11-20T12:21:15","date_gmt":"2025-11-20T12:21:15","guid":{"rendered":"https:\/\/www.europesays.com\/es\/246275\/"},"modified":"2025-11-20T12:21:15","modified_gmt":"2025-11-20T12:21:15","slug":"cancer-de-pancreas-por-que-es-clave-el-diagnostico-temprano-y-cuales-son-los-sintomas-de-alerta","status":"publish","type":"post","link":"https:\/\/www.europesays.com\/es\/246275\/","title":{"rendered":"C\u00e1ncer de p\u00e1ncreas: por qu\u00e9 es clave el diagn\u00f3stico temprano y cu\u00e1les son los s\u00edntomas de alerta"},"content":{"rendered":"<p><img alt=\"El p\u00e1ncreas est\u00e1 ubicado detr\u00e1s\" class=\"global-image\" decoding=\"async\" fetchpriority=\"high\" height=\"1024\" loading=\"eager\" src=\"https:\/\/www.europesays.com\/es\/wp-content\/uploads\/2025\/11\/BVYIBIJZTZBURHVNKPVK3C24FE.jpg\" width=\"1792\"\/>El p\u00e1ncreas est\u00e1 ubicado detr\u00e1s del est\u00f3mago, lo que dificulta la aparici\u00f3n temprana de s\u00edntomas (Imagen Ilustrativa Infobae)<\/p>\n<p class=\"paragraph\">Este <b>20 de noviembre <\/b>es el <b>D\u00eda Mundial del C\u00e1ncer de <\/b><a href=\"https:\/\/www.infobae.com\/tag\/pancreas\/\" target=\"_blank\" rel=\"noreferrer nofollow noopener\" title=\"https:\/\/www.infobae.com\/tag\/pancreas\/\"><b>P\u00e1ncreas<\/b><\/a>, una enfermedad que suele detectarse en etapas avanzadas, seg\u00fan expertos.<\/p>\n<p class=\"paragraph\">El <b>p\u00e1ncreas<\/b>, ubicado detr\u00e1s de la parte baja del est\u00f3mago, cumple funciones esenciales en la digesti\u00f3n y el control de la glucosa sangu\u00ednea, de acuerdo con informaci\u00f3n de <b>Mayo Clinic<\/b>, la <b>American Cancer Society<\/b> y <b>Cleveland Clinic<\/b>.<\/p>\n<p class=\"paragraph\">La baja tasa de supervivencia asociada al <b>c\u00e1ncer de p\u00e1ncreas<\/b> se debe principalmente a la ausencia de s\u00edntomas claros en las fases iniciales. Seg\u00fan Cleveland Clinic, los s\u00edntomas suelen manifestarse cuando el tumor ya ha afectado a otros \u00f3rganos, lo que dificulta un diagn\u00f3stico temprano.<\/p>\n<p class=\"paragraph\">El tipo m\u00e1s frecuente de esta enfermedad es el <b>adenocarcinoma ductal<\/b>, que se origina en las c\u00e9lulas que recubren los conductos encargados de transportar las enzimas digestivas fuera del p\u00e1ncreas. La <b>American Cancer Society<\/b> detalla que el p\u00e1ncreas mide aproximadamente <b>15 cent\u00edmetros<\/b> (6 pulgadas) de largo y menos de <b>5 cent\u00edmetros<\/b> (2 pulgadas) de ancho, y se divide en cabeza, cuerpo y cola, cada uno con una ubicaci\u00f3n espec\u00edfica en el abdomen.<\/p>\n<p><img alt=\"El tabaquismo es el principal\" class=\"global-image\" decoding=\"async\" fetchpriority=\"low\" height=\"768\" loading=\"lazy\" src=\"https:\/\/www.europesays.com\/es\/wp-content\/uploads\/2025\/11\/KFOG72JOWFFCZOMNJ5S4567SXY.png\" width=\"1408\"\/>El tabaquismo es el principal factor de riesgo evitable del c\u00e1ncer de p\u00e1ncreas (Imagen Ilustrativa Infobae)<\/p>\n<p class=\"paragraph\">Entre los s\u00edntomas m\u00e1s habituales se encuentran <b>ictericia<\/b>, orina oscura, heces de color claro, dolor abdominal o en la espalda, fatiga, n\u00e1useas, p\u00e9rdida de peso, falta de apetito y aparici\u00f3n reciente de <b>diabetes<\/b>. En algunos casos, los pacientes pueden experimentar <b>co\u00e1gulos de sangre<\/b> o <b>picaz\u00f3n en la piel<\/b>. El c\u00e1ncer neuroendocrino pancre\u00e1tico puede presentar s\u00edntomas distintos, como <b>diarrea<\/b> y <b>anemia<\/b>.<\/p>\n<p class=\"paragraph\">El diagn\u00f3stico suele retrasarse porque los s\u00edntomas iniciales pueden ser vagos o confundirse con otras afecciones. Algunas personas reportan molestias como dolor de espalda o de est\u00f3mago hasta un a\u00f1o antes de recibir el diagn\u00f3stico, y estos s\u00edntomas pueden intensificarse despu\u00e9s de las comidas o al acostarse.<\/p>\n<p class=\"paragraph\">El tratamiento del c\u00e1ncer de p\u00e1ncreas depende del grado de avance de la enfermedad e incluye opciones como <b>cirug\u00eda<\/b>, <b>quimioterapia<\/b>, <b>radioterapia<\/b> o combinaciones de estas, seg\u00fan el equipo m\u00e9dico.<\/p>\n<p class=\"paragraph\">El doctor <b>Pablo Capitanich<\/b>, jefe del Sector Cirug\u00eda V\u00edas Biliares y P\u00e1ncreas del Hospital Alem\u00e1n, advirti\u00f3 que la falta de s\u00edntomas tempranos y de m\u00e9todos efectivos de cribado complica la detecci\u00f3n precoz, convirtiendo a esta enfermedad en un reto para la medicina.<\/p>\n<p><img alt=\"Los s\u00edntomas m\u00e1s frecuentes en\" class=\"global-image\" decoding=\"async\" fetchpriority=\"low\" height=\"864\" loading=\"lazy\" src=\"https:\/\/www.europesays.com\/es\/wp-content\/uploads\/2025\/11\/P6V27IUNGRFCVIDWEPGWNPZAUI.jpg\" width=\"1536\"\/>Los s\u00edntomas m\u00e1s frecuentes en fases avanzadas son ictericia, dolor abdominal, fatiga y p\u00e9rdida de peso (Freepik)<\/p>\n<p class=\"paragraph\">En cuanto a los <b>factores de riesgo<\/b>, tanto Capitanich como los especialistas de Cleveland Clinic subrayan al<b> tabaquismo como el m\u00e1s importante y evitable<\/b>. Otros elementos que aumentan la probabilidad de aparici\u00f3n incluyen <b>obesidad, sedentarismo, diabetes <\/b>de larga evoluci\u00f3n, <b>pancreatitis cr\u00f3nica<\/b>, y<b> consumo excesivo de alcohol <\/b>en algunos pacientes. En el plano gen\u00e9tico, entre un 5% y 10% de los casos est\u00e1n asociados a mutaciones hereditarias, como las de los genes BRCA1, BRCA2, PALB2 o el s\u00edndrome de Lynch. La exposici\u00f3n a productos como pesticidas y petroqu\u00edmicos tambi\u00e9n incrementa el riesgo. La buena noticia, seg\u00fan Capitanich, es que muchos de estos factores pueden <b>modificarse mediante cambios en el estilo de vida<\/b>.<\/p>\n<p class=\"paragraph\">Uno de los principales obst\u00e1culos para esta enfermedad es la <b>ausencia de s\u00edntomas espec\u00edficos<\/b> en etapas tempranas. Cuando la patolog\u00eda avanza, desde la Cleveland Clinic se\u00f1alaron que los s\u00edntomas m\u00e1s habituales incluyen <b>ictericia, dolor abdominal o de espalda, fatiga, p\u00e9rdida de peso, n\u00e1useas y falta de apetito<\/b>. <\/p>\n<p class=\"paragraph\">De forma ocasional, la aparici\u00f3n repentina de diabetes puede ser un signo de alarma. Capitanich enfatiz\u00f3 que <b>la inespecificidad de estos s\u00edntomas provoca demoras en la consulta y el diagn\u00f3stico<\/b>. Los tumores ampulares, aunque no se consideran c\u00e1nceres pancre\u00e1ticos estrictamente, pueden detectarse antes por la obstrucci\u00f3n del conducto biliar, lo que se traduce en un mejor pron\u00f3stico frente a otros tipos de tumores.<\/p>\n<p><img alt=\"Solo entre el 20 y\" class=\"global-image\" decoding=\"async\" fetchpriority=\"low\" height=\"768\" loading=\"lazy\" src=\"https:\/\/www.europesays.com\/es\/wp-content\/uploads\/2025\/11\/TMO5EGOISNGYHFNAEUKT5PWCMQ.png\" width=\"1408\"\/>Solo entre el 20 y el 30% de los pacientes pueden acceder a cirug\u00eda con intenci\u00f3n curativa (Imagen Ilustrativa Infobae)<\/p>\n<p class=\"paragraph\"><b>El abordaje del c\u00e1ncer de p\u00e1ncreas depende del estadio y la localizaci\u00f3n del tumor<\/b>, as\u00ed como del estado general del paciente. Capitanich se\u00f1al\u00f3 que la \u00fanica alternativa <b>curativa<\/b> es la combinaci\u00f3n de cirug\u00eda y quimioterapia sist\u00e9mica. Sin embargo, <b>solo entre el 20 y 30% de los pacientes reciben el diagn\u00f3stico en una etapa que permite el tratamiento quir\u00fargico<\/b>. La Cleveland Clinic coincide en que la <b>extirpaci\u00f3n quir\u00fargica completa<\/b> del tumor es la v\u00eda realista hacia la curaci\u00f3n, pero solo se recomienda cuando pueden eliminarse todas las c\u00e9lulas cancerosas. Las t\u00e9cnicas quir\u00fargicas m\u00e1s usadas son el procedimiento de Whipple, la pancreatectom\u00eda distal y la total, seg\u00fan la ubicaci\u00f3n y extensi\u00f3n del tumor.<\/p>\n<p class=\"paragraph\">La <b>quimioterapia<\/b> y <b>radioterapia<\/b> se utilizan como complemento o alternativa principal en casos avanzados. <b>Terapias dirigidas<\/b> e inmunoterapia, especialmente en el contexto de la <b>medicina personalizada<\/b>, empiezan a mostrar resultados prometedores. El desarrollo de pruebas gen\u00e9ticas, terapias combinadas y acceso a estudios gen\u00f3micos est\u00e1 transformando el paradigma, aunque el acceso no es homog\u00e9neo en todos los pa\u00edses.<\/p>\n<p><img alt=\"La prevenci\u00f3n se basa en\" class=\"global-image\" decoding=\"async\" fetchpriority=\"low\" height=\"1024\" loading=\"lazy\" src=\"https:\/\/www.europesays.com\/es\/wp-content\/uploads\/2025\/11\/DHIJXKKPTRDHTM3IG2IREJWSIM.jpg\" width=\"1792\"\/>La prevenci\u00f3n se basa en modificar h\u00e1bitos, dejar de fumar y controlar enfermedades metab\u00f3licas como la diabetes (Imagen Ilustrativa Infobae)<\/p>\n<p class=\"paragraph\"><b>La prevenci\u00f3n se basa principalmente en modificar los h\u00e1bitos de vida y controlar los factores de riesgo<\/b>. Capitanich recomienda dejar de fumar, reducir el consumo de alcohol, evitar alimentos procesados, mantener un peso adecuado, aumentar la actividad f\u00edsica y controlar la diabetes. Aquellos con antecedentes hereditarios deben realizar estudios gen\u00e9ticos y estudios de im\u00e1genes peri\u00f3dicos. Todos los expertos coinciden en que tambi\u00e9n<b> es clave evitar el tabaco, limitar el alcohol, priorizar el consumo de frutas y verduras, y reducir el contacto con sustancias qu\u00edmicas peligrosas.<\/b><\/p>\n","protected":false},"excerpt":{"rendered":"El p\u00e1ncreas est\u00e1 ubicado detr\u00e1s del est\u00f3mago, lo que dificulta la aparici\u00f3n temprana de s\u00edntomas (Imagen Ilustrativa Infobae)&hellip;\n","protected":false},"author":2,"featured_media":246276,"comment_status":"","ping_status":"","sticky":false,"template":"","format":"standard","meta":{"footnotes":""},"categories":[92],"tags":[13982,33924,25,24,4211,62862,165,7610,597,62861,166,1452,23,21422],"class_list":{"0":"post-246275","1":"post","2":"type-post","3":"status-publish","4":"format-standard","5":"has-post-thumbnail","7":"category-salud","8":"tag-adiccion","9":"tag-cigarrillo","10":"tag-es","11":"tag-espana","12":"tag-fumar","13":"tag-habitos-nocivos","14":"tag-health","15":"tag-humo","16":"tag-prevencion","17":"tag-riesgos-para-la-salud","18":"tag-salud","19":"tag-salud-publica","20":"tag-spain","21":"tag-tabaquismo"},"share_on_mastodon":{"url":"https:\/\/pubeurope.com\/@es\/115582002334347784","error":""},"_links":{"self":[{"href":"https:\/\/www.europesays.com\/es\/wp-json\/wp\/v2\/posts\/246275","targetHints":{"allow":["GET"]}}],"collection":[{"href":"https:\/\/www.europesays.com\/es\/wp-json\/wp\/v2\/posts"}],"about":[{"href":"https:\/\/www.europesays.com\/es\/wp-json\/wp\/v2\/types\/post"}],"author":[{"embeddable":true,"href":"https:\/\/www.europesays.com\/es\/wp-json\/wp\/v2\/users\/2"}],"replies":[{"embeddable":true,"href":"https:\/\/www.europesays.com\/es\/wp-json\/wp\/v2\/comments?post=246275"}],"version-history":[{"count":0,"href":"https:\/\/www.europesays.com\/es\/wp-json\/wp\/v2\/posts\/246275\/revisions"}],"wp:featuredmedia":[{"embeddable":true,"href":"https:\/\/www.europesays.com\/es\/wp-json\/wp\/v2\/media\/246276"}],"wp:attachment":[{"href":"https:\/\/www.europesays.com\/es\/wp-json\/wp\/v2\/media?parent=246275"}],"wp:term":[{"taxonomy":"category","embeddable":true,"href":"https:\/\/www.europesays.com\/es\/wp-json\/wp\/v2\/categories?post=246275"},{"taxonomy":"post_tag","embeddable":true,"href":"https:\/\/www.europesays.com\/es\/wp-json\/wp\/v2\/tags?post=246275"}],"curies":[{"name":"wp","href":"https:\/\/api.w.org\/{rel}","templated":true}]}}