{"id":246297,"date":"2025-11-20T12:37:11","date_gmt":"2025-11-20T12:37:11","guid":{"rendered":"https:\/\/www.europesays.com\/es\/246297\/"},"modified":"2025-11-20T12:37:11","modified_gmt":"2025-11-20T12:37:11","slug":"la-hija-de-encarnita-polo-rompe-su-silencio-al-fin-a-traves-de-una-emotiva-carta","status":"publish","type":"post","link":"https:\/\/www.europesays.com\/es\/246297\/","title":{"rendered":"La hija de Encarnita Polo rompe su silencio al fin a trav\u00e9s de una emotiva carta"},"content":{"rendered":"<p><a title=\"La muerte de Encarnita Polo\" href=\"https:\/\/www.larazon.es\/gente\/famosos\/palacio-fantasma-encarnita-polo-que-nunca-existio_20251118691cbd8d360d0840bce96d8c.html\" target=\"_blank\" rel=\"nofollow noopener\">La muerte de Encarnita Polo<\/a> est\u00e1 a\u00fan cubriendo muchas horas en los plat\u00f3s de televisi\u00f3n y huecos destacados en la prensa escrita y digital. Todos lloran su p\u00e9rdida a los 86 a\u00f1os, especialmente por las circunstancias en la que se ha producido. Despu\u00e9s de una vida feliz en Madrid, rodeado de todos sus amigos, puso rumbo a \u00c1vila para estar al lado de su hija, Raquel Waitzman. <b>Su salud no le permit\u00eda permanecer sola sin la preocupaci\u00f3n de sus seres queridos a que algo pudiese sucederle<\/b>, adem\u00e1s de que el coste de su vida era elevado en la capital. <\/p>\n<p>Se mud\u00f3 al chal\u00e9 de su hija, junto al marido y el hijo de esta. Lidiaron con la convivencia hasta que se hizo m\u00e1s complicada, debida al creciente deterioro cognitivo de la cantante de \u2018Paco, Paco, Paco\u2019. <a title=\"Fue diagnosticada de un principio de Alzheimer\" href=\"https:\/\/www.larazon.es\/gente\/famosos\/amigos-encarnita-polo-alertan-principio-alzheimer_20251117691b549deba8bc0ece03aa8a.html\" target=\"_blank\" rel=\"nofollow noopener\">Fue diagnosticada de un principio de Alzheimer<\/a> y a pesar de estar bajo los cuidados de personas especializadas en el domicilio, se entendi\u00f3 necesario su ingreso en una residencia de mayores. Aqu\u00ed ha permanecido desde el pasado mes de mayo, hasta que este lunes <a title=\"fue asesinada por otro residente en el \u00e1rea de demencia\" href=\"https:\/\/www.larazon.es\/gente\/muere-cantante-encarnita-polo-directo-investigacion-policial-reacciones-ultima-hora_20251115691840f539b3f1652befaaa5.html\" target=\"_blank\" rel=\"nofollow noopener\">fue asesinada por otro residente en el \u00e1rea de demencia<\/a>. A\u00fan la polic\u00eda investiga lo sucedido, mientras la familia guardaba silencio. Hasta ahora. Su hija ya ha hablado. <\/p>\n<p>Raquel le dedica unas preciosas palabras a su madre<\/p>\n<p>Fue la propia hija la encargada de dar a conocer la tr\u00e1gica muerte de su madre este lunes 17 de noviembre.<b> Dorm\u00eda en su habitaci\u00f3n cuando otro residente se col\u00f3 y la estrangul\u00f3<\/b>. \u00c9l llevaba dos d\u00edas en el centro y no hab\u00eda informes m\u00e9dicos que alertasen de su conducta agresiva o que hiciese pensar que supon\u00eda un peligro para \u00e9l o el resto de internos. <b>De esto nada dijo la hija en su momento<\/b>, limit\u00e1ndose a informar de su p\u00e9rdida, pedir respeto en su proceso de duelo y agradecer las muestras de cari\u00f1o que estaba recibiendo.<\/p>\n<p><img decoding=\"async\" loading=\"lazy\" src=\"https:\/\/www.europesays.com\/es\/wp-content\/uploads\/2025\/11\/1763642231_503_encarnita-polo_58.jpg\" alt=\"Encarnita Polo\" width=\"3570\" height=\"2424\"\/><b>Encarnita Polo<\/b>CRISTINA BEJARANOLA RAZ\u00d3N<\/p>\n<p>Despu\u00e9s de dos d\u00edas de silencio, ha decidido volver a pronunciarse, a trav\u00e9s de una carta dirigida a los incondicionales de su madre. Raquel Waitzman, a trav\u00e9s de su perfil personal de Facebook, ha compartido un escrito en el que quiere agradecer a los fans de Encarnita Polo y tambi\u00e9n a los medios de comunicaci\u00f3n el apoyo que ha recibido y el calor que le han trasmitido en tan duros momentos. <\/p>\n<p><b>Un \u201ctsunami de personas que han contactado para mostrar su cari\u00f1o y admiraci\u00f3n hacia mi madre\u201d<\/b>. No le sorprende, pues recuerda los hitos de \u201cla artista pionera y una figura querida por tantas personas. Su m\u00fasica y sus canciones quedar\u00e1n para el recuerdo de todos, pero su luz se quedar\u00e1 conmigo\u201d. Pero la hija de Encarnita Polo no solo tiene palabras de agradecimiento para fans, tambi\u00e9n para los trabajadores con los que ha tratado estos d\u00edas en los que velaba a su madre: <b>\u201cEnorme gratitud tambi\u00e9n para los empleados del tanatorio Isabela \u00c1lvarez por el mimo, el cuidado y la humanidad con la que nos han tratado\u201d<\/b>, destaca. <\/p>\n<p>Raquel le reserva palabras amables a la prensa, a la vez que anuncia que no volver\u00e1 a prestarse a ofrecer declaraciones en p\u00fablico al respecto. Y es que tiene que transitar las etapas del duelo y el revuelo medi\u00e1tico le est\u00e1 removiendo el dolor: \u201cGracias de coraz\u00f3n a los medios y periodistas que han escogido recordar los buenos momentos y dejar de lado todo aquello que no merece seguir ocupando espacio. <b>Quiero pedir respeto y privacidad. No voy a conceder entrevistas, ni har\u00e9 ning\u00fan otro tipo de declaraci\u00f3n\u201d<\/b>, se desped\u00eda la hija de Encarnita Polo, que quiere seguir en el discreto segundo plano que ha ocupado toda su vida. <\/p>\n","protected":false},"excerpt":{"rendered":"La muerte de Encarnita Polo est\u00e1 a\u00fan cubriendo muchas horas en los plat\u00f3s de televisi\u00f3n y huecos destacados&hellip;\n","protected":false},"author":2,"featured_media":246298,"comment_status":"","ping_status":"","sticky":false,"template":"","format":"standard","meta":{"footnotes":""},"categories":[174],"tags":[255,146,147,25,24,256,23],"class_list":{"0":"post-246297","1":"post","2":"type-post","3":"status-publish","4":"format-standard","5":"has-post-thumbnail","7":"category-famosos","8":"tag-celebrities","9":"tag-entertainment","10":"tag-entretenimiento","11":"tag-es","12":"tag-espana","13":"tag-famosos","14":"tag-spain"},"share_on_mastodon":{"url":"https:\/\/pubeurope.com\/@es\/115582064973029437","error":""},"_links":{"self":[{"href":"https:\/\/www.europesays.com\/es\/wp-json\/wp\/v2\/posts\/246297","targetHints":{"allow":["GET"]}}],"collection":[{"href":"https:\/\/www.europesays.com\/es\/wp-json\/wp\/v2\/posts"}],"about":[{"href":"https:\/\/www.europesays.com\/es\/wp-json\/wp\/v2\/types\/post"}],"author":[{"embeddable":true,"href":"https:\/\/www.europesays.com\/es\/wp-json\/wp\/v2\/users\/2"}],"replies":[{"embeddable":true,"href":"https:\/\/www.europesays.com\/es\/wp-json\/wp\/v2\/comments?post=246297"}],"version-history":[{"count":0,"href":"https:\/\/www.europesays.com\/es\/wp-json\/wp\/v2\/posts\/246297\/revisions"}],"wp:featuredmedia":[{"embeddable":true,"href":"https:\/\/www.europesays.com\/es\/wp-json\/wp\/v2\/media\/246298"}],"wp:attachment":[{"href":"https:\/\/www.europesays.com\/es\/wp-json\/wp\/v2\/media?parent=246297"}],"wp:term":[{"taxonomy":"category","embeddable":true,"href":"https:\/\/www.europesays.com\/es\/wp-json\/wp\/v2\/categories?post=246297"},{"taxonomy":"post_tag","embeddable":true,"href":"https:\/\/www.europesays.com\/es\/wp-json\/wp\/v2\/tags?post=246297"}],"curies":[{"name":"wp","href":"https:\/\/api.w.org\/{rel}","templated":true}]}}