{"id":246317,"date":"2025-11-20T12:48:09","date_gmt":"2025-11-20T12:48:09","guid":{"rendered":"https:\/\/www.europesays.com\/es\/246317\/"},"modified":"2025-11-20T12:48:09","modified_gmt":"2025-11-20T12:48:09","slug":"el-deficit-comercial-de-espana-con-estados-unidos-se-dispara-un-39-tras-entrar-en-vigor-los-aranceles","status":"publish","type":"post","link":"https:\/\/www.europesays.com\/es\/246317\/","title":{"rendered":"El d\u00e9ficit comercial de Espa\u00f1a con Estados Unidos se dispara un 39% tras entrar en vigor los aranceles"},"content":{"rendered":"<p class=\"article-text\">\n        El d\u00e9ficit comercial de Espa\u00f1a con Estados Unidos alcanz\u00f3 hasta septiembre los 10.785,6 millones de euros, un 38,7% m\u00e1s que el acumulado de 7.772,4 millones de euros en el mismo periodo de 2024, seg\u00fan los datos recogidos en el Informe Mensual de Comercio Exterior que elabora el Ministerio de Econom\u00eda, Comercio y Empresa.\n    <\/p>\n<p>    <a href=\"https:\/\/www.eldiario.es\/economia\/escalada-arancelaria-trump-derriba-arquitectura-comercio-mundial_1_12519545.html\" data-mrf-recirculation=\"saber-mas\" data-dl-event=\"saber-mas\" rel=\"nofollow noopener\" target=\"_blank\"><\/p>\n<p class=\"know-more__title\">La escalada arancelaria de Trump derriba la arquitectura del comercio mundial<\/p>\n<p>            <img decoding=\"async\" class=\"lazy\" loading=\"lazy\" data-src=\"https:\/\/static.eldiario.es\/clip\/dd3b5cec-6425-4079-a007-effa47b3bdbf_16-9-aspect-ratio_default_0.jpg\" src=\"data:image\/svg+xml,%3Csvg xmlns=\" http:=\"\" viewbox=\"0 0 880 495\" alt=\"La escalada arancelaria de Trump derriba la arquitectura del comercio mundial\"\/><\/p>\n<p>                        <\/a><\/p>\n<p class=\"article-text\">\n        Entre enero y septiembre, Espa\u00f1a vendi\u00f3 a Estados Unidos bienes por valor de 12.604 millones de euros, un 7,4% menos que en los nueve primeros meses de 2024, en tanto que hizo compras de 23.390 millones de euros, un 9,4% m\u00e1s, informa Europa Press.\n    <\/p>\n<p class=\"article-text\">\n        En total, las exportaciones espa\u00f1olas alcanzaron los 288.339 millones de euros en los tres primeros trimestres de 2025, frente a 329.446 millones de euros en importaciones. Esto supone un d\u00e9ficit comercial de 41.106,6 millones, un repunte del 51,7% respecto al mismo periodo del a\u00f1o anterior, que se explica fundamentalmente por el mayor dinamismo de las compras que de las ventas.\n    <\/p>\n<p>    El d\u00e9ficit de Espa\u00f1a con EEUU se dispara un 47,3% en septiembre<\/p>\n<p class=\"article-text\">\n        Atendiendo \u00fanicamente al mes de septiembre,<a href=\"https:\/\/www.eldiario.es\/economia\/ue-eeuu-pactan-escrito-terminos-acuerdo-evitar-guerra-arancelaria_1_12548231.html\" data-mrf-recirculation=\"links-noticia\" class=\"link\" rel=\"nofollow noopener\" target=\"_blank\"> con los aranceles de Estados Unidos a la UE en vigor desde el pasado 7 de agosto<\/a>, el d\u00e9ficit comercial de Espa\u00f1a con Estados Unidos se dispar\u00f3 un 47,3% en tasa interanual, hasta situarse en 1.281,1 millones de euros, frente a los casi 870 millones de euros de septiembre de 2024.\n    <\/p>\n<p class=\"article-text\">\n        Las exportaciones espa\u00f1olas a Estados Unidos ascendieron en septiembre a 1.333,4 millones de euros, el 4,1% del importe total de ventas al exterior y un 4,9% por encima de la cifra de septiembre del a\u00f1o pasado.\n    <\/p>\n<p class=\"article-text\">\n        Por su parte, las importaciones desde Estados Unidos sumaron 2.614,5 millones de euros, el equivalente al 6,8% del valor total de las compras espa\u00f1olas al exterior y un 22,1% m\u00e1s que en septiembre de 2024.\n    <\/p>\n<p class=\"article-text\">\n        Los aranceles m\u00ednimos del 10% que Estados Unidos impuso a las importaciones globales entraron en vigor el pasado 7 de agosto, seg\u00fan la orden ejecutiva firmada por el presidente estadounidense, Donald Trump. El mandatario anunci\u00f3 el pasado 1 de agosto la imposici\u00f3n de nuevos aranceles a decenas de socios comerciales, que incluyen un m\u00ednimo global del 10% y grav\u00e1menes a partir del 15% para aquellos pa\u00edses que tengan super\u00e1vit comercial con el pa\u00eds norteamericano. Antes de la llegada de estos nuevos aranceles, ya estaban en vigor los impuestos a otros productos, como al acero.\n    <\/p>\n<p>    El d\u00e9ficit comercial con China sube un 13,6%<\/p>\n<p class=\"article-text\">\n        De acuerdo con el informe, China, con quien Espa\u00f1a se ha propuesto reforzar sus relaciones comerciales tras la pol\u00edtica arancelaria del Gobierno de Donald Trump, fue el pa\u00eds que m\u00e1s contribuy\u00f3, en positivo, a la tasa de variaci\u00f3n interanual de las importaciones espa\u00f1olas en los nueve primeros meses del a\u00f1o, con medicamentos, componentes de autom\u00f3vil y juguetes.\n    <\/p>\n<p class=\"article-text\">\n        Estados Unidos, por su parte, fue el segundo pa\u00eds que m\u00e1s aport\u00f3 al incremento de las importaciones espa\u00f1olas en los nueve primeros meses del a\u00f1o, sobre todo, con medicamentos y gas, entre otras mercanc\u00edas. Destacan tambi\u00e9n las contribuciones de Italia, al que Espa\u00f1a compr\u00f3 medicamentos, metales no ferrosos y maquinaria de uso general, y de Alemania (autom\u00f3vil, aeronaves y aparatos el\u00e9ctricos).\n    <\/p>\n<p class=\"article-text\">\n        Por su parte, B\u00e9lgica, Reino Unido, Portugal y Argelia se encuentran entre los pa\u00edses que m\u00e1s contribuyeron a la variaci\u00f3n interanual de las exportaciones espa\u00f1olas hasta septiembre.\n    <\/p>\n<p>    <a href=\"https:\/\/www.eldiario.es\/economia\/trump-reconoce-aranceles-encarecen-precios-alimentos-decreta-ahora-exenciones-carne-cafe-platanos_1_12770044.html\" data-mrf-recirculation=\"saber-mas-abajo\" data-dl-event=\"saber-mas-abajo\" rel=\"nofollow noopener\" target=\"_blank\"><\/p>\n<p class=\"know-more__title\">Trump reconoce que sus aranceles encarecen los alimentos y decreta ahora exenciones para la carne, el caf\u00e9 y los pl\u00e1tanos\n<\/p>\n<p>            <img decoding=\"async\" class=\"lazy\" loading=\"lazy\" data-src=\"https:\/\/static.eldiario.es\/clip\/d39d9f3a-d58e-4669-ba16-b8fb07a14c66_16-9-aspect-ratio_default_0.jpg\" src=\"data:image\/svg+xml,%3Csvg xmlns=\" http:=\"\" viewbox=\"0 0 880 495\" alt=\"Trump reconoce que sus aranceles encarecen los precios de los alimentos y decreta ahora exenciones para la carne, el caf\u00e9 y los pl\u00e1tanos\"\/><\/p>\n<p>                        <\/a><\/p>\n<p class=\"article-text\">\n        Espa\u00f1a presentaba hasta septiembre un d\u00e9ficit comercial con China de 30.843 millones de euros, cifra un 13,6% superior a la del mismo periodo de 2024. Las exportaciones espa\u00f1olas al gigante asi\u00e1tico aumentaron un 8,4% entre enero y septiembre, hasta los 5.991 millones de euros, en tanto que las importaciones avanzaron un 12,7%, hasta los 36.835 millones de euros.\n    <\/p>\n","protected":false},"excerpt":{"rendered":"El d\u00e9ficit comercial de Espa\u00f1a con Estados Unidos alcanz\u00f3 hasta septiembre los 10.785,6 millones de euros, un 38,7%&hellip;\n","protected":false},"author":2,"featured_media":246318,"comment_status":"","ping_status":"","sticky":false,"template":"","format":"standard","meta":{"footnotes":""},"categories":[42],"tags":[5287,62871,4135,17,18,5057,5893,5658,5996,4217,13,14,11,61,62,63,64,19,20,4724,9,10,15,16,12,21,22,4218,32250,65,66,67],"class_list":{"0":"post-246317","1":"post","2":"type-post","3":"status-publish","4":"format-standard","5":"has-post-thumbnail","7":"category-internacional","8":"tag-5287","9":"tag-62871","10":"tag-aranceles","11":"tag-breaking-news","12":"tag-breakingnews","13":"tag-comercial","14":"tag-deficit","15":"tag-dispara","16":"tag-entrar","17":"tag-estados","18":"tag-featured-news","19":"tag-featurednews","20":"tag-headlines","21":"tag-internacional","22":"tag-international","23":"tag-international-news","24":"tag-internationalnews","25":"tag-latest-news","26":"tag-latestnews","27":"tag-millones","28":"tag-news","29":"tag-noticias","30":"tag-noticias-destacadas","31":"tag-noticiasdestacadas","32":"tag-titulares","33":"tag-ultimas-noticias","34":"tag-ultimasnoticias","35":"tag-unidos","36":"tag-vigor","37":"tag-world","38":"tag-world-news","39":"tag-worldnews"},"share_on_mastodon":{"url":"","error":"Validation failed: Text character limit of 500 exceeded"},"_links":{"self":[{"href":"https:\/\/www.europesays.com\/es\/wp-json\/wp\/v2\/posts\/246317","targetHints":{"allow":["GET"]}}],"collection":[{"href":"https:\/\/www.europesays.com\/es\/wp-json\/wp\/v2\/posts"}],"about":[{"href":"https:\/\/www.europesays.com\/es\/wp-json\/wp\/v2\/types\/post"}],"author":[{"embeddable":true,"href":"https:\/\/www.europesays.com\/es\/wp-json\/wp\/v2\/users\/2"}],"replies":[{"embeddable":true,"href":"https:\/\/www.europesays.com\/es\/wp-json\/wp\/v2\/comments?post=246317"}],"version-history":[{"count":0,"href":"https:\/\/www.europesays.com\/es\/wp-json\/wp\/v2\/posts\/246317\/revisions"}],"wp:featuredmedia":[{"embeddable":true,"href":"https:\/\/www.europesays.com\/es\/wp-json\/wp\/v2\/media\/246318"}],"wp:attachment":[{"href":"https:\/\/www.europesays.com\/es\/wp-json\/wp\/v2\/media?parent=246317"}],"wp:term":[{"taxonomy":"category","embeddable":true,"href":"https:\/\/www.europesays.com\/es\/wp-json\/wp\/v2\/categories?post=246317"},{"taxonomy":"post_tag","embeddable":true,"href":"https:\/\/www.europesays.com\/es\/wp-json\/wp\/v2\/tags?post=246317"}],"curies":[{"name":"wp","href":"https:\/\/api.w.org\/{rel}","templated":true}]}}