{"id":246329,"date":"2025-11-20T12:59:10","date_gmt":"2025-11-20T12:59:10","guid":{"rendered":"https:\/\/www.europesays.com\/es\/246329\/"},"modified":"2025-11-20T12:59:10","modified_gmt":"2025-11-20T12:59:10","slug":"borja-iglesias-del-celta-elige-al-mejor-delantero-de-laliga","status":"publish","type":"post","link":"https:\/\/www.europesays.com\/es\/246329\/","title":{"rendered":"Borja Iglesias, del Celta, elige al mejor delantero de LaLiga"},"content":{"rendered":"\n<p>M\u00e1s noticias<\/p>\n<p><a class=\"info_masnoticias\" href=\"https:\/\/www.eldesmarque.com\/futbol\/celta-de-vigo\/\" rel=\"nofollow noopener\" target=\"_blank\"><br \/>\nM\u00e1s de<br \/>\nM\u00e1s noticias de<br \/>\nCelta de vigo<br \/>\n<\/a><\/p>\n<p><strong>Borja Iglesias<\/strong>, <a href=\"https:\/\/www.eldesmarque.com\/futbol\/celta-de-vigo\/20251104\/borja-iglesias-defiende-opiniones-politica_300800977.html\" rel=\"nofollow noopener\" target=\"_blank\">delantero internacional espa\u00f1ol<\/a> del <strong>Celta de Vigo<\/strong>, ha elegido el que es para \u00e9l el mejor delantero de LALIGA EA SPORTS. El Panda pas\u00f3 de nombrar a <strong>Kylian<\/strong> <strong>Mbapp\u00e9<\/strong>, <strong>Robert<\/strong> <strong>Lewandowski<\/strong> o <strong>Juli\u00e1n<\/strong> <strong>\u00c1lvarez<\/strong>. Su favorito es un viejo roquero que este 25 de noviembre cumplir\u00e1 36 a\u00f1os. Se trata de <strong>Kike<\/strong> <strong>Garc\u00eda<\/strong>, el <a href=\"https:\/\/www.eldesmarque.com\/futbol\/deportivo-alaves\/20250526\/fichaje-sorpresa-kike-garcia-alaves-cambia-equipo-laliga_300676765.html\" rel=\"nofollow noopener\" target=\"_blank\">actual &#8216;nueve&#8217; del <strong>RCD Espanyol<\/strong><\/a>.<\/p>\n<p>\u00ab<b>Mi delantero favorito de la Liga es Kike<\/b> <strong>Garc\u00eda<\/strong>\u00ab, respondi\u00f3 Borja Iglesias en un peque\u00f1o test que public\u00f3 el Celta de Vigo durante el par\u00f3n de selecciones donde el <a href=\"https:\/\/www.eldesmarque.com\/futbol\/celta-de-vigo\/20251018\/borja-iglesias-valentia-hector-bellerin-homosexualidad-mundo-futbol-masculino_300785392.html\" rel=\"nofollow noopener\" target=\"_blank\">Panda estaba concentrado con Espa\u00f1a<\/a>, clasificada para el Mundial de Estados Unidos, Canad\u00e1 y M\u00e9xico del a\u00f1o 2026. Este curso el Motilla del Palancar suma dos goles en once partidos.<\/p>\n<p><img decoding=\"async\" src=\"https:\/\/www.europesays.com\/es\/wp-content\/uploads\/2025\/11\/diseno_sin_titulo___2025_09_18t102807688png_001.png\" width=\"660\" height=\"428.57\" alt=\"Borja Iglesias con la camiseta de Oliveira dos Cen Anos (Foto: Celta).\"\/><br \/>\nBorja Iglesias con la camiseta de Oliveira dos Cen Anos (Foto: Celta).<\/p>\n<p>El <a href=\"https:\/\/www.eldesmarque.com\/futbol\/rcd-espanyol\/20251011\/kike-garcia-evita-tragedia-salva-vida-hugo-reencuentro-espanyol_300780827.html\" rel=\"nofollow noopener\" target=\"_blank\">conquense firm\u00f3 por la entidad perica<\/a> este verano tras una grand\u00edsima temporada en el Deportivo Alav\u00e9s, donde marc\u00f3 13 goles en Liga. Un cl\u00e1sico de Primera y Segunda Divisi\u00f3n que ha rendido en el Real Murcia, Eibar, CA Osasuna, Deportivo Alav\u00e9s y ahora RCD Espanyol.<\/p>\n<p><strong>60 goles en 300 partidos de LALIGA EA SPORTS y 35 tantos en 114 encuentros en LALIGA HYPERMOTION<\/strong> avalan la elecci\u00f3n de Borja Iglesias. El celeste apuesta por un &#8216;currante&#8217; de f\u00fatbol por encima de las grandes estrellas de Real Madrid, FC Barcelona o Atl\u00e9tico de Madrid.<\/p>\n<blockquote class=\"twitter-tweet\">\n<p lang=\"es\" dir=\"ltr\">Os dianteiros favoritos de <a href=\"https:\/\/twitter.com\/BorjaIglesias9?ref_src=twsrc%5Etfw\" rel=\"nofollow noopener\" target=\"_blank\">@BorjaIglesias9<\/a> \ud83d\udc3c<\/p>\n<p>Alerta por panenkismo \ud83d\udea8\ud83d\ude01 <a href=\"https:\/\/t.co\/1SFsdiKybK\" rel=\"nofollow\">pic.twitter.com\/1SFsdiKybK<\/a><\/p>\n<p>\u2014 Celta (@RCCelta) <a href=\"https:\/\/twitter.com\/RCCelta\/status\/1989694880327864534?ref_src=twsrc%5Etfw\" rel=\"nofollow noopener\" target=\"_blank\">November 15, 2025<\/a><\/p>\n<\/blockquote>\n<p>Borja Iglesias tambi\u00e9n eligi\u00f3 al que considera al mejor delantero de la actualidad. Ah\u00ed se decant\u00f3 por una apuesta segura. <b>Erling Haaland<\/b>, una de las grandes estrellas del\u00a0<b>Manchester City<\/b>, es el elegido. El noruego, que acaba de aplastar a Italia releg\u00e1ndola a la repesca mundialista, suma 22 goles en 19 partidos esta temporada. A lo largo de su carrera, a pesar de contar solo con 25 a\u00f1os, ha anotado <strong>280 goles en 348 encuentros<\/strong>. Adem\u00e1s con Noruega <strong>suma 55 tantos en 48 duelos<\/strong>.<\/p>\n<p><img decoding=\"async\" src=\"https:\/\/www.europesays.com\/es\/wp-content\/uploads\/2025\/11\/fotojet___2025_11_14t114613377jpg.jpg\" width=\"660\" height=\"370.79\" alt=\"Vinicius y Haaland (Cordon Press)\"\/><br \/>\nVinicius y Haaland (Cordon Press)<\/p>\n<p>Borja Iglesias volvi\u00f3 a sorprender al decantarse por <strong>Didier<\/strong> <strong>Drogba<\/strong>, la gran estrella del Chelsea y Costa de Marfil de principios del a\u00f1o 2000, como el mejor delantero de la historia. Al menos para el santiagu\u00e9s es su favorito. Centrado en el Celta de Vigo <a href=\"https:\/\/www.eldesmarque.com\/futbol\/celta-de-vigo\/20251024\/borja-iglesias-delantero-celta-vigo-habla-figura-iago-aspas-record-partidos_300790879.html\" rel=\"nofollow noopener\" target=\"_blank\">no dudo y eligi\u00f3 a <strong>Iago<\/strong> <strong>Aspas<\/strong> como su delantero favorito<\/a> en la historia celeste.<\/p>\n<p><script async src=\"https:\/\/platform.twitter.com\/widgets.js\" charset=\"utf-8\"><\/script><\/p>\n","protected":false},"excerpt":{"rendered":"M\u00e1s noticias M\u00e1s de M\u00e1s noticias de Celta de vigo Borja Iglesias, delantero internacional espa\u00f1ol del Celta de&hellip;\n","protected":false},"author":2,"featured_media":246330,"comment_status":"","ping_status":"","sticky":false,"template":"","format":"standard","meta":{"footnotes":""},"categories":[268],"tags":[168,25,24,280,282,281,23,167],"class_list":{"0":"post-246329","1":"post","2":"type-post","3":"status-publish","4":"format-standard","5":"has-post-thumbnail","7":"category-futbol","8":"tag-deportes","9":"tag-es","10":"tag-espana","11":"tag-football","12":"tag-futbol","13":"tag-soccer","14":"tag-spain","15":"tag-sports"},"share_on_mastodon":{"url":"https:\/\/pubeurope.com\/@es\/115582151732927022","error":""},"_links":{"self":[{"href":"https:\/\/www.europesays.com\/es\/wp-json\/wp\/v2\/posts\/246329","targetHints":{"allow":["GET"]}}],"collection":[{"href":"https:\/\/www.europesays.com\/es\/wp-json\/wp\/v2\/posts"}],"about":[{"href":"https:\/\/www.europesays.com\/es\/wp-json\/wp\/v2\/types\/post"}],"author":[{"embeddable":true,"href":"https:\/\/www.europesays.com\/es\/wp-json\/wp\/v2\/users\/2"}],"replies":[{"embeddable":true,"href":"https:\/\/www.europesays.com\/es\/wp-json\/wp\/v2\/comments?post=246329"}],"version-history":[{"count":0,"href":"https:\/\/www.europesays.com\/es\/wp-json\/wp\/v2\/posts\/246329\/revisions"}],"wp:featuredmedia":[{"embeddable":true,"href":"https:\/\/www.europesays.com\/es\/wp-json\/wp\/v2\/media\/246330"}],"wp:attachment":[{"href":"https:\/\/www.europesays.com\/es\/wp-json\/wp\/v2\/media?parent=246329"}],"wp:term":[{"taxonomy":"category","embeddable":true,"href":"https:\/\/www.europesays.com\/es\/wp-json\/wp\/v2\/categories?post=246329"},{"taxonomy":"post_tag","embeddable":true,"href":"https:\/\/www.europesays.com\/es\/wp-json\/wp\/v2\/tags?post=246329"}],"curies":[{"name":"wp","href":"https:\/\/api.w.org\/{rel}","templated":true}]}}