{"id":246333,"date":"2025-11-20T13:01:15","date_gmt":"2025-11-20T13:01:15","guid":{"rendered":"https:\/\/www.europesays.com\/es\/246333\/"},"modified":"2025-11-20T13:01:15","modified_gmt":"2025-11-20T13:01:15","slug":"el-dia-que-murio-franco-por-el-fotografo-logrones-teo-martinez","status":"publish","type":"post","link":"https:\/\/www.europesays.com\/es\/246333\/","title":{"rendered":"El d\u00eda que muri\u00f3 Franco, por el fot\u00f3grafo logro\u00f1\u00e9s Teo Mart\u00ednez"},"content":{"rendered":"<p class=\"v-mdl-ath__p v-mdl-ath__p--6\">\nJueves, 20 de noviembre 2025, 12:07<\/p>\n<p>| Actualizado 13:36h.<\/p>\n<p class=\"v-p\">El 20 de noviembre vuelve a poner el foco en uno de los momentos clave de la historia de Espa\u00f1a: la muerte de Francisco Franco en 1975. Logro\u00f1o tambi\u00e9n vivi\u00f3 ese d\u00eda de manera especial, y su reflejo qued\u00f3 inmortalizado gracias al fot\u00f3grafo <a href=\"https:\/\/www.larioja.com\/culturas\/fallece-fotografo-teo-martinez-20240520163148-nt.html\" title=\"www.larioja.com\" data-voc-vtm-id=\"in-text-traffic\" data-mrf-link=\"www.larioja.com\" rel=\"nofollow noopener\" target=\"_blank\">Teo Mart\u00ednez<\/a>, recientemente fallecido.<\/p>\n<p class=\"v-p\">El Archivo Hist\u00f3rico de la Casa de la Imagen ha recuperado y difundido una peque\u00f1a muestra de su trabajo sobre el 20-N. Son im\u00e1genes tomadas con un estilo cercano al fotoperiodismo estadounidense, marcado por la mirada incisiva y directa que caracteriz\u00f3 a Teo Mart\u00ednez.<\/p>\n<p class=\"v-p\">El reportaje muestra c\u00f3mo se vivi\u00f3 en Logro\u00f1o el final del franquismo, desde el ambiente en las calles hasta el sentir de una ciudad que asist\u00eda a un momento hist\u00f3rico. Adem\u00e1s, recoge el talento del autor para retratar tanto a las figuras relevantes de la Transici\u00f3n como a la ciudadan\u00eda com\u00fan.<\/p>\n<p><img decoding=\"async\" loading=\"lazy\" src=\"https:\/\/www.europesays.com\/es\/wp-content\/uploads\/2025\/11\/muerte-franco-2-k8MH--1200x840@La Rioja.jpg\" class=\"v-a-img\" width=\"1200\" height=\"840\" alt=\"Imagen de Galeria \"\/><\/p>\n<p>Archivo Hist\u00f3rico de la Casa de la Imagen                        <\/p>\n<p><img decoding=\"async\" loading=\"lazy\" src=\"https:\/\/www.europesays.com\/es\/wp-content\/uploads\/2025\/11\/muerte-franco-k8MH--1200x840@La Rioja.jpg\" class=\"v-a-img\" width=\"1200\" height=\"840\" alt=\"Imagen de Galeria \"\/><\/p>\n<p>Archivo Hist\u00f3rico de la Casa de la Imagen                        <\/p>\n<p><img decoding=\"async\" loading=\"lazy\" src=\"https:\/\/www.europesays.com\/es\/wp-content\/uploads\/2025\/11\/muerte-franco1-k8MH--1200x840@La Rioja.jpg\" class=\"v-a-img\" width=\"1200\" height=\"840\" alt=\"Imagen de Galeria \"\/><\/p>\n<p>Archivo Hist\u00f3rico de la Casa de la Imagen                        <\/p>\n<p class=\"v-sld__p-c\">\n1 \/\n<\/p>\n<p class=\"v-p\">La instituci\u00f3n destaca que esta selecci\u00f3n sirve para recordar a Teo Mart\u00ednez y reconocer el valor documental de su obra, as\u00ed como para homenajear a quienes contribuyeron al regreso de la democracia.<\/p>\n<p>Reporta un error<\/p>\n","protected":false},"excerpt":{"rendered":"Jueves, 20 de noviembre 2025, 12:07 | Actualizado 13:36h. El 20 de noviembre vuelve a poner el foco&hellip;\n","protected":false},"author":2,"featured_media":246334,"comment_status":"","ping_status":"","sticky":false,"template":"","format":"standard","meta":{"footnotes":""},"categories":[173],"tags":[229,233,231,230,232,978,234,146,147,25,24,6638,4999,825,11611,23,62874],"class_list":{"0":"post-246333","1":"post","2":"type-post","3":"status-publish","4":"format-standard","5":"has-post-thumbnail","7":"category-arte-y-diseno","8":"tag-arte","9":"tag-arte-y-diseno","10":"tag-arts","11":"tag-arts-and-design","12":"tag-design","13":"tag-dia","14":"tag-diseno","15":"tag-entertainment","16":"tag-entretenimiento","17":"tag-es","18":"tag-espana","19":"tag-fotografo","20":"tag-franco","21":"tag-martinez","22":"tag-murio","23":"tag-spain","24":"tag-teo"},"share_on_mastodon":{"url":"https:\/\/pubeurope.com\/@es\/115582159297706593","error":""},"_links":{"self":[{"href":"https:\/\/www.europesays.com\/es\/wp-json\/wp\/v2\/posts\/246333","targetHints":{"allow":["GET"]}}],"collection":[{"href":"https:\/\/www.europesays.com\/es\/wp-json\/wp\/v2\/posts"}],"about":[{"href":"https:\/\/www.europesays.com\/es\/wp-json\/wp\/v2\/types\/post"}],"author":[{"embeddable":true,"href":"https:\/\/www.europesays.com\/es\/wp-json\/wp\/v2\/users\/2"}],"replies":[{"embeddable":true,"href":"https:\/\/www.europesays.com\/es\/wp-json\/wp\/v2\/comments?post=246333"}],"version-history":[{"count":0,"href":"https:\/\/www.europesays.com\/es\/wp-json\/wp\/v2\/posts\/246333\/revisions"}],"wp:featuredmedia":[{"embeddable":true,"href":"https:\/\/www.europesays.com\/es\/wp-json\/wp\/v2\/media\/246334"}],"wp:attachment":[{"href":"https:\/\/www.europesays.com\/es\/wp-json\/wp\/v2\/media?parent=246333"}],"wp:term":[{"taxonomy":"category","embeddable":true,"href":"https:\/\/www.europesays.com\/es\/wp-json\/wp\/v2\/categories?post=246333"},{"taxonomy":"post_tag","embeddable":true,"href":"https:\/\/www.europesays.com\/es\/wp-json\/wp\/v2\/tags?post=246333"}],"curies":[{"name":"wp","href":"https:\/\/api.w.org\/{rel}","templated":true}]}}