{"id":246363,"date":"2025-11-20T13:22:08","date_gmt":"2025-11-20T13:22:08","guid":{"rendered":"https:\/\/www.europesays.com\/es\/246363\/"},"modified":"2025-11-20T13:22:08","modified_gmt":"2025-11-20T13:22:08","slug":"font-durisimo-con-laporta-entre-messi-y-florentino-eligio-florentino","status":"publish","type":"post","link":"https:\/\/www.europesays.com\/es\/246363\/","title":{"rendered":"Font, dur\u00edsimo con Laporta: \u201cEntre Messi y Florentino, eligi\u00f3 Florentino\u201d"},"content":{"rendered":"<p class=\"\">Metido de cabeza en campa\u00f1a electoral aunque ni siquiera haya una fecha fijada para las elecciones (entre el 15 de marzo y el 15 de junio), V\u00edctor Font, candidato en las elecciones de 2021 (el segundo m\u00e1s votado con unos 16.000 sufragios), y l\u00edder de la plataforma transversal \u2018Nosaltres\u2019 que se present\u00f3 el pasado lunes en la Fira de Barcelona, ha decidido cambiar su estrategia. Lejos del \u2018buenismo\u2019 de su campa\u00f1a electoral hace casi cinco a\u00f1os, va con todo a por Laporta. <b>Este jueves, en el Qu\u00e8 T\u2019hi Jugues de SER Catalunya, le golpe\u00f3 donde m\u00e1s duele<\/b>. Le acus\u00f3 de elegir seguir de la mano al Madrid en el proyecto de la Superliga, antes que renovar a Messi en el verano de 2021. As\u00ed lo explic\u00f3: \u201cEl Bar\u00e7a ten\u00eda potencial para retener a Messi en 2021, pero llegamos a junio prometiendo que se le iba a renovar en un asado\u2026. Llegaba el momento de que se hiciera oficial la firma, y no sal\u00eda. Entonces fue cuando sali\u00f3 Tebas con el tema del CVC. La venta de derechos de televisi\u00f3n, que luego se hizo con Sixth Street, no deb\u00eda formar parte del plan que se ten\u00eda que ejecutar porque vender derechos audiovisuales no te da valor.<b> El plan para renovar a Messi pasaba por una reestructuraci\u00f3n de gastos desde el primer momento e implementar operaciones que nos daban visibilidad sobre ingresos a trav\u00e9s de dos socios industriales. <\/b>Tambi\u00e9n pasaba tambi\u00e9n un esfuerzo de Messi\u2026. Pero cuando no planificas nada, pues acabas en manos de Tebas y CVC. <b>Entonces, se sent\u00f3 con Tebas, Alejandro Echevarr\u00eda y Jaume Roures. <\/b>Pactaron que se har\u00eda as\u00ed y, de repente, de un d\u00eda para otro, el s\u00ed se convirti\u00f3 en no. Y se convirti\u00f3 en no, entre otras cosas, porque Florentino le dijo al Bar\u00e7a que se iba por la v\u00eda de CVC, se olvidase de la Superliga. <b>Y entre la encrucijada de decidir entre Messi y Florentino, eligi\u00f3 Florentino\u201d.<\/b><\/p>\n<p class=\"\">En la misma l\u00ednea, Font acus\u00f3 a Laporta de \u201chacer seguidismo\u201d al Madrid. \u201cCuando pasan cosas como la que se est\u00e1 cocinando en el Madrid, uno est\u00e1 pendiente. Florentino cree que puede marcar el camino del Bar\u00e7a y le hemos hecho tanto seguidismo que \u00e9l cree que marcar\u00e1 el camino y que el Bar\u00e7a deber\u00e1 seguirlo (el de la conversi\u00f3n en SAD) por necesidad econ\u00f3mica. <b>Florentino cree que nos marca qu\u00e9 es lo de hemos hacer; y lo que tenemos que hacer. Y que con eso ficharemos Haaland. <\/b>Y ese es el peligro que corremos. A trav\u00e9s de una buena gesti\u00f3n, podemos mantenerlo como lo hemos conocido\u201d.<\/p>\n<p class=\"\">Font no prometi\u00f3 fichajes, pero s\u00ed dej\u00f3 caer que habr\u00e1 impactos en su campa\u00f1a: <b>\u201cFlorentino gan\u00f3 prometiendo un fichaje.<\/b> Yo no digo que haya que prometer fichajes porque hay que prometer cosas que se puedan cumplir. Pero s\u00ed llevamos a\u00f1os trabajando en una propuesta que tenga un efecto similar. El Bar\u00e7a hoy no puede aspirar a fichar a nadie porque no estamos ni en el 1:1. No enga\u00f1emos a la gente. Pero igual que en 2021, el Bar\u00e7a ten\u00eda capacidad y potencial para retener a Messi, ahora tiene potencial para afrontar cualquier operaci\u00f3n\u201d. <b>Admiti\u00f3 que no ha hablado con Messi: \u201cEl Bar\u00e7a deber\u00eda abrazarlo. Es un jugador en activo y hacerle una estatua se me queda corto.<\/b> Entender de qu\u00e9 manera podemos reconducir las relaciones tiene que ser una prioridad. Primero, hay que saber qu\u00e9 quiere Messi. El otro d\u00eda mand\u00f3 un mensaje cr\u00edptico en el que hac\u00eda indicar que le habr\u00eda hecho ilusi\u00f3n no salir, pero que le gustar\u00eda ser parte activa del club<b>. Hay que escucharlo, ver qu\u00e9 le har\u00eda ilusi\u00f3n y c\u00f3mo se puede encajar.<\/b> Messi merece que se le pregunte qu\u00e9 le har\u00eda ilusi\u00f3n y luego, los que gobernamos el club, ver c\u00f3mo se puede encajar para que esa ligaz\u00f3n de Messi sea estructural\u201d.<\/p>\n<p>Noticias relacionadas<\/p>\n<p class=\"\">Y dej\u00f3 claro que Xavi no est\u00e1 en sus planes deportivos. Ni como entrenador ni como manager:<b> \u201cXavi estaba all\u00ed (en la presentaci\u00f3n de \u2018Nosaltres\u2019) como leyenda del club y como alguien que piensa que el modelo de gobierno de club no funciona<\/b>. Porque as\u00ed iremos a peor y no ganaremos nada. Xavi no tiene en sus planes volver al Bar\u00e7a, a corto, medio ni largo plazo, seg\u00fan \u00e9l. Y no forma parte de nuestro proyecto deportivo\u201d.<\/p>\n<p class=\"\"><b>\u00a1Tus opiniones importan!<\/b> Comenta en los art\u00edculos y suscr\u00edbete gratis a nuestra <a href=\"https:\/\/asfan.as.com\/newsletters\/\" target=\"_blank\" rel=\"nofollow noopener\" title=\"https:\/\/asfan.as.com\/newsletters\/\">newsletter<\/a> y a las alertas informativas en la <a href=\"https:\/\/as.com\/aplicacion-de-as-n\/\" target=\"_blank\" rel=\"nofollow noopener\" title=\"https:\/\/as.com\/aplicacion-de-as-n\/\">App<\/a> o el canal de <a href=\"https:\/\/www.whatsapp.com\/channel\/0029VaAasdA7j6g745nz9M10\" target=\"_blank\" rel=\"nofollow noopener\" title=\"https:\/\/www.whatsapp.com\/channel\/0029VaAasdA7j6g745nz9M10\">WhatsApp<\/a>. \u00bfBuscas licenciar contenido? Haz clic <a href=\"https:\/\/profesional.elpais.com\/soluciones-sindicacion?utm_medium=interno&amp;utm_source=crosslinking&amp;utm_campaign=sindicacion_as_pie_articulos\" target=\"_blank\" rel=\"nofollow noopener\" title=\"https:\/\/profesional.elpais.com\/soluciones-sindicacion?utm_medium=interno&amp;utm_source=crosslinking&amp;utm_campaign=sindicacion_as_pie_articulos\">aqu\u00ed<\/a><\/p>\n","protected":false},"excerpt":{"rendered":"Metido de cabeza en campa\u00f1a electoral aunque ni siquiera haya una fecha fijada para las elecciones (entre el&hellip;\n","protected":false},"author":2,"featured_media":246364,"comment_status":"","ping_status":"","sticky":false,"template":"","format":"standard","meta":{"footnotes":""},"categories":[268],"tags":[168,25,24,280,282,281,23,167],"class_list":{"0":"post-246363","1":"post","2":"type-post","3":"status-publish","4":"format-standard","5":"has-post-thumbnail","7":"category-futbol","8":"tag-deportes","9":"tag-es","10":"tag-espana","11":"tag-football","12":"tag-futbol","13":"tag-soccer","14":"tag-spain","15":"tag-sports"},"share_on_mastodon":{"url":"https:\/\/pubeurope.com\/@es\/115582241683248878","error":""},"_links":{"self":[{"href":"https:\/\/www.europesays.com\/es\/wp-json\/wp\/v2\/posts\/246363","targetHints":{"allow":["GET"]}}],"collection":[{"href":"https:\/\/www.europesays.com\/es\/wp-json\/wp\/v2\/posts"}],"about":[{"href":"https:\/\/www.europesays.com\/es\/wp-json\/wp\/v2\/types\/post"}],"author":[{"embeddable":true,"href":"https:\/\/www.europesays.com\/es\/wp-json\/wp\/v2\/users\/2"}],"replies":[{"embeddable":true,"href":"https:\/\/www.europesays.com\/es\/wp-json\/wp\/v2\/comments?post=246363"}],"version-history":[{"count":0,"href":"https:\/\/www.europesays.com\/es\/wp-json\/wp\/v2\/posts\/246363\/revisions"}],"wp:featuredmedia":[{"embeddable":true,"href":"https:\/\/www.europesays.com\/es\/wp-json\/wp\/v2\/media\/246364"}],"wp:attachment":[{"href":"https:\/\/www.europesays.com\/es\/wp-json\/wp\/v2\/media?parent=246363"}],"wp:term":[{"taxonomy":"category","embeddable":true,"href":"https:\/\/www.europesays.com\/es\/wp-json\/wp\/v2\/categories?post=246363"},{"taxonomy":"post_tag","embeddable":true,"href":"https:\/\/www.europesays.com\/es\/wp-json\/wp\/v2\/tags?post=246363"}],"curies":[{"name":"wp","href":"https:\/\/api.w.org\/{rel}","templated":true}]}}