{"id":246365,"date":"2025-11-20T13:23:17","date_gmt":"2025-11-20T13:23:17","guid":{"rendered":"https:\/\/www.europesays.com\/es\/246365\/"},"modified":"2025-11-20T13:23:17","modified_gmt":"2025-11-20T13:23:17","slug":"georgina-rodriguez-publica-videos-con-cristiano-antes-de-ver-a-trump-al-ritmo-de-rosalia","status":"publish","type":"post","link":"https:\/\/www.europesays.com\/es\/246365\/","title":{"rendered":"Georgina Rodr\u00edguez publica v\u00eddeos con Cristiano antes de ver a Trump, al ritmo de Rosal\u00eda"},"content":{"rendered":"<p class=\"paragraph\">La empresaria Georgina Rodr\u00edguez, esposa del <a href=\"https:\/\/www.heraldo.es\/noticias\/internacional\/2025\/11\/19\/cristiano-ronaldo-cena-trump-casa-blanca-hijo-barron-respeta-ahora-poco-mas-1871645.html\" title=\"Cristiano Ronaldo cena con Trump en la Casa Blanca: &quot;Mi hijo Barron me respeta ahora un poco m\u00e1s&quot;\" target=\"_blank\" rel=\"nofollow noopener\">astro del f\u00fatbol Cristiano Ronaldo<\/a>, public\u00f3 este mi\u00e9rcoles en sus redes sociales varios v\u00eddeos de ella y su marido<b> prepar\u00e1ndose antes de acudir ayer a la Casa Blanca para una cena de gala con el presidente de EE.UU., Donald Trump.<\/b><\/p>\n<p class=\"paragraph\">En sus &#8216;stories&#8217; de Instagram, Rodr\u00edguez primero muestra una foto del vestido que llev\u00f3 a la cena, <b>un modelo de Guy Laroche<\/b>, que es el mismo que visti\u00f3 en 2005 la actriz Hilary Swank cuando gan\u00f3 un \u00f3scar a mejor actriz.<\/p>\n<p class=\"paragraph\">Despu\u00e9s publica dos v\u00eddeos donde se la ve a ella y a Cristiano siendo maquillados y peinados antes de acudir a la Casa Blanca, que la empresaria acompa\u00f1a <b>con una de las canciones del \u00faltimo trabajo de la artista espa\u00f1ola Rosal\u00eda, &#8216;Reliquia&#8217;.<\/b><\/p>\n<p class=\"paragraph\">Luego aparecen ambos en el ascensor mir\u00e1ndose en el espejo y m\u00e1s tarde termina con el v\u00eddeo grabado por la Casa Blanca, antes de la cena, donde <b>aparece la pareja caminando por el recinto vestidos con ropa de calle junto a Trump.<\/b><\/p>\n<p class=\"paragraph\">Cristiano, capit\u00e1n de la selecci\u00f3n portuguesa de f\u00fatbol y jugador del Al-Nassr saud\u00ed, <b>cen\u00f3 el martes en la Casa Blanca con Trump como parte de la delegaci\u00f3n que acompa\u00f1\u00f3 al pr\u00edncipe heredero de Arabia Saud\u00ed<\/b>, Mohammed bin Salm\u00e1m, en su visita a Estados Unidos.<\/p>\n<p class=\"paragraph\">Durante un discurso de bienvenida a la cena, Trump destac\u00f3 la presencia de la superestrella portuguesa y dijo que <b>su hijo Barron estaba emocionado por conocer a Cristiano Ronaldo en persona.<\/b><\/p>\n<p class=\"paragraph\">El futbolista, acompa\u00f1ado de Georgina Rodr\u00edguez, no fue invitado a tomar la palabra, pero <b>fue ubicado en los primeros asientos de la mesa en el Sal\u00f3n Este de la Casa Blanca.<\/b><\/p>\n","protected":false},"excerpt":{"rendered":"La empresaria Georgina Rodr\u00edguez, esposa del astro del f\u00fatbol Cristiano Ronaldo, public\u00f3 este mi\u00e9rcoles en sus redes sociales&hellip;\n","protected":false},"author":2,"featured_media":246366,"comment_status":"","ping_status":"","sticky":false,"template":"","format":"standard","meta":{"footnotes":""},"categories":[174],"tags":[255,14386,146,147,25,24,256,16905,4500,416,4147,23],"class_list":{"0":"post-246365","1":"post","2":"type-post","3":"status-publish","4":"format-standard","5":"has-post-thumbnail","7":"category-famosos","8":"tag-celebrities","9":"tag-cristiano","10":"tag-entertainment","11":"tag-entretenimiento","12":"tag-es","13":"tag-espana","14":"tag-famosos","15":"tag-georgina","16":"tag-publica","17":"tag-rodriguez","18":"tag-rosalia","19":"tag-spain"},"share_on_mastodon":{"url":"https:\/\/pubeurope.com\/@es\/115582245589430852","error":""},"_links":{"self":[{"href":"https:\/\/www.europesays.com\/es\/wp-json\/wp\/v2\/posts\/246365","targetHints":{"allow":["GET"]}}],"collection":[{"href":"https:\/\/www.europesays.com\/es\/wp-json\/wp\/v2\/posts"}],"about":[{"href":"https:\/\/www.europesays.com\/es\/wp-json\/wp\/v2\/types\/post"}],"author":[{"embeddable":true,"href":"https:\/\/www.europesays.com\/es\/wp-json\/wp\/v2\/users\/2"}],"replies":[{"embeddable":true,"href":"https:\/\/www.europesays.com\/es\/wp-json\/wp\/v2\/comments?post=246365"}],"version-history":[{"count":0,"href":"https:\/\/www.europesays.com\/es\/wp-json\/wp\/v2\/posts\/246365\/revisions"}],"wp:featuredmedia":[{"embeddable":true,"href":"https:\/\/www.europesays.com\/es\/wp-json\/wp\/v2\/media\/246366"}],"wp:attachment":[{"href":"https:\/\/www.europesays.com\/es\/wp-json\/wp\/v2\/media?parent=246365"}],"wp:term":[{"taxonomy":"category","embeddable":true,"href":"https:\/\/www.europesays.com\/es\/wp-json\/wp\/v2\/categories?post=246365"},{"taxonomy":"post_tag","embeddable":true,"href":"https:\/\/www.europesays.com\/es\/wp-json\/wp\/v2\/tags?post=246365"}],"curies":[{"name":"wp","href":"https:\/\/api.w.org\/{rel}","templated":true}]}}