{"id":246373,"date":"2025-11-20T13:28:09","date_gmt":"2025-11-20T13:28:09","guid":{"rendered":"https:\/\/www.europesays.com\/es\/246373\/"},"modified":"2025-11-20T13:28:09","modified_gmt":"2025-11-20T13:28:09","slug":"return-to-silent-hill-fecha-de-estreno-en-espana","status":"publish","type":"post","link":"https:\/\/www.europesays.com\/es\/246373\/","title":{"rendered":"Return to Silent Hill: Fecha de estreno en Espa\u00f1a"},"content":{"rendered":"<p>&#13;<br \/>\n\t\t\t\t\t&#13;<br \/>\n\t\t\t\t\tTriPictures acaba de confirmar que ser\u00e1 el pr\u00f3ximo <b>23 de enero<\/b> cuando se estrene en los cines espa\u00f1oles <b>Return to Silent Hill<\/b>, la adaptaci\u00f3n de \u00abSilent Hill 2\u00bb a la gran pantalla que ha llevado a cabo Christophe Gans, responsable de la magn\u00edfica primera pel\u00edcula de la saga de 2006.<\/p>\n<p>Cuando James recibe una misteriosa carta de su amor perdido, Mary, se siente atra\u00eddo por Silent Hill, un pueblo que antes le era familiar y ahora est\u00e1 sumido en la oscuridad. Mientras la busca, James se enfrenta a criaturas monstruosas y desentra\u00f1a una aterradora verdad que lo llevar\u00e1 al l\u00edmite de su cordura.<\/p>\n<p>La pel\u00edcula est\u00e1 protagonizada por Jeremy Irvine y Hannah Emily Anderson. Destaca adem\u00e1s la participaci\u00f3n de Akira Yamaoka, quien compuso la m\u00fasica del videojuego original, para mantener la esencia de la saga.<\/p>\n<p>&#13;<br \/>\n\t\t\t\t\t&#13;<\/p>\n","protected":false},"excerpt":{"rendered":"&#13; &#13; TriPictures acaba de confirmar que ser\u00e1 el pr\u00f3ximo 23 de enero cuando se estrene en los&hellip;\n","protected":false},"author":2,"featured_media":246374,"comment_status":"","ping_status":"","sticky":false,"template":"","format":"standard","meta":{"footnotes":""},"categories":[169],"tags":[177,146,147,25,24,176,175,23],"class_list":{"0":"post-246373","1":"post","2":"type-post","3":"status-publish","4":"format-standard","5":"has-post-thumbnail","7":"category-cine","8":"tag-cine","9":"tag-entertainment","10":"tag-entretenimiento","11":"tag-es","12":"tag-espana","13":"tag-film","14":"tag-movies","15":"tag-spain"},"share_on_mastodon":{"url":"https:\/\/pubeurope.com\/@es\/115582265362374144","error":""},"_links":{"self":[{"href":"https:\/\/www.europesays.com\/es\/wp-json\/wp\/v2\/posts\/246373","targetHints":{"allow":["GET"]}}],"collection":[{"href":"https:\/\/www.europesays.com\/es\/wp-json\/wp\/v2\/posts"}],"about":[{"href":"https:\/\/www.europesays.com\/es\/wp-json\/wp\/v2\/types\/post"}],"author":[{"embeddable":true,"href":"https:\/\/www.europesays.com\/es\/wp-json\/wp\/v2\/users\/2"}],"replies":[{"embeddable":true,"href":"https:\/\/www.europesays.com\/es\/wp-json\/wp\/v2\/comments?post=246373"}],"version-history":[{"count":0,"href":"https:\/\/www.europesays.com\/es\/wp-json\/wp\/v2\/posts\/246373\/revisions"}],"wp:featuredmedia":[{"embeddable":true,"href":"https:\/\/www.europesays.com\/es\/wp-json\/wp\/v2\/media\/246374"}],"wp:attachment":[{"href":"https:\/\/www.europesays.com\/es\/wp-json\/wp\/v2\/media?parent=246373"}],"wp:term":[{"taxonomy":"category","embeddable":true,"href":"https:\/\/www.europesays.com\/es\/wp-json\/wp\/v2\/categories?post=246373"},{"taxonomy":"post_tag","embeddable":true,"href":"https:\/\/www.europesays.com\/es\/wp-json\/wp\/v2\/tags?post=246373"}],"curies":[{"name":"wp","href":"https:\/\/api.w.org\/{rel}","templated":true}]}}