{"id":246383,"date":"2025-11-20T13:34:10","date_gmt":"2025-11-20T13:34:10","guid":{"rendered":"https:\/\/www.europesays.com\/es\/246383\/"},"modified":"2025-11-20T13:34:10","modified_gmt":"2025-11-20T13:34:10","slug":"cuatro-muertos-en-gaza-tras-nuevos-bombardeos-israelies","status":"publish","type":"post","link":"https:\/\/www.europesays.com\/es\/246383\/","title":{"rendered":"Cuatro muertos en Gaza tras nuevos bombardeos israel\u00edes"},"content":{"rendered":"<p>    <img src=\"https:\/\/www.europesays.com\/es\/wp-content\/uploads\/2025\/11\/2025-11-20T113A353A29Z-90398734.jpg\" width=\"1024\" height=\"682\" alt=\"\" loading=\"eager\" decoding=\"sync\" fetchpriority=\"high\"\/><\/p>\n<p>            afp_tickers        <\/p>\n<p>        Este contenido fue publicado en    <\/p>\n<p>        20 noviembre 2025 &#8211; 12:35\n<\/p>\n<p>Cuatro personas, entre ellas una ni\u00f1a de un a\u00f1o, murieron este jueves en nuevos bombardeos israel\u00edes en el sur de la Franja de Gaza, informaron las autoridades locales,\u00a0en medio de acusaciones cruzadas de vulnerar la tregua.<\/p>\n<p>De acuerdo con una fuente del Ministerio del Interior de Gaza, bajo control del movimiento islamista Ham\u00e1s, los ataques a\u00e9reos cesaron a las 05H00 (03H00 GMT), pero los disparos de artiller\u00eda israel\u00edes contin\u00faan en la zona.<\/p>\n<p>Israel y Ham\u00e1s se acusan mutuamente desde el mi\u00e9rcoles de violar el fr\u00e1gil alto el fuego en vigor desde el 10 de octubre.\u00a0<\/p>\n<p>El ej\u00e9rcito israel\u00ed denunci\u00f3 disparos \u00aben direcci\u00f3n de la zona donde [sus] soldados operan en Jan Yunis\u00bb, mientras que las autoridades de Gaza reportaron 27 muertos en los bombardeos israel\u00edes de ese d\u00eda.<\/p>\n<p>Este jueves, la Defensa Civil de Gaza dijo que se hab\u00eda hecho cargo de tres muertos y 15 heridos tras un bombardeo israel\u00ed sobre una vivienda al este de Jan Yunis.<\/p>\n<p>Consultado por la AFP, el ej\u00e9rcito israel\u00ed confirm\u00f3 un ataque para \u00abdesmantelar infraestructuras terroristas\u00bb.<\/p>\n<p>El hospital Naser de Jan Yunis confirm\u00f3 la muerte de tres personas, incluyendo una ni\u00f1a de un a\u00f1o, que, dijo, pertenec\u00edan a una misma familia.<\/p>\n<p>Otra persona falleci\u00f3 al este de esta localidad en un ataque con dron, informaron los servicios de emergencia del Ministerio de Salud de Gaza y el hospital Naser.<\/p>\n<p>Los ataques del mi\u00e9rcoles fueron de los m\u00e1s mort\u00edferos del ej\u00e9rcito israel\u00ed sobre Gaza desde el inicio de la tregua promovida por el presidente estadounidense, Donald Trump, en el territorio palestino.<\/p>\n<p>La guerra estall\u00f3 el 7 de octubre de 2023 con el ataque de Ham\u00e1s contra el sur de Israel que result\u00f3 en la muerte de 1.221 personas, seg\u00fan un recuento con base en datos oficiales.<\/p>\n<p>La ofensiva de represalia israel\u00ed sobre Gaza mat\u00f3 a m\u00e1s de 69.500 personas, de acuerdo con las cifras del Ministerio de Salud de Gaza, consideradas fiables por la ONU.<\/p>\n<p>bur\/my\/crb\/vl\/dbh\/meb\/arm<\/p>\n","protected":false},"excerpt":{"rendered":"afp_tickers Este contenido fue publicado en 20 noviembre 2025 &#8211; 12:35 Cuatro personas, entre ellas una ni\u00f1a de&hellip;\n","protected":false},"author":2,"featured_media":246384,"comment_status":"","ping_status":"","sticky":false,"template":"","format":"standard","meta":{"footnotes":""},"categories":[42],"tags":[635,17,18,636,13,14,11,61,62,63,64,19,20,9,10,15,16,90,12,21,22,65,66,67],"class_list":{"0":"post-246383","1":"post","2":"type-post","3":"status-publish","4":"format-standard","5":"has-post-thumbnail","7":"category-internacional","8":"tag-armed-conflict","9":"tag-breaking-news","10":"tag-breakingnews","11":"tag-conflict","12":"tag-featured-news","13":"tag-featurednews","14":"tag-headlines","15":"tag-internacional","16":"tag-international","17":"tag-international-news","18":"tag-internationalnews","19":"tag-latest-news","20":"tag-latestnews","21":"tag-news","22":"tag-noticias","23":"tag-noticias-destacadas","24":"tag-noticiasdestacadas","25":"tag-ticker","26":"tag-titulares","27":"tag-ultimas-noticias","28":"tag-ultimasnoticias","29":"tag-world","30":"tag-world-news","31":"tag-worldnews"},"share_on_mastodon":{"url":"https:\/\/pubeurope.com\/@es\/115582289515462637","error":""},"_links":{"self":[{"href":"https:\/\/www.europesays.com\/es\/wp-json\/wp\/v2\/posts\/246383","targetHints":{"allow":["GET"]}}],"collection":[{"href":"https:\/\/www.europesays.com\/es\/wp-json\/wp\/v2\/posts"}],"about":[{"href":"https:\/\/www.europesays.com\/es\/wp-json\/wp\/v2\/types\/post"}],"author":[{"embeddable":true,"href":"https:\/\/www.europesays.com\/es\/wp-json\/wp\/v2\/users\/2"}],"replies":[{"embeddable":true,"href":"https:\/\/www.europesays.com\/es\/wp-json\/wp\/v2\/comments?post=246383"}],"version-history":[{"count":0,"href":"https:\/\/www.europesays.com\/es\/wp-json\/wp\/v2\/posts\/246383\/revisions"}],"wp:featuredmedia":[{"embeddable":true,"href":"https:\/\/www.europesays.com\/es\/wp-json\/wp\/v2\/media\/246384"}],"wp:attachment":[{"href":"https:\/\/www.europesays.com\/es\/wp-json\/wp\/v2\/media?parent=246383"}],"wp:term":[{"taxonomy":"category","embeddable":true,"href":"https:\/\/www.europesays.com\/es\/wp-json\/wp\/v2\/categories?post=246383"},{"taxonomy":"post_tag","embeddable":true,"href":"https:\/\/www.europesays.com\/es\/wp-json\/wp\/v2\/tags?post=246383"}],"curies":[{"name":"wp","href":"https:\/\/api.w.org\/{rel}","templated":true}]}}