{"id":246395,"date":"2025-11-20T13:44:12","date_gmt":"2025-11-20T13:44:12","guid":{"rendered":"https:\/\/www.europesays.com\/es\/246395\/"},"modified":"2025-11-20T13:44:12","modified_gmt":"2025-11-20T13:44:12","slug":"aaliya-es-el-protagonista-del-intrascendente-triunfo-del-ucam-ante-el-lublin","status":"publish","type":"post","link":"https:\/\/www.europesays.com\/es\/246395\/","title":{"rendered":"Aaliya es el protagonista del intrascendente triunfo del UCAM ante el Lublin"},"content":{"rendered":"<p>Partido de baloncesto sin historia en cuanto al nulo efecto del resultado, pues el UCAM, pasara lo que pasara, terminaba como primer clasificado del grupo  &#8230; A esta primera fase de la FIBA Europe Cup para estar ser ya equipo del &#8216;top 16&#8217;, pero que puede quedar para el recuerdo como la primera gran noche de Lee Aaliya con la camiseta murciana. Con la subtrama de Jordan Davis, ex del UCAM y nuevo fichaje del Caesa, como espectador de excepci\u00f3n en la grada, el joven internacional argentino de solo 21 a\u00f1os se hizo con todos los focos en su segundo partido oficial con el primer equipo.<\/p>\n<p class=\"v-scr__t\">UCAM Murcia <\/p>\n<p class=\"v-scr__p v-scr__p--3\">DeJulius (0), Forrest (26), Falk (4), Nakic (8) y Cate (10) -quinteto titular- Garc\u00eda (0), Neves, L\u00f3pez De la Torre (7), Diagne (0), Aaliya (14), Hicks (5) y Ennis (6).<\/p>\n<p class=\"v-scr__n-c v-scr__n-c--1 \">\n 80\n<\/p>\n<p class=\"v-scr__n-c v-scr__n-c--2\">\n&#8211;\n<\/p>\n<p class=\"v-scr__n-c v-scr__n-c--3 \">\n 75\n<\/p>\n<p class=\"v-scr__t\">PGE Start Lublin <\/p>\n<p class=\"v-scr__p v-scr__p--3\">Hawkins (13), Krasuski (0), Mack (23), Put (9) y Griffin (7) -quinteto titular- Wright, Pelczar (5), Kepka, Ford (14) y Szymanski (4).<\/p>\n<ul class=\"v-u\">\n<li class=\"v-u__l\">\n<p class=\"v-p\">\nParciales:<br \/>\n22-19, 17-27 (39-46), 27-13 (66-59) y 14-16 (80-75).\n<\/p>\n<\/li>\n<li class=\"v-u__l\">\n<p class=\"v-p\">\n\u00c1rbitros:<br \/>\nRitvars Helmsteins (Letonia), Branimir Galic (Croacia) y Pierre Landry (Francia).\n<\/p>\n<\/li>\n<li class=\"v-u__l\">\n<p class=\"v-p\">\nIncidencias:<br \/>\nPalacio de los Deportes de Murcia, 3.066 espectadores. 6\u00aa jornada del grupo A de la FIBA Europe Cup.\n<\/p>\n<\/li>\n<\/ul>\n<p class=\"v-p\">Provisto de unas manos prodigiosas para finalizar cerca del aro, un gran instinto para elegir entre la contundencia del mate o la finura del semigancho, un buen tacto a pocos metros del aro, excepcional verticalidad en defensa y, sobre todo, de unas inacabables ganas de ganarse cada minuto, la gran estrella del filial sub-22, un jugador que ya convenci\u00f3 a una de las mejores universidades de la NCAA como Michigan, que fue subcampe\u00f3n argentino el a\u00f1o pasado y que ya es internacional absoluto con su pa\u00eds, cerr\u00f3 con una hoja estad\u00edstica de 14 puntos, 12 rebotes y 25 de valoraci\u00f3n, m\u00e1s que nadie, este solo segundo partido oficial con el UCAM.<\/p>\n<p>\nLos 26 puntos de Forrest, m\u00e1ximo anotador del partido, quedaron eclipsados por el amanecer del canterano, preparado para el primer nivel\n<\/p>\n<p class=\"v-p\">Entrado en pista cuando quedaban 5:54 para el descanso, 12 y 9 de esos 14 y 12 llegaron en una segunda parte en la que su equipo remont\u00f3 a un crecido Lublin, que tuvo un triple para empatar en su \u00faltimo ataque, bien defendido precisamente por Aaliya, que tambi\u00e9n soporta cambios defensivos con peque\u00f1os como el r\u00e1pido Hawkins.<\/p>\n<p>Segundas partes<\/p>\n<p class=\"v-p\">Como ha venido acostumbrando el UCAM en esta FIBA Europe Cup, la segunda parte es donde una fuerte pisada al acelerador deja al rival sin opci\u00f3n. Hoy, el Lublin, adem\u00e1s, solo meti\u00f3 en pista a ocho jugadores. Y despu\u00e9s de verse con una ventaja de diez puntos en la primera parte (28-38, minuto 15), en apenas tres minutos de la segunda el UCAM se puso solo a uno con un incisivo Ennis (47-48, minuto 23). Se resisti\u00f3 la remontada, con Mack empe\u00f1ado en robar el &#8216;show&#8217;, pero un parcial de 9-0 lo logr\u00f3 (58-55, minuto 28) antes de que Aaliya terminara del todo con la resistencia del Lublin, que volvi\u00f3 a ponerse por delante antes de que el argentino anotar ocho puntos sin respuesta para cerrar el tercer cuarto (66-59).<\/p>\n<p>\nEl Lublin lleg\u00f3 a disfrutar de diez puntos de ventaja en la primera parte (28-38, minuto 15), pero sufri\u00f3 su corta rotaci\u00f3n de ocho jugadores\n<\/p>\n<p class=\"v-p\">Un triple de Forrest para abrir el \u00faltimo acto dio la m\u00e1xima ventaja local (69-59) para cerrar el parcial de 11-0 abierto por Aaliya y, a partir de ah\u00ed, el UCAM administr\u00f3 una diferencia que por poco se le escapa en los \u00faltimos compases.<\/p>\n<p><a href=\"http:\/\/www.laverdad.es\/deportes\/ucamcb\/directo-ucam-murcia-lublin-20251119202242-di.html#vtm_modulosEngag=mod-rel:deportes:noticia:1:cmp:1-not\" class=\"v-a-link\" aria-label=\"Imagen\" rel=\"nofollow noopener\" target=\"_blank\"><\/p>\n<p><img decoding=\"async\" loading=\"lazy\" src=\"https:\/\/www.europesays.com\/es\/wp-content\/uploads\/2025\/11\/ucam-p-U2201640523905HHE--366x256@La Verdad-LaVerdad.jpg\" class=\"v-a-img\" width=\"258\" height=\"180\" alt=\"\" data-voc-vtm-id=\"in-text-traffic\"\/><\/p>\n<p><\/a><\/p>\n<p>El Falco, otra vez<\/p>\n<p class=\"v-p\">Ahora, el UCAM queda encuadrado en el grupo K del &#8216;top 16&#8217; de la competici\u00f3n, otro de cuatro equipos con enfrentamientos de ida y vuelta. Antes de esta noche ya conoc\u00edan los de Sito a dos de sus rivales, los Rostock Seawolves alemanes y el Trefl polaco, l\u00edderes de los grupos B e I. Terminados todos los partidos, se conoci\u00f3 que quien completa el grupo ser\u00e1 el Falco h\u00fangaro, viejo conocido de las Champions League de la 2022-23 y la 2024-25, que se clasific\u00f3 como sexto mejor segundo, el \u00faltimo billete.<\/p>\n","protected":false},"excerpt":{"rendered":"Partido de baloncesto sin historia en cuanto al nulo efecto del resultado, pues el UCAM, pasara lo que&hellip;\n","protected":false},"author":2,"featured_media":246396,"comment_status":"","ping_status":"","sticky":false,"template":"","format":"standard","meta":{"footnotes":""},"categories":[269],"tags":[62879,1575,299,298,168,25,24,62880,15276,1440,23,167,2886,9413],"class_list":{"0":"post-246395","1":"post","2":"type-post","3":"status-publish","4":"format-standard","5":"has-post-thumbnail","7":"category-baloncesto","8":"tag-aaliya","9":"tag-ante","10":"tag-baloncesto","11":"tag-basketball","12":"tag-deportes","13":"tag-es","14":"tag-espana","15":"tag-intrascendente","16":"tag-lublin","17":"tag-protagonista","18":"tag-spain","19":"tag-sports","20":"tag-triunfo","21":"tag-ucam"},"share_on_mastodon":{"url":"https:\/\/pubeurope.com\/@es\/115582329002826615","error":""},"_links":{"self":[{"href":"https:\/\/www.europesays.com\/es\/wp-json\/wp\/v2\/posts\/246395","targetHints":{"allow":["GET"]}}],"collection":[{"href":"https:\/\/www.europesays.com\/es\/wp-json\/wp\/v2\/posts"}],"about":[{"href":"https:\/\/www.europesays.com\/es\/wp-json\/wp\/v2\/types\/post"}],"author":[{"embeddable":true,"href":"https:\/\/www.europesays.com\/es\/wp-json\/wp\/v2\/users\/2"}],"replies":[{"embeddable":true,"href":"https:\/\/www.europesays.com\/es\/wp-json\/wp\/v2\/comments?post=246395"}],"version-history":[{"count":0,"href":"https:\/\/www.europesays.com\/es\/wp-json\/wp\/v2\/posts\/246395\/revisions"}],"wp:featuredmedia":[{"embeddable":true,"href":"https:\/\/www.europesays.com\/es\/wp-json\/wp\/v2\/media\/246396"}],"wp:attachment":[{"href":"https:\/\/www.europesays.com\/es\/wp-json\/wp\/v2\/media?parent=246395"}],"wp:term":[{"taxonomy":"category","embeddable":true,"href":"https:\/\/www.europesays.com\/es\/wp-json\/wp\/v2\/categories?post=246395"},{"taxonomy":"post_tag","embeddable":true,"href":"https:\/\/www.europesays.com\/es\/wp-json\/wp\/v2\/tags?post=246395"}],"curies":[{"name":"wp","href":"https:\/\/api.w.org\/{rel}","templated":true}]}}