{"id":246412,"date":"2025-11-20T13:55:10","date_gmt":"2025-11-20T13:55:10","guid":{"rendered":"https:\/\/www.europesays.com\/es\/246412\/"},"modified":"2025-11-20T13:55:10","modified_gmt":"2025-11-20T13:55:10","slug":"las-cinco-mejores-ofertas-de-amazon-en-dispositivos-de-apple-durante-su-semana-de-black-friday-hoy-20-de-noviembre","status":"publish","type":"post","link":"https:\/\/www.europesays.com\/es\/246412\/","title":{"rendered":"Las cinco mejores ofertas de Amazon en dispositivos de Apple durante su Semana de Black Friday, hoy 20 de noviembre"},"content":{"rendered":"<p>Todav\u00eda queda una semana para que llegue el Black Friday, pero tal y como hemos visto otros a\u00f1os algunas tiendas se han adelantado. Amazon ha comenzado su <a rel=\"nofollow, sponsored, noopener, noreferrer\" target=\"_blank\" class=\"js-ecommerce\" id=\"link-ecommerce-1\" href=\"https:\/\/www.applesfera.com\/redirect?url=https%3A%2F%2Fwww.amazon.es%2Fblackfriday%3Fref_%3Dnav_cs_gb_td_bf_dt_cr&amp;category=seleccion&amp;ecomPostExpiration=perish&amp;postId=167485\" data-vars-affiliate-url=\"https:\/\/www.amazon.es\/blackfriday?ref_=nav_cs_gb_td_bf_dt_cr\">Semana de Black Friday<\/a> por todo lo alto incluso con dispositivos de Apple en oferta. Por ello, en este art\u00edculo vamos a repasar cu\u00e1les son las <strong>cinco mejores ofertas que se encuentran en la tienda<\/strong>.<\/p>\n<ul>\n<li value=\"1\"><strong>iPad Air M2<\/strong> por <a rel=\"nofollow, sponsored, noopener, noreferrer\" target=\"_blank\" class=\"js-ecommerce\" id=\"link-ecommerce-2\" href=\"https:\/\/www.applesfera.com\/redirect?url=https%3A%2F%2Fwww.amazon.es%2Fdp%2FB0D3J8B9TC&amp;category=seleccion&amp;ecomPostExpiration=perish&amp;postId=167485\" data-vars-affiliate-url=\"https:\/\/www.amazon.es\/dp\/B0D3J8B9TC\">749 euros<\/a>, una tablet grande de 13 pulgadas que viene con 256 GB de almacenamiento interno.<\/li>\n<li value=\"2\"><strong>AirPods Pro 3<\/strong> por <a rel=\"nofollow, sponsored, noopener, noreferrer\" target=\"_blank\" class=\"js-ecommerce\" id=\"link-ecommerce-3\" href=\"https:\/\/www.applesfera.com\/redirect?url=https%3A%2F%2Fwww.amazon.es%2Fdp%2FB0FQF32239&amp;category=seleccion&amp;ecomPostExpiration=perish&amp;postId=167485\" data-vars-affiliate-url=\"https:\/\/www.amazon.es\/dp\/B0FQF32239\">219 euros<\/a>, la mejor oferta que han tenido de momento los auriculares de Apple.<\/li>\n<li value=\"3\"><strong>Mac mini M4<\/strong> por <a rel=\"nofollow, sponsored, noopener, noreferrer\" target=\"_blank\" class=\"js-ecommerce\" id=\"link-ecommerce-4\" href=\"https:\/\/www.applesfera.com\/redirect?url=https%3A%2F%2Fwww.amazon.es%2Fdp%2FB0DLCF3NTJ&amp;category=seleccion&amp;ecomPostExpiration=perish&amp;postId=167485\" data-vars-affiliate-url=\"https:\/\/www.amazon.es\/dp\/B0DLCF3NTJ\">599 euros<\/a>, un preciazo para un ordenador con especificaciones tan redondas.<\/li>\n<li value=\"4\"><strong>iPhone 15<\/strong> por <a rel=\"nofollow, sponsored, noopener, noreferrer\" target=\"_blank\" class=\"js-ecommerce\" id=\"link-ecommerce-5\" href=\"https:\/\/www.applesfera.com\/redirect?url=https%3A%2F%2Fwww.amazon.es%2Fdp%2FB0CHXCQ9B9&amp;category=seleccion&amp;ecomPostExpiration=perish&amp;postId=167485\" data-vars-affiliate-url=\"https:\/\/www.amazon.es\/dp\/B0CHXCQ9B9\">610 euros<\/a>, un buen m\u00f3vil que, pese a no ser de los m\u00e1s recientes, nunca ha estado tan barato.<\/li>\n<li value=\"5\"><strong>MacBook Air M4<\/strong> por <a rel=\"nofollow, sponsored, noopener, noreferrer\" target=\"_blank\" class=\"js-ecommerce\" id=\"link-ecommerce-6\" href=\"https:\/\/www.applesfera.com\/redirect?url=https%3A%2F%2Fwww.amazon.es%2Fdp%2FB0DZDC1TBW&amp;category=seleccion&amp;ecomPostExpiration=perish&amp;postId=167485\" data-vars-affiliate-url=\"https:\/\/www.amazon.es\/dp\/B0DZDC1TBW\">879 euros<\/a>, una excelente alternativa al Mac mini M4, pero con la ventaja de ser port\u00e1til.<\/li>\n<\/ul>\n<p>iPad Air M2<\/p>\n<p>                    <a rel=\"nofollow, sponsored, noopener, noreferrer\" target=\"_blank\" class=\"js-ecommerce\" id=\"link-ecommerce-7\" href=\"https:\/\/www.applesfera.com\/redirect?url=https%3A%2F%2Fwww.amazon.es%2Fdp%2FB0D3J8B9TC&amp;category=seleccion&amp;ecomPostExpiration=perish&amp;postId=167485\" data-vars-affiliate-url=\"https:\/\/www.amazon.es\/dp\/B0D3J8B9TC\"><br \/>\n         <img class=\"centro_sinmarco\" height=\"900\" width=\"1600\" loading=\"lazy\" decoding=\"async\"  fetchpriority=\"high\"  src=\"https:\/\/i.blogs.es\/98506f\/ipad-air-m2\/450_1000.webp\" alt=\"Ipad Air M2\" onerror=\"this.src=\" https:=\"\" false=\"\"\/><\/p>\n<p>     <\/a><\/p>\n<p>Una de las mejores ofertas de Amazon la encontramos en el <a class=\"text-outboundlink\" href=\"https:\/\/www.applesfera.com\/analisis\/ipad-air-m2-analisis-caracteristicas-precio-especificaciones\" data-vars-post-title=\"iPad Air M2 (2024), an\u00e1lisis: fusi\u00f3n perfecta entre versatilidad y potencia\" data-vars-post-url=\"https:\/\/www.applesfera.com\/analisis\/ipad-air-m2-analisis-caracteristicas-precio-especificaciones\" rel=\"nofollow noopener\" target=\"_blank\">iPad Air M2<\/a>, pero no es en cualquier configuraci\u00f3n. Incorpora una <strong>pantalla de 13 pulgadas<\/strong> y viene con <strong>256 GB<\/strong> de almacenamiento interno, por lo que es ideal para ver contenido multimedia, para estudiar o para trabajar. Su precio es de <a rel=\"nofollow, sponsored, noopener, noreferrer\" target=\"_blank\" class=\"js-ecommerce\" id=\"link-ecommerce-8\" href=\"https:\/\/www.applesfera.com\/redirect?url=https%3A%2F%2Fwww.amazon.es%2Fdp%2FB0D3J8B9TC&amp;category=seleccion&amp;ecomPostExpiration=perish&amp;postId=167485\" data-vars-affiliate-url=\"https:\/\/www.amazon.es\/dp\/B0D3J8B9TC\">749 euros<\/a>, su bater\u00eda ofrece una buena autonom\u00eda te\u00f3rica de hasta 10 horas y es compatible con <a class=\"text-outboundlink\" href=\"https:\/\/www.applesfera.com\/nuevo\/apple-intelligence-informacion\" data-vars-post-title=\"Apple Intelligence: todo lo que puedes hacer con la IA de Apple y qu\u00e9 dispositivos son compatibles\" data-vars-post-url=\"https:\/\/www.applesfera.com\/nuevo\/apple-intelligence-informacion\" rel=\"nofollow noopener\" target=\"_blank\">Apple Intelligence<\/a>.<\/p>\n<p> <a rel=\"nofollow, sponsored, noopener, noreferrer\" target=\"_blank\" href=\"https:\/\/www.applesfera.com\/redirect?site=applesfera&amp;url=https%3A%2F%2Fwww.amazon.es%2Fdp%2FB0D3J8B9TC%3Ftag%3Dapplesfera-21%26linkCode%3Dogi%26th%3D1%26psc%3D1&amp;affiliate_id=&amp;ecomPostExpiration=perish&amp;postId=167485\"><br \/>\n     <img loading=\"lazy\" decoding=\"async\" src=\"https:\/\/i.blogs.es\/385103\/41z26ks-6-l._sl500_\/original.webp\" onerror=\"this.src=\" https:=\"\" false=\"\" alt=\"iPad Air M2 (13 pulgadas, 256 GB)\" width=\"500\" height=\"500\"\/><br \/>\n   <\/a><\/p>\n<p class=\"pivot-ecommerce-desc\">iPad Air M2 (13 pulgadas, 256 GB)<\/p>\n<p>El precio podr\u00eda variar. Obtenemos comisi\u00f3n por estos enlaces<\/p>\n<p>AirPods Pro 3<\/p>\n<p>                    <a rel=\"nofollow, sponsored, noopener, noreferrer\" target=\"_blank\" class=\"js-ecommerce\" id=\"link-ecommerce-9\" href=\"https:\/\/www.applesfera.com\/redirect?url=https%3A%2F%2Fwww.amazon.es%2Fdp%2FB0FQF32239&amp;category=seleccion&amp;ecomPostExpiration=perish&amp;postId=167485\" data-vars-affiliate-url=\"https:\/\/www.amazon.es\/dp\/B0FQF32239\"><br \/>\n         <img class=\"centro_sinmarco\" height=\"900\" width=\"1600\" loading=\"lazy\" decoding=\"async\"  fetchpriority=\"high\"  src=\"https:\/\/i.blogs.es\/ef2d07\/airpods-pro-3\/450_1000.webp\" alt=\"Airpods Pro 3\" onerror=\"this.src=\" https:=\"\" false=\"\"\/><\/p>\n<p>     <\/a><\/p>\n<p>Se lanzaron hace muy poco tiempo, pero los <a class=\"text-outboundlink\" href=\"https:\/\/www.applesfera.com\/analisis\/airpods-pro-3-analisis-caracteristicas-precio-especificaciones\" data-vars-post-title=\"AirPods Pro 3, an\u00e1lisis: Apple reinventa sus auriculares estrella con mejor sonido, mejor ajuste y nuevas funciones de salud\" data-vars-post-url=\"https:\/\/www.applesfera.com\/analisis\/airpods-pro-3-analisis-caracteristicas-precio-especificaciones\" rel=\"nofollow noopener\" target=\"_blank\">AirPods Pro 3<\/a> ya se encuentran m\u00e1s baratos. Por <a rel=\"nofollow, sponsored, noopener, noreferrer\" target=\"_blank\" class=\"js-ecommerce\" id=\"link-ecommerce-10\" href=\"https:\/\/www.applesfera.com\/redirect?url=https%3A%2F%2Fwww.amazon.es%2Fdp%2FB0FQF32239&amp;category=seleccion&amp;ecomPostExpiration=perish&amp;postId=167485\" data-vars-affiliate-url=\"https:\/\/www.amazon.es\/dp\/B0FQF32239\">219 euros<\/a>, hablamos de unos auriculares con audio espacial, detecci\u00f3n de conversaci\u00f3n y ecualizaci\u00f3n adaptativa. Adem\u00e1s, seg\u00fan Apple, ofrecen el <strong>doble de cancelaci\u00f3n de ruido<\/strong> que la generaci\u00f3n anterior y su autonom\u00eda te\u00f3rica con el estuche es de hasta 24 horas. Tambi\u00e9n incorporan un sensor de frecuencia cardiaca, son compatible con <a class=\"text-outboundlink\" href=\"https:\/\/www.applesfera.com\/accesorios\/magsafe-para-iphone-que-cuales-iphone-compatibles-que-tipos-accesorios-aprovechan\" data-vars-post-title=\"MagSafe para iPhone: qu\u00e9 es, cu\u00e1les son los iPhone compatibles y qu\u00e9 tipos de accesorios lo aprovechan\" data-vars-post-url=\"https:\/\/www.applesfera.com\/accesorios\/magsafe-para-iphone-que-cuales-iphone-compatibles-que-tipos-accesorios-aprovechan\" rel=\"nofollow noopener\" target=\"_blank\">MagSafe<\/a> y son resistentes al agua y al polvo.<\/p>\n<p>En el caso de buscar algo m\u00e1s barato, los <a class=\"text-outboundlink\" href=\"https:\/\/www.applesfera.com\/analisis\/apple-airpods-pro-2-analisis-caracteristicas-precio-especificaciones\" data-vars-post-title=\"AirPods Pro 2, an\u00e1lisis: superpoderes para tus o\u00eddos\" data-vars-post-url=\"https:\/\/www.applesfera.com\/analisis\/apple-airpods-pro-2-analisis-caracteristicas-precio-especificaciones\" rel=\"nofollow noopener\" target=\"_blank\">AirPods Pro 2<\/a> tambi\u00e9n tienen un buen precio, ya que se encuentran de oferta en Amazon por <a rel=\"nofollow, sponsored, noopener, noreferrer\" target=\"_blank\" class=\"js-ecommerce\" id=\"link-ecommerce-11\" href=\"https:\/\/www.applesfera.com\/redirect?url=https%3A%2F%2Fwww.amazon.es%2Fdp%2FB0CHX9WTR6&amp;category=seleccion&amp;ecomPostExpiration=perish&amp;postId=167485\" data-vars-affiliate-url=\"https:\/\/www.amazon.es\/dp\/B0CHX9WTR6\">179,99 euros<\/a>.<\/p>\n<p> <a rel=\"nofollow, sponsored, noopener, noreferrer\" target=\"_blank\" href=\"https:\/\/www.applesfera.com\/redirect?site=applesfera&amp;url=https%3A%2F%2Fwww.amazon.es%2Fdp%2FB0FQF32239%3Ftag%3Dapplesfera-21%26linkCode%3Dogi%26th%3D1%26psc%3D1&amp;affiliate_id=&amp;ecomPostExpiration=perish&amp;postId=167485\"><br \/>\n     <img loading=\"lazy\" decoding=\"async\" src=\"https:\/\/i.blogs.es\/1b12a2\/21drjjhobol._sl500_\/original.webp\" onerror=\"this.src=\" https:=\"\" false=\"\" alt=\"AirPods Pro 3\" width=\"500\" height=\"500\"\/><br \/>\n   <\/a><\/p>\n<p>El precio podr\u00eda variar. Obtenemos comisi\u00f3n por estos enlaces<\/p>\n<p>Mac mini M4<\/p>\n<p>                    <a rel=\"nofollow, sponsored, noopener, noreferrer\" target=\"_blank\" class=\"js-ecommerce\" id=\"link-ecommerce-12\" href=\"https:\/\/www.applesfera.com\/redirect?url=https%3A%2F%2Fwww.amazon.es%2Fdp%2FB0DLCF3NTJ&amp;category=seleccion&amp;ecomPostExpiration=perish&amp;postId=167485\" data-vars-affiliate-url=\"https:\/\/www.amazon.es\/dp\/B0DLCF3NTJ\"><br \/>\n         <img class=\"centro_sinmarco\" height=\"900\" width=\"1600\" loading=\"lazy\" decoding=\"async\"  fetchpriority=\"high\"  src=\"https:\/\/i.blogs.es\/1e51bc\/mac-mini-m4\/450_1000.webp\" alt=\"Mac Mini M4\" onerror=\"this.src=\" https:=\"\" false=\"\"\/><\/p>\n<p>     <\/a><\/p>\n<p>No s\u00e9 a cu\u00e1ntas personas le he recomendado el <a class=\"text-outboundlink\" href=\"https:\/\/www.applesfera.com\/nuevo\/comparativa-mac-mini-m2-vs-mac-mini-m4\" data-vars-post-title=\"Nuevo Mac mini M4 frente al Mac mini M2: un hito hist\u00f3rico en tama\u00f1o, potencia y conectividad\" data-vars-post-url=\"https:\/\/www.applesfera.com\/nuevo\/comparativa-mac-mini-m2-vs-mac-mini-m4\" rel=\"nofollow noopener\" target=\"_blank\">Mac mini M4<\/a> por lo mucho que me ha gustado este ordenador para trabajar. Lo compr\u00e9 m\u00e1s caro de los <a rel=\"nofollow, sponsored, noopener, noreferrer\" target=\"_blank\" class=\"js-ecommerce\" id=\"link-ecommerce-13\" href=\"https:\/\/www.applesfera.com\/redirect?url=https%3A%2F%2Fwww.amazon.es%2Fdp%2FB0DLCF3NTJ&amp;category=seleccion&amp;ecomPostExpiration=perish&amp;postId=167485\" data-vars-affiliate-url=\"https:\/\/www.amazon.es\/dp\/B0DLCF3NTJ\">599 euros<\/a> que ahora cuesta en Amazon y me tiene maravillado. Es muy peque\u00f1o, <strong>no hace nada de ruido ni se calienta (ni siquiera en plena ola de calor del verano)<\/strong> y su <a class=\"text-outboundlink\" href=\"https:\/\/www.applesfera.com\/nuevo\/chip-m4-informacion\" data-vars-post-title=\"Chip M4, M4 Pro y M4 Max: as\u00ed son los procesadores m\u00e1s potentes de Apple y la diferencia entre ellos\" data-vars-post-url=\"https:\/\/www.applesfera.com\/nuevo\/chip-m4-informacion\" rel=\"nofollow noopener\" target=\"_blank\">chip M4<\/a> es potente incluso al ejecutar diversas apps y navegadores. Si buscas un buen ordenador de sobremesa para estudiar o trabajar, es uno de los modelos m\u00e1s interesantes de Apple.<\/p>\n<p> <a rel=\"nofollow, sponsored, noopener, noreferrer\" target=\"_blank\" href=\"https:\/\/www.applesfera.com\/redirect?site=applesfera&amp;url=https%3A%2F%2Fwww.amazon.es%2Fdp%2FB0DLCF3NTJ%3Ftag%3Dapplesfera-21%26linkCode%3Dogi%26th%3D1%26psc%3D1&amp;affiliate_id=&amp;ecomPostExpiration=perish&amp;postId=167485\"><br \/>\n     <img loading=\"lazy\" decoding=\"async\" src=\"https:\/\/i.blogs.es\/0e029d\/21uen8pxhcl._sl500_\/original.webp\" onerror=\"this.src=\" https:=\"\" false=\"\" alt=\"Mac mini M4 (16 GB, 256 GB)\" width=\"500\" height=\"500\"\/><br \/>\n   <\/a><\/p>\n<p class=\"pivot-ecommerce-desc\">Mac mini M4 (16 GB, 256 GB)<\/p>\n<p>El precio podr\u00eda variar. Obtenemos comisi\u00f3n por estos enlaces<\/p>\n<p>iPhone 15<\/p>\n<p>                    <a rel=\"nofollow, sponsored, noopener, noreferrer\" target=\"_blank\" class=\"js-ecommerce\" id=\"link-ecommerce-14\" href=\"https:\/\/www.applesfera.com\/redirect?url=https%3A%2F%2Fwww.amazon.es%2Fdp%2FB0CHXCQ9B9&amp;category=seleccion&amp;ecomPostExpiration=perish&amp;postId=167485\" data-vars-affiliate-url=\"https:\/\/www.amazon.es\/dp\/B0CHXCQ9B9\"><br \/>\n         <img class=\"centro_sinmarco\" height=\"900\" width=\"1600\" loading=\"lazy\" decoding=\"async\"  fetchpriority=\"high\"  src=\"https:\/\/i.blogs.es\/c89a88\/iphone-15\/450_1000.webp\" alt=\"Iphone 15\" onerror=\"this.src=\" https:=\"\" false=\"\"\/><\/p>\n<p>     <\/a><\/p>\n<p>No ser\u00e1 el m\u00f3vil m\u00e1s actual de Apple, pero si lo que buscamos es un modelo m\u00e1s que decente y que tenga un buen precio, el <a class=\"text-outboundlink\" href=\"https:\/\/www.applesfera.com\/analisis\/iphone-15-iphone-15-plus-analisis-caracteristicas-precio-especificaciones\" data-vars-post-title=\"iPhone 15 y iPhone 15 Plus, an\u00e1lisis: determinaci\u00f3n Pro\" data-vars-post-url=\"https:\/\/www.applesfera.com\/analisis\/iphone-15-iphone-15-plus-analisis-caracteristicas-precio-especificaciones\" rel=\"nofollow noopener\" target=\"_blank\">iPhone 15<\/a> puede resultar muy atractivo. Por <a rel=\"nofollow, sponsored, noopener, noreferrer\" target=\"_blank\" class=\"js-ecommerce\" id=\"link-ecommerce-15\" href=\"https:\/\/www.applesfera.com\/redirect?url=https%3A%2F%2Fwww.amazon.es%2Fdp%2FB0CHXCQ9B9&amp;category=seleccion&amp;ecomPostExpiration=perish&amp;postId=167485\" data-vars-affiliate-url=\"https:\/\/www.amazon.es\/dp\/B0CHXCQ9B9\">610 euros<\/a> hablamos del precio m\u00ednimo hist\u00f3rico de Amazon, y de un m\u00f3vil que sigue siendo una excelente opci\u00f3n de compra. Viene con una <strong>pantalla m\u00e1s compacta (6,1 pulgadas) de lo que encontramos en la nueva generaci\u00f3n<\/strong>, su chip A16 Bionic ofrece un buen rendimiento y <a class=\"text-outboundlink\" href=\"https:\/\/www.applesfera.com\/nuevo\/cuantos-anos-actualizaciones-le-quedan-a-mi-iphone-asi-podemos-saberlo\" data-vars-post-title=\"\u00bfCu\u00e1ntos a\u00f1os de actualizaciones le quedan a mi iPhone? As\u00ed podemos saberlo\" data-vars-post-url=\"https:\/\/www.applesfera.com\/nuevo\/cuantos-anos-actualizaciones-le-quedan-a-mi-iphone-asi-podemos-saberlo\" rel=\"nofollow noopener\" target=\"_blank\">estar\u00e1 actualizado durante muchos a\u00f1os<\/a>.<\/p>\n<p> <a rel=\"nofollow, sponsored, noopener, noreferrer\" target=\"_blank\" href=\"https:\/\/www.applesfera.com\/redirect?site=applesfera&amp;url=https%3A%2F%2Fwww.amazon.es%2Fdp%2FB0CHXCQ9B9%3Ftag%3Dapplesfera-21%26linkCode%3Dogi%26th%3D1%26psc%3D1&amp;affiliate_id=&amp;ecomPostExpiration=perish&amp;postId=167485\"><br \/>\n     <img loading=\"lazy\" decoding=\"async\" src=\"https:\/\/i.blogs.es\/3351a4\/31-dqc9l-ml._sl500_\/original.webp\" onerror=\"this.src=\" https:=\"\" false=\"\" alt=\"iPhone 15 (128 GB)\" width=\"500\" height=\"500\"\/><br \/>\n   <\/a><\/p>\n<p>El precio podr\u00eda variar. Obtenemos comisi\u00f3n por estos enlaces<\/p>\n<p>MacBook Air M4<\/p>\n<p>                    <a rel=\"nofollow, sponsored, noopener, noreferrer\" target=\"_blank\" class=\"js-ecommerce\" id=\"link-ecommerce-16\" href=\"https:\/\/www.applesfera.com\/redirect?url=https%3A%2F%2Fwww.amazon.es%2Fdp%2FB0DZDC1TBW&amp;category=seleccion&amp;ecomPostExpiration=perish&amp;postId=167485\" data-vars-affiliate-url=\"https:\/\/www.amazon.es\/dp\/B0DZDC1TBW\"><br \/>\n         <img class=\"centro_sinmarco\" height=\"900\" width=\"1600\" loading=\"lazy\" decoding=\"async\"  fetchpriority=\"high\"  src=\"https:\/\/i.blogs.es\/c97e10\/macbook-air-m4\/450_1000.webp\" alt=\"Macbook Air M4\" onerror=\"this.src=\" https:=\"\" false=\"\"\/><\/p>\n<p>     <\/a><\/p>\n<p>Si el Mac mini M4 te resulta atractivo, pero realmente buscas un ordenador port\u00e1til, el <a class=\"text-outboundlink\" href=\"https:\/\/www.applesfera.com\/analisis\/apple-macbook-air-m4-analisis-caracteristicas-precio-especificaciones\" data-vars-post-title=\"Apple MacBook Air M4, an\u00e1lisis: el Mac m\u00e1s atractivo por precio y potencia en a\u00f1os\" data-vars-post-url=\"https:\/\/www.applesfera.com\/analisis\/apple-macbook-air-m4-analisis-caracteristicas-precio-especificaciones\" rel=\"nofollow noopener\" target=\"_blank\">MacBook Air M4<\/a> tambi\u00e9n ha bajado de precio con la \u00faltima oleada de ofertas de Amazon. Por <a rel=\"nofollow, sponsored, noopener, noreferrer\" target=\"_blank\" class=\"js-ecommerce\" id=\"link-ecommerce-17\" href=\"https:\/\/www.applesfera.com\/redirect?url=https%3A%2F%2Fwww.amazon.es%2Fdp%2FB0DZDC1TBW&amp;category=seleccion&amp;ecomPostExpiration=perish&amp;postId=167485\" data-vars-affiliate-url=\"https:\/\/www.amazon.es\/dp\/B0DZDC1TBW\">879 euros<\/a>, estamos ante un ordenador port\u00e1til <strong>ultraligero (1,24 pulgadas)<\/strong> que monta una pantalla de 13 pulgadas y que, como su nombre lo indica, viene con el chip M4 de Apple.<\/p>\n<p> <a rel=\"nofollow, sponsored, noopener, noreferrer\" target=\"_blank\" href=\"https:\/\/www.applesfera.com\/redirect?site=applesfera&amp;url=https%3A%2F%2Fwww.amazon.es%2Fdp%2FB0DZDC1TBW%3Ftag%3Dapplesfera-21%26linkCode%3Dogi%26th%3D1%26psc%3D1&amp;affiliate_id=&amp;ecomPostExpiration=perish&amp;postId=167485\"><br \/>\n     <img loading=\"lazy\" decoding=\"async\" src=\"https:\/\/i.blogs.es\/006cf4\/41plei7l5ol._sl500_\/original.webp\" onerror=\"this.src=\" https:=\"\" false=\"\" alt=\"MacBook Air M4 (13 pulgadas, 16 GB, 256 GB)\" width=\"500\" height=\"500\"\/><br \/>\n   <\/a><\/p>\n<p class=\"pivot-ecommerce-desc\">MacBook Air M4 (13 pulgadas, 16 GB, 256 GB)<\/p>\n<p>El precio podr\u00eda variar. Obtenemos comisi\u00f3n por estos enlaces<\/p>\n<p>    <a href=\"https:\/\/www.compradiccion.com\/automovil-y-gps\/ha-llegado-a-lidl-black-friday-baliza-v16-homologada-barata-que-necesitas-30-euros\" class=\"pivot-outboundlink\" target=\"_blank\" data-vars-post-title=\"Llega a Lidl por el Black Friday la baliza V16 barata que necesitar\u00e1s este 1 de enero de 2.026\" rel=\"nofollow noopener\"><br \/>\n     <img loading=\"lazy\" decoding=\"async\" alt=\"Llega a Lidl por el Black Friday la baliza V16 barata que necesitar\u00e1s este 1 de enero de 2.026\" width=\"375\" height=\"142\" src=\"https:\/\/i.blogs.es\/62560c\/lidl4\/375_142.webp\" onerror=\"this.src=\" https:=\"\"\/><br \/>\n    <\/a><\/p>\n<p>Algunos de los enlaces de este art\u00edculo son afiliados y pueden reportar un beneficio econ\u00f3mico a Applesfera. En caso de no disponibilidad, las ofertas pueden variar.<\/p>\n<p>Im\u00e1genes |\u00a0Amazon y Compradicci\u00f3n (cabecera), Apple<\/p>\n<p>En Applesfera |\u00a0<a class=\"text-outboundlink\" href=\"https:\/\/www.applesfera.com\/seleccion\/que-mac-comprar-2020-guia-para-elegir-ordenador-apple-que-se-ajusta-a-tus-necesidades\" data-vars-post-title=\"Qu\u00e9 Mac comprar en 2025. Gu\u00eda para elegir el ordenador de Apple que m\u00e1s se ajusta a tus necesidades\" data-vars-post-url=\"https:\/\/www.applesfera.com\/seleccion\/que-mac-comprar-2020-guia-para-elegir-ordenador-apple-que-se-ajusta-a-tus-necesidades\" rel=\"nofollow noopener\" target=\"_blank\">Qu\u00e9 Mac comprar. Gu\u00eda para elegir el ordenador de Apple que m\u00e1s se ajusta a tus necesidades<\/a><\/p>\n<p>En Applesfera |\u00a0<a class=\"text-outboundlink\" href=\"https:\/\/www.applesfera.com\/seleccion\/te-han-regalado-mac-cinco-accesorios-imprescindibles-para-sacarle-provecho-a-tu-nuevo-ordenador\" data-vars-post-title=\"\u00bfTe han regalado un Mac? Cinco accesorios imprescindibles para sacarle m\u00e1s provecho a tu nuevo ordenador \" data-vars-post-url=\"https:\/\/www.applesfera.com\/seleccion\/te-han-regalado-mac-cinco-accesorios-imprescindibles-para-sacarle-provecho-a-tu-nuevo-ordenador\" rel=\"nofollow noopener\" target=\"_blank\">\u00bfTe han regalado un Mac? Cinco accesorios imprescindibles para sacarle m\u00e1s provecho a tu nuevo ordenador<\/a><\/p>\n","protected":false},"excerpt":{"rendered":"Todav\u00eda queda una semana para que llegue el Black Friday, pero tal y como hemos visto otros a\u00f1os&hellip;\n","protected":false},"author":2,"featured_media":246413,"comment_status":"","ping_status":"","sticky":false,"template":"","format":"standard","meta":{"footnotes":""},"categories":[81],"tags":[119,123,124,25,24,117,121,122,23,118,120],"class_list":{"0":"post-246412","1":"post","2":"type-post","3":"status-publish","4":"format-standard","5":"has-post-thumbnail","7":"category-ciencia-y-tecnologia","8":"tag-ciencia","9":"tag-ciencia-y-tecnologia","10":"tag-cienciaytecnologia","11":"tag-es","12":"tag-espana","13":"tag-science","14":"tag-science-and-technology","15":"tag-scienceandtechnology","16":"tag-spain","17":"tag-technology","18":"tag-tecnologia"},"share_on_mastodon":{"url":"https:\/\/pubeurope.com\/@es\/115582372094447686","error":""},"_links":{"self":[{"href":"https:\/\/www.europesays.com\/es\/wp-json\/wp\/v2\/posts\/246412","targetHints":{"allow":["GET"]}}],"collection":[{"href":"https:\/\/www.europesays.com\/es\/wp-json\/wp\/v2\/posts"}],"about":[{"href":"https:\/\/www.europesays.com\/es\/wp-json\/wp\/v2\/types\/post"}],"author":[{"embeddable":true,"href":"https:\/\/www.europesays.com\/es\/wp-json\/wp\/v2\/users\/2"}],"replies":[{"embeddable":true,"href":"https:\/\/www.europesays.com\/es\/wp-json\/wp\/v2\/comments?post=246412"}],"version-history":[{"count":0,"href":"https:\/\/www.europesays.com\/es\/wp-json\/wp\/v2\/posts\/246412\/revisions"}],"wp:featuredmedia":[{"embeddable":true,"href":"https:\/\/www.europesays.com\/es\/wp-json\/wp\/v2\/media\/246413"}],"wp:attachment":[{"href":"https:\/\/www.europesays.com\/es\/wp-json\/wp\/v2\/media?parent=246412"}],"wp:term":[{"taxonomy":"category","embeddable":true,"href":"https:\/\/www.europesays.com\/es\/wp-json\/wp\/v2\/categories?post=246412"},{"taxonomy":"post_tag","embeddable":true,"href":"https:\/\/www.europesays.com\/es\/wp-json\/wp\/v2\/tags?post=246412"}],"curies":[{"name":"wp","href":"https:\/\/api.w.org\/{rel}","templated":true}]}}