{"id":246420,"date":"2025-11-20T13:59:12","date_gmt":"2025-11-20T13:59:12","guid":{"rendered":"https:\/\/www.europesays.com\/es\/246420\/"},"modified":"2025-11-20T13:59:12","modified_gmt":"2025-11-20T13:59:12","slug":"el-gasto-en-id-en-espana-aumento-un-69-en-2024-y-alcanzo-un-record-historico-de-23-931-millones-de-euros","status":"publish","type":"post","link":"https:\/\/www.europesays.com\/es\/246420\/","title":{"rendered":"El gasto en I+D en Espa\u00f1a aument\u00f3 un 6,9% en 2024 y alcanz\u00f3 un r\u00e9cord hist\u00f3rico de 23.931 millones de euros"},"content":{"rendered":"<p>El gasto en I+D en Espa\u00f1a alcanz\u00f3 un m\u00e1ximo hist\u00f3rico de 23.931 millones de euros en 2024, seg\u00fan la estad\u00edstica publicada sobre Actividades de I+D en nuestro pa\u00eds del Instituto Nacional de Estad\u00edstica (INE). Este aumento representa un crecimiento del 6,9% respecto a 2023. Desde 2018, el gasto en I+D ha aumentado un 60,1%.<\/p>\n<p>La ministra de Ciencia, Innovaci\u00f3n y Universidades, Diana Morant, ha declarado que estos datos reflejan que \u00abel Gobierno de Espa\u00f1a est\u00e1 apostando como nunca y con convicci\u00f3n por la ciencia y la innovaci\u00f3n como gu\u00eda de presente y de futuro\u00bb. \u00abNuestra inversi\u00f3n hist\u00f3rica en I+D nos convierte en un pa\u00eds con vocaci\u00f3n de futuro, que avanza hacia una econom\u00eda del conocimiento: un nuevo modelo productivo que ya est\u00e1 generando competitividad, soberan\u00eda tecnol\u00f3gica, resiliencia y empleo cualificado por todo el pa\u00eds.\u00bb<\/p>\n<p>Seg\u00fan la estad\u00edstica publicada por el <a href=\"https:\/\/www.ine.es\/dyngs\/Prensa\/IMASD2024.htm\" title=\"Instituto Nacional de Estad\u00edstica\" target=\"_blank\" onclick=\"javascript:GoogleTrackEvent(&#039;True&#039;,&#039;Contenido&#039;,&#039;Click&#039;,&#039;[https:\/\/www.lamoncloa.gob.es\/serviciosdeprensa\/notasprensa\/ciencia-innovacion-universidades\/Paginas\/2025\/201125-morant-gasto-id-aumenta.aspx] Instituto Nacional de Estad\u00edstica. [https:\/\/www.ine.es\/dyngs\/Prensa\/IMASD2024.htm]&#039;);\" rel=\"nofollow noopener\">Instituto Nacional de Estad\u00edstica<\/a> (INE), durante los \u00faltimos cuatro a\u00f1os, el crecimiento medio anual ha sido de un 11%: 9,4% en 2021, 12% en 2022, 15,8% en 2023 y 6,9% en 2024. Son tasas de crecimiento anuales muy superiores al 8% de la Uni\u00f3n Europea (UE) como promedio en el periodo 2021-2023 e incluso mayores a las de Estados Unidos (9%) o China (11%) durante ese mismo periodo, seg\u00fan los datos de Eurostat.<\/p>\n<p>El gasto en I+D represent\u00f3 el 1,5% del Producto Interior Bruto (PIB) en 2024, frente al 1,23% en 2018. Esto supone una convergencia progresiva con la media de la UE, que se ha mantenido estable desde 2018 en torno al 2,2%.<\/p>\n<p>El avance como porcentaje del PIB es menos visible que en t\u00e9rminos absolutos, porque el PIB tambi\u00e9n ha crecido mucho m\u00e1s en Espa\u00f1a que en el conjunto de la UE durante este periodo.<\/p>\n<p>Por sectores, las Empresas representaron un 55,8% del gasto en I+D. A pesar de eso, esta cifra es 11 puntos inferior a la media de la UE, por lo que se considera prioritario intensificar los esfuerzos para promover la I+D empresarial. Le sigui\u00f3 Ense\u00f1anza Superior, con un 24,9%. Por su parte, el gasto en I+D de la Administraci\u00f3n P\u00fablica supuso el 19,1% del gasto nacional y el 0,3% restante correspondi\u00f3 a las Instituciones Privadas Sin Fines de Lucro (IPSFL).<\/p>\n<p>En t\u00e9rminos de porcentaje de variaci\u00f3n respecto al a\u00f1o anterior, el gasto en I+D aument\u00f3 un 5,8% en el sector Empresas, un 4,4% en Ense\u00f1anza Superior y un 14,3% en la Administraci\u00f3n P\u00fablica. La ministra Diana Morant ha explicado que este mayor incremento en la Administraci\u00f3n P\u00fablica \u00abrefleja la fuerte apuesta del Gobierno de Espa\u00f1a por la inversi\u00f3n I+D, que tambi\u00e9n ha traccionado la inversi\u00f3n privada\u00bb.<\/p>\n<p>M\u00e1ximo hist\u00f3rico en personal empleado en I+D, con m\u00e1s mujeres que nunca<\/p>\n<p>Seg\u00fan la misma estad\u00edstica, en 2024 tambi\u00e9n se alcanz\u00f3 un m\u00e1ximo hist\u00f3rico en personal empleado en I+D en equivalencia a jornada completa (EJC). El total de personal empleado en I+D se eleva hasta 295.290 personas (4,6% m\u00e1s que el a\u00f1o anterior), mientras que el personal investigador se sit\u00faa en 184.382 personas (5,3% m\u00e1s que el a\u00f1o anterior).<\/p>\n<p>Desde 2018, tanto el personal empleado en I+D como el personal investigador han crecido un 31%. Cabe destacar que desde 2018 se han creado m\u00e1s de 23.000 puestos de personal investigador en las universidades y los centros de I+D de las Administraciones P\u00fablicas, recuperando con creces los 10.000 puestos que se perdieron tras la crisis financiera de 2009.<\/p>\n<p>La ministra de Ciencia, Innovaci\u00f3n y Universidades ha subrayado que \u00abeste gran crecimiento es el resultado de la apuesta del Gobierno de Espa\u00f1a por la atracci\u00f3n y retenci\u00f3n del talento cient\u00edfico e innovador, con ofertas p\u00fablicas de empleo r\u00e9cord en los Organismos P\u00fablicos de Investigaci\u00f3n y con la ampliaci\u00f3n de la tasa de reposici\u00f3n del profesorado de las universidades p\u00fablicas\u00bb.<\/p>\n<p>En 2024, el 41,4% del personal en I+D fueron mujeres, lo cual supone un ligero avance desde el 40,9% de 2023 y el 40% en 2018. Los porcentajes m\u00e1s elevados de participaci\u00f3n femenina se dieron en la Administraci\u00f3n P\u00fablica, donde las mujeres ya suponen una clara mayor\u00eda (54,9% del empleo total), lo que contrasta con el porcentaje de mujeres en las empresas, que alcanza solo un 31,6% del personal en I+D.<\/p>\n<p>La ministra Morant ha destacado que \u00abhoy vivimos en una Espa\u00f1a mejor para el talento y seguimos avanzando hacia la paridad. Aunque a\u00fan queda camino por recorrer, nunca hemos tenido tantas cient\u00edficas, innovadoras e ingenieras trabajando y dirigiendo en nuestro pa\u00eds\u00bb.<\/p>\n<p><img decoding=\"async\" alt=\"Profesionales trabajando en un laboratorio\" title=\"Profesionales trabajando en un laboratorio\" src=\"https:\/\/www.europesays.com\/es\/wp-content\/uploads\/2025\/11\/201125-morant-gasto-id-aumenta.jpg\"\/><\/p>\n<p id=\"ctl00_PlaceHolderMain_DisplayMode_noticia_pImageCaption\" class=\"media-captionContainer rs_skip\">Profesionales trabajando en un laboratorio.<\/p>\n<ul id=\"ctl00_PlaceHolderMain_DisplayMode_noticia_list_banner_home\" class=\"list-banner list-banner-no-border\">&#13;<\/p>\n<li class=\"BannerLi\">&#13;<a title=\"Datos actualizados y ayudas del Plan de Respuesta Inmediata, Reconstrucci\u00f3n y Relanzamiento\" href=\"https:\/\/www.lamoncloa.gob.es\/info-dana\/Paginas\/index.aspx\" rel=\"nofollow noopener\" target=\"_blank\"><img decoding=\"async\" title=\"Datos actualizados y ayudas del Plan de Respuesta Inmediata, Reconstrucci\u00f3n y Relanzamiento\" src=\"https:\/\/www.europesays.com\/es\/wp-content\/uploads\/2025\/10\/banner-noticias-dana.png\" alt=\"Datos actualizados y ayudas del Plan de Respuesta Inmediata, Reconstrucci\u00f3n y Relanzamiento\"\/><\/a>&#13;<\/li>\n<p>&#13;<\/ul>\n","protected":false},"excerpt":{"rendered":"El gasto en I+D en Espa\u00f1a alcanz\u00f3 un m\u00e1ximo hist\u00f3rico de 23.931 millones de euros en 2024, seg\u00fan&hellip;\n","protected":false},"author":2,"featured_media":246421,"comment_status":"","ping_status":"","sticky":false,"template":"","format":"standard","meta":{"footnotes":""},"categories":[5],"tags":[517,17,18,119,25,24,13,14,11,59180,19,20,9,10,15,16,2330,23,12,21,22],"class_list":{"0":"post-246420","1":"post","2":"type-post","3":"status-publish","4":"format-standard","5":"has-post-thumbnail","7":"category-titulares","8":"tag-actualidad","9":"tag-breaking-news","10":"tag-breakingnews","11":"tag-ciencia","12":"tag-es","13":"tag-espana","14":"tag-featured-news","15":"tag-featurednews","16":"tag-headlines","17":"tag-innovacion-y-universidades","18":"tag-latest-news","19":"tag-latestnews","20":"tag-news","21":"tag-noticias","22":"tag-noticias-destacadas","23":"tag-noticiasdestacadas","24":"tag-prensa","25":"tag-spain","26":"tag-titulares","27":"tag-ultimas-noticias","28":"tag-ultimasnoticias"},"share_on_mastodon":{"url":"https:\/\/pubeurope.com\/@es\/115582387491651328","error":""},"_links":{"self":[{"href":"https:\/\/www.europesays.com\/es\/wp-json\/wp\/v2\/posts\/246420","targetHints":{"allow":["GET"]}}],"collection":[{"href":"https:\/\/www.europesays.com\/es\/wp-json\/wp\/v2\/posts"}],"about":[{"href":"https:\/\/www.europesays.com\/es\/wp-json\/wp\/v2\/types\/post"}],"author":[{"embeddable":true,"href":"https:\/\/www.europesays.com\/es\/wp-json\/wp\/v2\/users\/2"}],"replies":[{"embeddable":true,"href":"https:\/\/www.europesays.com\/es\/wp-json\/wp\/v2\/comments?post=246420"}],"version-history":[{"count":0,"href":"https:\/\/www.europesays.com\/es\/wp-json\/wp\/v2\/posts\/246420\/revisions"}],"wp:featuredmedia":[{"embeddable":true,"href":"https:\/\/www.europesays.com\/es\/wp-json\/wp\/v2\/media\/246421"}],"wp:attachment":[{"href":"https:\/\/www.europesays.com\/es\/wp-json\/wp\/v2\/media?parent=246420"}],"wp:term":[{"taxonomy":"category","embeddable":true,"href":"https:\/\/www.europesays.com\/es\/wp-json\/wp\/v2\/categories?post=246420"},{"taxonomy":"post_tag","embeddable":true,"href":"https:\/\/www.europesays.com\/es\/wp-json\/wp\/v2\/tags?post=246420"}],"curies":[{"name":"wp","href":"https:\/\/api.w.org\/{rel}","templated":true}]}}