{"id":246422,"date":"2025-11-20T14:04:13","date_gmt":"2025-11-20T14:04:13","guid":{"rendered":"https:\/\/www.europesays.com\/es\/246422\/"},"modified":"2025-11-20T14:04:13","modified_gmt":"2025-11-20T14:04:13","slug":"retraso-su-luna-de-miel-por-espana","status":"publish","type":"post","link":"https:\/\/www.europesays.com\/es\/246422\/","title":{"rendered":"retras\u00f3 su luna de miel por Espa\u00f1a"},"content":{"rendered":"<p data-mrf-recirculation=\"Links P\u00e1rrafos\" class=\"ue-c-article__paragraph paragraph ue-c-article--first-letter-highlighted\"><strong>Jaume Munar es un ejemplo de tenista comprometido<\/strong>. El mallorqu\u00edn, de 28 a\u00f1os y en el puesto 36 de la ATP, <strong>ha ejercido este jueves de n\u00famero uno del equipo espa\u00f1ol de Copa Davis<\/strong>. Despu\u00e9s de pagar la novatada en los octavos de Marbella contra Dinamarca,<strong><a href=\"https:\/\/www.marca.com\/tenis\/copa-davis\/2025\/09\/13\/munar-cae-moeller-espana-juega-historia-nunca-remonto-0-2-copa-davis.html\" target=\"_blank\" rel=\"nofollow noopener\"> al caer con Elmer Moller (113 del mundo)<\/a><\/strong>,\u00a0 Munar ha dado un paso al frente y ha igualado la serie de cuartos contra la Rep\u00fablica Checa. <strong>Suyo fue el triunfo ante Jiri Lehecka, el 17 del mundo, por 6-3 y 6-4<\/strong>.\u00a0Lehecka hab\u00eda ganado los dos precedentes entre ambos y le favorec\u00edan las condiciones de juego: superficie dura bajo techo.\u00a0<\/p>\n<p><img decoding=\"async\" width=\"1320\" height=\"880\" class=\"ue-c-article__image lazyload\" alt=\"Montaje de Munar.\" loading=\"lazy\" src=\"https:\/\/www.europesays.com\/es\/wp-content\/uploads\/2025\/11\/691f1f9861fd6.jpeg\"\/><\/p>\n<p>Montaje de Munar.<\/p>\n<p data-mrf-recirculation=\"Links P\u00e1rrafos\" class=\"ue-c-article__paragraph paragraph\">Eso no le ayud\u00f3 ante un rival que siempre te obliga a meter una pelota m\u00e1s. <strong>Munar, que ha dado continuidad a su semifinal en Basilea (mismo h\u00e1bitat), es un ejemplo para sus compa\u00f1eros de vestuario<\/strong>. El pasado 11 de noviembre <strong>contrajo matrimonio en Pollen\u00e7a con su pareja a la vez que su fisioterapeuta, Mar\u00eda Prieto<\/strong>.\u00a0<\/p>\n<p data-mrf-recirculation=\"Links P\u00e1rrafos\" class=\"ue-c-article__paragraph paragraph\"><strong>Tres d\u00edas despu\u00e9s volaba a Bolonia para incorporarse a la concentraci\u00f3n del equipo espa\u00f1ol<\/strong>. Su presencia en el cuarteto para las finales de la m\u00e1xima competici\u00f3n por pa\u00edses <strong>le oblig\u00f3 a retrasar y a acortar su luna de miel.<\/strong>\u00a0<\/p>\n<p data-mrf-recirculation=\"Links P\u00e1rrafos\" class=\"ue-c-article__paragraph paragraph\"><strong>Ser\u00e1 apenas de una semana en Maldivas a la conclusi\u00f3n de la Copa Davis<\/strong>. Y es que en el horizonte ya est\u00e1 la pretemporada porque pasar\u00e1 las Navidades en Australia, m\u00e1s concretamente en Perth.\u00a0<\/p>\n<p><img decoding=\"async\" width=\"3000\" height=\"2000\" class=\"ue-c-article__image lazyload\" alt=\"Munar pega de derecha.\" loading=\"lazy\" src=\"https:\/\/www.europesays.com\/es\/wp-content\/uploads\/2025\/11\/691f0d5d9dad4.jpeg\"\/><\/p>\n<p>Munar pega de derecha.Luca Bruno<\/p>\n<p>La United Cup de Perth<\/p>\n<p data-mrf-recirculation=\"Links P\u00e1rrafos\" class=\"ue-c-article__paragraph paragraph\"><strong>Jaume disputar\u00e1 la United Cup al lado de Jessica Bouzas<\/strong>. Completan el equipo <strong>Carlos Taberner, Andrea L\u00e1zaro y los doblistas I\u00f1igo Cervantes e Yvonne Cavalle-Reimers<\/strong>.\u00a0<\/p>\n<p data-mrf-recirculation=\"Links P\u00e1rrafos\" class=\"ue-c-article__paragraph paragraph\">Espa\u00f1a ha quedado encuadrada en el grupo A, <strong>junto a la Estados Unidos de Taylor Fritz y Coco Gauff, y la Argentina de Sebasti\u00e1n B\u00e1ez y Solana Sierra<\/strong>.\u00a0<\/p>\n","protected":false},"excerpt":{"rendered":"Jaume Munar es un ejemplo de tenista comprometido. El mallorqu\u00edn, de 28 a\u00f1os y en el puesto 36&hellip;\n","protected":false},"author":2,"featured_media":246423,"comment_status":"","ping_status":"","sticky":false,"template":"","format":"standard","meta":{"footnotes":""},"categories":[274],"tags":[168,25,24,23,167,327,326],"class_list":{"0":"post-246422","1":"post","2":"type-post","3":"status-publish","4":"format-standard","5":"has-post-thumbnail","7":"category-tenis","8":"tag-deportes","9":"tag-es","10":"tag-espana","11":"tag-spain","12":"tag-sports","13":"tag-tenis","14":"tag-tennis"},"share_on_mastodon":{"url":"https:\/\/pubeurope.com\/@es\/115582407218682108","error":""},"_links":{"self":[{"href":"https:\/\/www.europesays.com\/es\/wp-json\/wp\/v2\/posts\/246422","targetHints":{"allow":["GET"]}}],"collection":[{"href":"https:\/\/www.europesays.com\/es\/wp-json\/wp\/v2\/posts"}],"about":[{"href":"https:\/\/www.europesays.com\/es\/wp-json\/wp\/v2\/types\/post"}],"author":[{"embeddable":true,"href":"https:\/\/www.europesays.com\/es\/wp-json\/wp\/v2\/users\/2"}],"replies":[{"embeddable":true,"href":"https:\/\/www.europesays.com\/es\/wp-json\/wp\/v2\/comments?post=246422"}],"version-history":[{"count":0,"href":"https:\/\/www.europesays.com\/es\/wp-json\/wp\/v2\/posts\/246422\/revisions"}],"wp:featuredmedia":[{"embeddable":true,"href":"https:\/\/www.europesays.com\/es\/wp-json\/wp\/v2\/media\/246423"}],"wp:attachment":[{"href":"https:\/\/www.europesays.com\/es\/wp-json\/wp\/v2\/media?parent=246422"}],"wp:term":[{"taxonomy":"category","embeddable":true,"href":"https:\/\/www.europesays.com\/es\/wp-json\/wp\/v2\/categories?post=246422"},{"taxonomy":"post_tag","embeddable":true,"href":"https:\/\/www.europesays.com\/es\/wp-json\/wp\/v2\/tags?post=246422"}],"curies":[{"name":"wp","href":"https:\/\/api.w.org\/{rel}","templated":true}]}}