{"id":246424,"date":"2025-11-20T14:05:19","date_gmt":"2025-11-20T14:05:19","guid":{"rendered":"https:\/\/www.europesays.com\/es\/246424\/"},"modified":"2025-11-20T14:05:19","modified_gmt":"2025-11-20T14:05:19","slug":"no-tengo-fecha-de-vuelta-pero-calculo-que-seran-3-anos-mas","status":"publish","type":"post","link":"https:\/\/www.europesays.com\/es\/246424\/","title":{"rendered":"\u201cNo tengo fecha de vuelta, pero calculo que ser\u00e1n 3 a\u00f1os m\u00e1s\u201d"},"content":{"rendered":"<p data-gtm-element-container=\"modulo-texto-link\" class=\"paragraph\">Julio Cort\u00e9s es lo que se conoce como un aut\u00e9ntico trotamundos. Con solo 29 a\u00f1os, este joven catal\u00e1n decidi\u00f3 hace m\u00e1s de 1 a\u00f1o salir desde su casa en Mollet del Vall\u00e8s para dar la vuelta al mundo en bicicleta. Lleva 395 d\u00edas de aventura y m\u00e1s de 17.000 kil\u00f3metros y no volver\u00e1 a casa ni por Navidad. Seg\u00fan sus c\u00e1lculos, le llevar\u00e1 al menos tres a\u00f1os m\u00e1s completar esta aventura. Desde Han\u00f3i atiende a La Vanguardia para explicar como est\u00e1 viviendo esta experiencia.<\/p>\n<p data-gtm-element-container=\"modulo-texto-link\" class=\"paragraph\">Para Julio la aventura es una constante, ya que siempre ha viajado, primero con sus padres y despu\u00e9s en solitario. \u201cLa idea surgi\u00f3 hace 4 o 5 a\u00f1os. Durante el covid decid\u00ed irme a trabajar a Andaluc\u00eda, en la aceituna, ah\u00ed empec\u00e9 a pensar cu\u00e1l ser\u00eda mi siguiente aventura. Quer\u00eda algo que fuera algo para mucho tiempo, una aventura m\u00e1s larga y aunque yo no hac\u00eda bicicleta, pens\u00e9 dar la vuelta al mundo en bicicleta\u201d, explica. A pesar de ser muy activo en alpinismo y deportes de monta\u00f1a, nunca hab\u00eda practicado ciclismo de forma regular. \u201cNo entren\u00e9 con la bicicleta. No hice nada de ciclismo, pero s\u00ed que era una persona activa\u201d, confiesa.\u00a0<\/p>\n<p>                <img loading=\"lazy\" decoding=\"async\" data-full-src=\"https:\/\/www.lavanguardia.com\/uploads\/2025\/11\/19\/691dd0914045b.png\" alt=\"Julio Cort\u00e9s, dando la vuelta al mundo en bici (cedida)\" width=\"449\" height=\"337\" src=\"https:\/\/www.europesays.com\/es\/wp-content\/uploads\/2025\/11\/691dd0914045b.r_d.1108-533.png\" class=\"lazy\"\/><\/p>\n<p class=\"caption-title \">Julio Cort\u00e9s, dando la vuelta al mundo en bici (cedida)<\/p>\n<p data-gtm-element-container=\"modulo-texto-link\" class=\"paragraph\">Los desaf\u00edos al planear un viaje de esta magnitud no fueron solo f\u00edsicos. El tema de las fronteras fue uno de los mayores obst\u00e1culos. Pa\u00edses como Rusia, Ir\u00e1n o Pakist\u00e1n presentaron dificultades para su paso, lo que oblig\u00f3 a modificar su ruta en varias ocasiones. Adem\u00e1s, preparar el equipo necesario para una traves\u00eda tan larga no fue tarea f\u00e1cil. \u201cPreparar el material, los componentes, la tienda de campa\u00f1a, la cocina y todo lo que iba a llevar fue una de las partes m\u00e1s complicadas\u201d, comenta.<\/p>\n<p data-gtm-element-container=\"modulo-texto-link\" class=\"paragraph\">La financiaci\u00f3n de la expedici\u00f3n fue otro aspecto fundamental. Durante los \u00faltimos cuatro a\u00f1os antes del viaje intentaba ahorrar el m\u00e1ximo para poder cumplir este sue\u00f1o. Con el tiempo, sus v\u00eddeos y publicaciones en <a href=\"https:\/\/www.instagram.com\/juliocortesph\/\" target=\"_blank\" rel=\"nofollow noreferrer noopener\">redes sociales<\/a> \u2014donde acumula m\u00e1s de medio mill\u00f3n de seguidores\u2014 han permitido cubrir parte del trayecto. \u201cAhora puedo empezar a financiar el viaje solo con las redes sociales\u201d, asegura.<\/p>\n<p>De Mollet del Vall\u00e8s a dar la vuelta al mundo en bicicleta<\/p>\n<p data-gtm-element-container=\"modulo-texto-link\" class=\"paragraph\">Una de las pruebas m\u00e1s duras de un desaf\u00edo de esta magnitud podr\u00eda ser la gesti\u00f3n de la soledad. Sin embargo, confiesa que para \u00e9l no supone ning\u00fan problema \u201cme encanta viajar solo y la verdad es que lo llevo genial. No he tenido ning\u00fan momento de baj\u00f3n\u201d.<\/p>\n<p>                <img loading=\"lazy\" decoding=\"async\" data-full-src=\"https:\/\/www.lavanguardia.com\/uploads\/2025\/11\/19\/691dd0de44be4.jpeg\" alt=\"Julio Cort\u00e9s, dando la vuelta al mundo en bici (cedida)\" width=\"449\" height=\"599\" src=\"https:\/\/www.europesays.com\/es\/wp-content\/uploads\/2025\/11\/691dd0de44be4.jpeg\" class=\"lazy\"\/><\/p>\n<p class=\"caption-title \">Julio Cort\u00e9s, dando la vuelta al mundo en bici (cedida)<\/p>\n<p data-gtm-element-container=\"modulo-texto-link\" class=\"paragraph\">Su jornada comienza muy temprano, sin grandes rituales. \u201cMe despierto, casi ni desayuno, desmonto la tienda de campa\u00f1a y me pongo a pedalear\u201d. Generalmente, hace entre 60 y 100 kil\u00f3metros diarios, dependiendo de la zona y las circunstancias. \u201cEl desierto fue una etapa dura, ten\u00eda que hacer unos 100 kil\u00f3metros al d\u00eda, pero despu\u00e9s he ido m\u00e1s tranquilo\u201d.\u00a0<\/p>\n<p data-gtm-element-container=\"modulo-texto-link\" class=\"paragraph\">A pesar de estar constantemente en movimiento, el descanso forma parte de su rutina, y cada 10 o 15 d\u00edas se toma un respiro. Por las tardes, el tiempo libre lo dedica a editar los v\u00eddeos que comparte en redes. Este Willy Fog del siglo XXI apuesta siempre por la improvisaci\u00f3n. \u201cEl 80% de mis d\u00edas son improvisados. Ni siquiera suelo mirar la ruta del d\u00eda siguiente. Generalmente, s\u00e9 hacia d\u00f3nde tengo que ir y ya est\u00e1\u201d.\u00a0<\/p>\n<blockquote>\n<p>        Cuando empieza a anochecer, activo el radar de b\u00fasqueda de sitios para poder dormir<\/p>\n<p>            Julio Cort\u00e9sEspa\u00f1ol dando la vuelta al mundo en bicicleta<\/p>\n<\/blockquote>\n<p data-gtm-element-container=\"modulo-texto-link\" class=\"paragraph\">Durante este primer a\u00f1o, Julio ha tenido algunos problemas con la bici. Pese a llevar herramientas para reparar las cosas m\u00e1s b\u00e1sicas, algunas veces no lo ha podido solucionar del todo hasta llegar a un pueblo o ciudad. \u201cEsto me pas\u00f3 en el desierto, que se me parti\u00f3 el porta bultos que sostiene mis alforjas y la pr\u00f3xima ciudad estaba a 150 kil\u00f3metros y avanc\u00e9 como pude\u201d, relata. Anticip\u00e1ndose a estos problemas, eligi\u00f3 una bicicleta gravel de acero que tiene una mec\u00e1nica muy sencilla. \u201cSi pasa algo se puede soldar y con frenos mec\u00e1nicos, para poder encontrar los componentes en cualquier pa\u00eds\u201d, detalla. En estos 395 d\u00edas, lleva cerca de 50 pinchazos de rueda \u201cllevo la rec\u00e1mara y parches y lo puedo solucionar en ruta, sin mucho problema\u201d, explica.<\/p>\n<p>                <img loading=\"lazy\" decoding=\"async\" data-full-src=\"https:\/\/www.lavanguardia.com\/uploads\/2025\/11\/19\/691dd141e1427.jpeg\" alt=\"Merry, la bicicleta de Julio Cort\u00e9s (cedida)\" width=\"449\" height=\"674\" src=\"https:\/\/www.europesays.com\/es\/wp-content\/uploads\/2025\/11\/691dd141e1427.jpeg\" class=\"lazy\"\/><\/p>\n<p class=\"caption-title \">Merry, la bicicleta de Julio Cort\u00e9s (cedida)<\/p>\n<p data-gtm-element-container=\"modulo-texto-link\" class=\"paragraph\">La bici, bautizada como Merry, es el bien m\u00e1s preciado de este joven catal\u00e1n, ya que lleva todo lo necesario para vivir. \u201cCocina, todo lo necesario para dormir, ropa para todas las estaciones, incluso una ducha port\u00e1til. La bicicleta puede pesar unos 50 kilos\u201d. La vida n\u00f3mada est\u00e1 muy ligada a la improvisaci\u00f3n, por eso, el lugar donde duerme cada d\u00eda de ruta tambi\u00e9n es una sorpresa. \u201cCuando empieza a anochecer, activo el radar de b\u00fasqueda de sitios para poder dormir y cualquier sitio donde se pueda. En Asia es muy seguro dormir en cualquier parte, y si no la gente, generalmente es buena y te ayudan y te recomiendan alg\u00fan sitio para dormir\u201d, relata. Seg\u00fan explica, en los pa\u00edses asi\u00e1ticos hay menos restricciones, en cambio, en Europa s\u00ed se tiene que tener m\u00e1s cuidado. Sin embargo, asegura que si respetas el medio ambiente y la zona en la que has dormido \u201cpocas veces te van a poner problemas, ni la polic\u00eda o la autoridad\u201d.\u00a0<\/p>\n<blockquote>\n<p>        El choque cultural m\u00e1s grande lo sent\u00ed al llegar a China<\/p>\n<p>            Julio Cort\u00e9sEspa\u00f1ol dando la vuelta al mundo en bicicleta<\/p>\n<\/blockquote>\n<p data-gtm-element-container=\"modulo-texto-link\" class=\"paragraph\">A lo largo de su viaje, ha tenido la oportunidad de conocer a mucha gente, tanto local como otros viajeros. \u201cLa gente local me ha sorprendido much\u00edsimo. Siempre he encontrado gente dispuesta a ayudarme y a invitarme a sus casas\u201d. Tambi\u00e9n ha vivido experiencias culturales que han marcado su visi\u00f3n del mundo. \u201cEl choque cultural m\u00e1s grande lo sent\u00ed al llegar a China. Hab\u00eda muchos mitos que ten\u00eda sobre el pa\u00eds, pero me sorprendi\u00f3 la hospitalidad de la gente, la belleza de los paisajes y la riqueza de la gastronom\u00eda\u201d.\u00a0Sin embargo, algunas costumbres le resultaron chocantes, como la falta de respeto al espacio personal. \u201cEn China, por ejemplo, a veces me encontraba con gente que ven\u00eda a la tienda de campa\u00f1a a bailar o a tocar el saxof\u00f3n a las 7 de la ma\u00f1ana\u201d, aun as\u00ed remarca que no se queja, ya que \u201centiendo que no es mi pa\u00eds y tienen sus costumbres. Es lo bonito de viajar\u201d.<\/p>\n<p>                <img loading=\"lazy\" decoding=\"async\" data-full-src=\"https:\/\/www.lavanguardia.com\/uploads\/2025\/11\/19\/691dd157c8cf2.jpeg\" alt=\"Julio Cort\u00e9s, dando la vuelta al mundo en bici (cedida)\" width=\"449\" height=\"299\" src=\"https:\/\/www.europesays.com\/es\/wp-content\/uploads\/2025\/11\/691dd157c8cf2.jpeg\" class=\"lazy\"\/><\/p>\n<p class=\"caption-title \">Julio Cort\u00e9s, dando la vuelta al mundo en bici (cedida)<\/p>\n<p data-gtm-element-container=\"modulo-texto-link\" class=\"paragraph\">Lo que m\u00e1s valora Julio de esta aventura es la libertad. \u201cEs la sensaci\u00f3n de poder dormir donde quiera y no tener ninguna obligaci\u00f3n. Buscaba eso: la libertad de no estar atado a nada\u201d. Pese a no tener un destino favorito, China ha sido uno de los que m\u00e1s le ha sorprendido y tiene muchas ganas de conocer Suram\u00e9rica. \u201cMe motiva mucho tanto por la gente como por la naturaleza\u201d.\u00a0\u00a0<\/p>\n<p data-gtm-element-container=\"modulo-texto-link\" class=\"paragraph\">A pesar de que la experiencia est\u00e1 siendo muy emocionante, tambi\u00e9n ha vivido algunos momentos de tensi\u00f3n. \u201cEn Croacia un hombre intent\u00f3 retenerme en su casa. Me invit\u00f3 a dormir y al d\u00eda siguiente me dijo que por dejarme dormir ten\u00eda que quedarme dos d\u00edas trabajando para \u00e9l. Fue una situaci\u00f3n tensa y le dije que no iba a hacer esto\u201d, explica. Otra situaci\u00f3n que ha sido inc\u00f3moda desde su llegada fue hace poco en China. \u201cNo s\u00e9 si fue por invasi\u00f3n del espacio temporal, pero estaba solo en un bosque durmiendo y un hombre me intent\u00f3 levantar la sudadera para verme el torso y me dijo que era muy guapo. Le dije que se fuera y no puso problema\u201d. Pese a eso, destaca que \u201cpor suerte lo que m\u00e1s se ve es gente maravillosa\u201d.\u00a0<\/p>\n<p>Pr\u00f3xima etapa: recorrer el sudeste asi\u00e1tico hasta el mes de mayo<\/p>\n<p data-gtm-element-container=\"modulo-texto-link\" class=\"paragraph\">De momento, Julio ha recorrido m\u00e1s de 17.000 quil\u00f3metros y seg\u00fan sus c\u00e1lculos acabar\u00e1 haciendo entre 50.000 y 60.000 quil\u00f3metros, pero su filosof\u00eda no es terminar r\u00e1pido, lo que valora m\u00e1s de la experiencia es disfrutar del camino. \u201cNo tengo una fecha de vuelta ni un tiempo previsto, pero calculo que ser\u00e1n unos 3 a\u00f1os m\u00e1s\u201d. Entre sus planes no est\u00e1 volver a Espa\u00f1a \u201cpara m\u00ed es importante hacer la vuelta al mundo sin paradas\u201d, por eso su familia vendr\u00e1 a visitarlo y estas Navidades las pasar\u00e1n en Tailandia. Su siguiente reto es hacer el sudeste asi\u00e1tico. \u201cVietnam ir\u00e9 a Laos, y de Laos a Tailandia, y ah\u00ed estar\u00e9 con mis padres un mes. Dejar\u00e9 mi bicicleta en Bangkok y volver\u00e9 a recoger la bicicleta porque para m\u00ed s\u00ed que es superimportante no avanzar con otro veh\u00edculo que no sea la bicicleta\u201d, relata. Despu\u00e9s de recorrer el sudeste asi\u00e1tico, que prev\u00e9 que acabar\u00e1 hacia el mes de mayo,  tocar\u00e1 viajar a Australia.<\/p>\n<p><script async src=\"\/\/www.instagram.com\/embed.js\"><\/script><\/p>\n","protected":false},"excerpt":{"rendered":"Julio Cort\u00e9s es lo que se conoce como un aut\u00e9ntico trotamundos. Con solo 29 a\u00f1os, este joven catal\u00e1n&hellip;\n","protected":false},"author":2,"featured_media":246425,"comment_status":"","ping_status":"","sticky":false,"template":"","format":"standard","meta":{"footnotes":""},"categories":[273],"tags":[313,312,168,25,24,23,167],"class_list":{"0":"post-246424","1":"post","2":"type-post","3":"status-publish","4":"format-standard","5":"has-post-thumbnail","7":"category-ciclismo","8":"tag-ciclismo","9":"tag-cycling","10":"tag-deportes","11":"tag-es","12":"tag-espana","13":"tag-spain","14":"tag-sports"},"share_on_mastodon":{"url":"https:\/\/pubeurope.com\/@es\/115582410868909887","error":""},"_links":{"self":[{"href":"https:\/\/www.europesays.com\/es\/wp-json\/wp\/v2\/posts\/246424","targetHints":{"allow":["GET"]}}],"collection":[{"href":"https:\/\/www.europesays.com\/es\/wp-json\/wp\/v2\/posts"}],"about":[{"href":"https:\/\/www.europesays.com\/es\/wp-json\/wp\/v2\/types\/post"}],"author":[{"embeddable":true,"href":"https:\/\/www.europesays.com\/es\/wp-json\/wp\/v2\/users\/2"}],"replies":[{"embeddable":true,"href":"https:\/\/www.europesays.com\/es\/wp-json\/wp\/v2\/comments?post=246424"}],"version-history":[{"count":0,"href":"https:\/\/www.europesays.com\/es\/wp-json\/wp\/v2\/posts\/246424\/revisions"}],"wp:featuredmedia":[{"embeddable":true,"href":"https:\/\/www.europesays.com\/es\/wp-json\/wp\/v2\/media\/246425"}],"wp:attachment":[{"href":"https:\/\/www.europesays.com\/es\/wp-json\/wp\/v2\/media?parent=246424"}],"wp:term":[{"taxonomy":"category","embeddable":true,"href":"https:\/\/www.europesays.com\/es\/wp-json\/wp\/v2\/categories?post=246424"},{"taxonomy":"post_tag","embeddable":true,"href":"https:\/\/www.europesays.com\/es\/wp-json\/wp\/v2\/tags?post=246424"}],"curies":[{"name":"wp","href":"https:\/\/api.w.org\/{rel}","templated":true}]}}