{"id":246428,"date":"2025-11-20T14:08:13","date_gmt":"2025-11-20T14:08:13","guid":{"rendered":"https:\/\/www.europesays.com\/es\/246428\/"},"modified":"2025-11-20T14:08:13","modified_gmt":"2025-11-20T14:08:13","slug":"tenemos-un-asesino-ahi-arriba-hay-que-cuidarlo","status":"publish","type":"post","link":"https:\/\/www.europesays.com\/es\/246428\/","title":{"rendered":"Tenemos un asesino ah\u00ed arriba, hay que cuidarlo"},"content":{"rendered":"<p data-mrf-recirculation=\"Links P\u00e1rrafos\" class=\"ue-c-article__paragraph paragraph ue-c-article--first-letter-highlighted\">El cantante <a href=\"https:\/\/www.marca.com\/tiramillas\/musica\/2025\/11\/06\/leiva-desvela-soportaba-tocar-princesas-renuncio-conciertos-mierda.html\" rel=\"nofollow noopener\" target=\"_blank\"><strong>Leiva<\/strong><\/a>, reconocido <a href=\"https:\/\/www.marca.com\/tiramillas\/musica\/2025\/04\/03\/leiva-eliminacion-atleti-champions-tuvo-grado-medio-alto-injusticia.html\" rel=\"nofollow noopener\" target=\"_blank\"><strong>seguidor del Atl\u00e9tico de Madrid<\/strong><\/a>, no duda en hablar siempre que puede del club de sus amores.<\/p>\n<blockquote class=\"ue-c-article__blockquote\">\n<p>Yo siempre veo hechuras de ganar cosas. Yo conf\u00edo en el Atl\u00e9tico de Madrid&#8230; \u00a1siempre!\u00bb<\/p>\n<p>Leiva<\/p><\/blockquote>\n<p data-mrf-recirculation=\"Links P\u00e1rrafos\" class=\"ue-c-article__paragraph paragraph\">La mitad de <strong>Pereza<\/strong> aprovech\u00f3 la alfombra roja de los <strong>&#8216;Premios GQ&#8217;<\/strong> para trasladar su optimismo sobre las aspiraciones del Atl\u00e9tico del Cholo Simeone esta temporada: \u00abYo siempre veo hechuras de ganar cosas. Yo conf\u00edo en el Atl\u00e9tico de Madrid&#8230; \u00a1siempre!\u00bb.<\/p>\n<p>Juli\u00e1n \u00c1lvarez ilusiona a Leiva en el Atl\u00e9tico: \u00abEl solo cambia partidos\u00bb<\/p>\n<p data-mrf-recirculation=\"Links P\u00e1rrafos\" class=\"ue-c-article__paragraph paragraph\">\u00abY encima tenemos ah\u00ed un asesino arriba que me tiene muy ilusionado y que es Juli\u00e1n \u00c1lvarez\u00bb, cont\u00f3 Leiva en una charla con <strong>&#8216;El Desmarque&#8217;<\/strong>.<\/p>\n<blockquote class=\"ue-c-article__blockquote\">\n<p>a Juli\u00e1n \u00c1lvarez hay que brindarlo y cuidarlo, que el tipo se sienta c\u00f3modo porque merece la pena<\/p>\n<\/blockquote>\n<p data-mrf-recirculation=\"Links P\u00e1rrafos\" class=\"ue-c-article__paragraph paragraph\">Leiva, cuyo nombre real es <strong>Jos\u00e9 Miguel Conejo To<\/strong>rres, dijo sobre el delantero argentino <a href=\"https:\/\/www.marca.com\/personajes\/julian-alvarez.html\" rel=\"nofollow noopener\" target=\"_blank\"><strong>Juli\u00e1n \u00c1lvarez<\/strong><\/a> que \u00abhay que brindarlo y cuidarlo, que el tipo se sienta c\u00f3modo porque merece la pena. El solo cambia los partidos\u00bb.<\/p>\n<p><img decoding=\"async\" width=\"741\" height=\"637\" class=\"ue-c-article__image lazyload\" alt=\"El recado de Leiva al Atl\u00e9tico: &quot;Tenemos un asesino ah\u00ed arriba, hay que cuidarlo&quot;\" loading=\"lazy\" src=\"https:\/\/www.europesays.com\/es\/wp-content\/uploads\/2025\/11\/691ed0732acf4.png\"\/><\/p>\n<p>El recado de Leiva al Atl\u00e9tico: \u00abTenemos un asesino ah\u00ed arriba, hay que cuidarlo\u00bb@leivaoficial_<\/p>\n<p>Los n\u00fameros de Juli\u00e1n \u00c1lvarez en el Atl\u00e9tico que ilusionan al cantante Leiva<\/p>\n<p data-mrf-recirculation=\"Links P\u00e1rrafos\" class=\"ue-c-article__paragraph paragraph\">Juli\u00e1n \u00c1lvarez fich\u00f3 por el Atl\u00e9tico de Madrid en agosto de 2024 hasta 2030. El cuadro colchonero <a href=\"https:\/\/www.marca.com\/futbol\/atletico\/2024\/08\/13\/66bb03c522601d61178b459c.html\" rel=\"nofollow noopener\" target=\"_blank\"><strong>pag\u00f3 70 millones fijos m\u00e1s algo menos de 20 en variables al Manchester City<\/strong><\/a> por su traspaso.<\/p>\n<p>Guardiola: \u00abAhora me encantar\u00eda tener a Juli\u00e1n \u00c1lvarez\u00bb<\/p>\n<p data-mrf-recirculation=\"Links P\u00e1rrafos\" class=\"ue-c-article__paragraph paragraph\">En lo que llevamos de temporada Juli\u00e1n \u00c1lvarez suma 9 goles y 4 asistencias en 15 partidos.<\/p>\n<p>La canci\u00f3n de Leiva y Sabina en honor a la afici\u00f3n del At\u00e9tico: \u00abPartido a partido\u00bb<\/p>\n<p>Leiva y Sabina dedican un tema ben\u00e9fico a la afici\u00f3n del Atleti: \u00abpartido a partido\u00bb<\/p>\n<p>\u200bEl origen futbol\u00edstico del nombre del cantante Leiva<img decoding=\"async\" width=\"2631\" height=\"2000\" class=\"ue-c-article__image lazyload\" alt=\"El rojblanco (d), Leivinha, aprovecha que el esf\u00e9rico queda suelto, para llev\u00e1rselo a la carrera.\" loading=\"lazy\" src=\"https:\/\/www.europesays.com\/es\/wp-content\/uploads\/2025\/11\/67eea5d102dbb.jpeg\"\/><\/p>\n<p>El rojblanco (d), Leivinha, aprovecha que el esf\u00e9rico queda suelto, para llev\u00e1rselo a la carrera.<\/p>\n<p data-mrf-recirculation=\"Links P\u00e1rrafos\" class=\"ue-c-article__paragraph paragraph\"><a href=\"https:\/\/www.marca.com\/tiramillas\/television\/2025\/04\/03\/origen-futbolistico-nombre-leiva-llama-asi-ex-pereza.html\" rel=\"nofollow noopener\" target=\"_blank\"><strong>Manuel Novik cont\u00f3 en Tiramillas<\/strong><\/a> que el nombre de Leiva tiene una historia curiosa. Cuando era ni\u00f1o, jugaba al f\u00fatbol y un fue a ver al Atl\u00e9tico de Madrid. En ese equipo jugaba <strong>el brasile\u00f1o Leivinha<\/strong>, y alguien not\u00f3 cierto parecido entre ellos. Desde entonces, el apodo se le qued\u00f3 pegado<\/p>\n","protected":false},"excerpt":{"rendered":"El cantante Leiva, reconocido seguidor del Atl\u00e9tico de Madrid, no duda en hablar siempre que puede del club&hellip;\n","protected":false},"author":2,"featured_media":246429,"comment_status":"","ping_status":"","sticky":false,"template":"","format":"standard","meta":{"footnotes":""},"categories":[268],"tags":[168,25,24,280,282,281,23,167],"class_list":{"0":"post-246428","1":"post","2":"type-post","3":"status-publish","4":"format-standard","5":"has-post-thumbnail","7":"category-futbol","8":"tag-deportes","9":"tag-es","10":"tag-espana","11":"tag-football","12":"tag-futbol","13":"tag-soccer","14":"tag-spain","15":"tag-sports"},"share_on_mastodon":{"url":"https:\/\/pubeurope.com\/@es\/115582422760067777","error":""},"_links":{"self":[{"href":"https:\/\/www.europesays.com\/es\/wp-json\/wp\/v2\/posts\/246428","targetHints":{"allow":["GET"]}}],"collection":[{"href":"https:\/\/www.europesays.com\/es\/wp-json\/wp\/v2\/posts"}],"about":[{"href":"https:\/\/www.europesays.com\/es\/wp-json\/wp\/v2\/types\/post"}],"author":[{"embeddable":true,"href":"https:\/\/www.europesays.com\/es\/wp-json\/wp\/v2\/users\/2"}],"replies":[{"embeddable":true,"href":"https:\/\/www.europesays.com\/es\/wp-json\/wp\/v2\/comments?post=246428"}],"version-history":[{"count":0,"href":"https:\/\/www.europesays.com\/es\/wp-json\/wp\/v2\/posts\/246428\/revisions"}],"wp:featuredmedia":[{"embeddable":true,"href":"https:\/\/www.europesays.com\/es\/wp-json\/wp\/v2\/media\/246429"}],"wp:attachment":[{"href":"https:\/\/www.europesays.com\/es\/wp-json\/wp\/v2\/media?parent=246428"}],"wp:term":[{"taxonomy":"category","embeddable":true,"href":"https:\/\/www.europesays.com\/es\/wp-json\/wp\/v2\/categories?post=246428"},{"taxonomy":"post_tag","embeddable":true,"href":"https:\/\/www.europesays.com\/es\/wp-json\/wp\/v2\/tags?post=246428"}],"curies":[{"name":"wp","href":"https:\/\/api.w.org\/{rel}","templated":true}]}}