{"id":246430,"date":"2025-11-20T14:09:09","date_gmt":"2025-11-20T14:09:09","guid":{"rendered":"https:\/\/www.europesays.com\/es\/246430\/"},"modified":"2025-11-20T14:09:09","modified_gmt":"2025-11-20T14:09:09","slug":"quien-es-andrea-valero-la-candidata-espanola-a-miss-universo-2025-y-el-espectacular-vestido-que-lucira-quien-es-andrea-valero-la-candidata-espanola-a-miss-universo-2025-y-el-espectacular-vestido-que","status":"publish","type":"post","link":"https:\/\/www.europesays.com\/es\/246430\/","title":{"rendered":"Qui\u00e9n es Andrea Valero, la candidata espa\u00f1ola a Miss Universo 2025 y el espectacular vestido que lucir\u00e1 Qui\u00e9n es Andrea Valero, la candidata espa\u00f1ola a Miss Universo 2025 y el espectacular vestido que lucir\u00e1"},"content":{"rendered":"<p class=\"\"><b>El pr\u00f3ximo 21 de enero, 30 mujeres tendr\u00e1n la oportunidad de disputarse el honor de ser considerada la m\u00e1s bella del mundo.<\/b> El evento se llevar\u00e1 a cabo en Bangkok (Tailandia), donde<b> la espa\u00f1ola Andrea Valero aspira en convertirse en la nueva Miss Universo.<\/b><\/p>\n<p class=\"\">Sin embargo, antes de esa gran final, las concursantes deber\u00e1n pasar<b> un primer corte, en el que participar\u00e1n un total de 130 mujeres.<\/b> Pese a la alta competencia que hay en la gala, nuestra representante gallega tiene muchas opciones de pasar a la pr\u00f3xima ronda. A\u00fan as\u00ed,<b> las grandes favoritas<\/b> para proclamarse Miss Universo 2025 son<b> la filipina Ahtisa Manaloy la mexicana F\u00e1tima Bosch.<\/b> Con esta \u00faltima, curiosamente, comparte habitaci\u00f3n la gallega.<\/p>\n<p>Qui\u00e9n es Andrea Valero <\/p>\n<p class=\"\"><b>Nacida en A Coru\u00f1a<\/b> pero criada en Marbella, Andrea Valero tiene<b> 28 a\u00f1os. <\/b>Se form\u00f3 en Fashion Business en ciudades como Mil\u00e1n y Par\u00eds. Profesionalmente, <b>es cofundadora de una agencia de viajes de lujo,<\/b> lo que refleja su esp\u00edritu emprendedor m\u00e1s all\u00e1 de su pasi\u00f3n por la moda. Para ella, el apoyo de su familia, especialmente el de su madre y su hermana, ha sido clave en su camino hacia intentar conseguir la corona de Miss Universo. <\/p>\n<p>El vestido que lucir\u00e1 en el certamen<\/p>\n<p class=\"\">En la gala que catapultar\u00e1 a 30 modelos a la gran final, Andrea llevar\u00e1 un vestido que no dejar\u00e1 indiferente a nadie. Y es que la gallega ha optado por <b>un traje que homenajea a la hubara canaria, un p\u00e1jaro end\u00e9mico de las Islas Canarias en peligro de extinci\u00f3n. <\/b>Con brillos plateados, un gran plumaje y toques blancos y negros, este elegante dise\u00f1o pretende recordar la importancia de preservar el medioambiente y el futuro de las especies.<\/p>\n<p>Noticias relacionadas<\/p>\n<p class=\"\">Para esta edici\u00f3n, la organizaci\u00f3n ha presentado<b> el lema<\/b> &#8216;<b>The Power of Love\u2019<\/b>, recalcando<b> el empoderamiento de la mujer<\/b>. As\u00ed, solo una de las finalistas relevar\u00e1 a Victoria Kjaer como nueva Miss Universo. Andrea Valero, en la b\u00fasqueda de ser nombrada como mujer m\u00e1s bella, ha publicado en sus redes lo mucho que le ha ayudado esta competici\u00f3n: \u201cMiss Universo me ha ense\u00f1ado a amarme m\u00e1s profundamente, creer en mi valor y estar m\u00e1s segura de lo que quiero en la vida\u201d.<\/p>\n<p class=\"\"><b>\u00a1Tus opiniones importan!<\/b> Comenta en los art\u00edculos y suscr\u00edbete gratis a nuestra <a href=\"https:\/\/asfan.as.com\/newsletters\/\" target=\"_blank\" rel=\"nofollow noopener\" title=\"https:\/\/asfan.as.com\/newsletters\/\">newsletter<\/a> y a las alertas informativas en la <a href=\"https:\/\/as.com\/aplicacion-de-as-n\/\" target=\"_blank\" rel=\"nofollow noopener\" title=\"https:\/\/as.com\/aplicacion-de-as-n\/\">App<\/a> o el canal de <a href=\"https:\/\/www.whatsapp.com\/channel\/0029VaAasdA7j6g745nz9M10\" target=\"_blank\" rel=\"nofollow noopener\" title=\"https:\/\/www.whatsapp.com\/channel\/0029VaAasdA7j6g745nz9M10\">WhatsApp<\/a>. \u00bfBuscas licenciar contenido? Haz clic <a href=\"https:\/\/profesional.elpais.com\/soluciones-sindicacion?utm_medium=interno&amp;utm_source=crosslinking&amp;utm_campaign=sindicacion_as_pie_articulos\" target=\"_blank\" rel=\"nofollow noopener\" title=\"https:\/\/profesional.elpais.com\/soluciones-sindicacion?utm_medium=interno&amp;utm_source=crosslinking&amp;utm_campaign=sindicacion_as_pie_articulos\">aqu\u00ed<\/a><\/p>\n","protected":false},"excerpt":{"rendered":"El pr\u00f3ximo 21 de enero, 30 mujeres tendr\u00e1n la oportunidad de disputarse el honor de ser considerada la&hellip;\n","protected":false},"author":2,"featured_media":246431,"comment_status":"","ping_status":"","sticky":false,"template":"","format":"standard","meta":{"footnotes":""},"categories":[174],"tags":[255,146,147,25,24,256,23],"class_list":{"0":"post-246430","1":"post","2":"type-post","3":"status-publish","4":"format-standard","5":"has-post-thumbnail","7":"category-famosos","8":"tag-celebrities","9":"tag-entertainment","10":"tag-entretenimiento","11":"tag-es","12":"tag-espana","13":"tag-famosos","14":"tag-spain"},"share_on_mastodon":{"url":"","error":""},"_links":{"self":[{"href":"https:\/\/www.europesays.com\/es\/wp-json\/wp\/v2\/posts\/246430","targetHints":{"allow":["GET"]}}],"collection":[{"href":"https:\/\/www.europesays.com\/es\/wp-json\/wp\/v2\/posts"}],"about":[{"href":"https:\/\/www.europesays.com\/es\/wp-json\/wp\/v2\/types\/post"}],"author":[{"embeddable":true,"href":"https:\/\/www.europesays.com\/es\/wp-json\/wp\/v2\/users\/2"}],"replies":[{"embeddable":true,"href":"https:\/\/www.europesays.com\/es\/wp-json\/wp\/v2\/comments?post=246430"}],"version-history":[{"count":0,"href":"https:\/\/www.europesays.com\/es\/wp-json\/wp\/v2\/posts\/246430\/revisions"}],"wp:featuredmedia":[{"embeddable":true,"href":"https:\/\/www.europesays.com\/es\/wp-json\/wp\/v2\/media\/246431"}],"wp:attachment":[{"href":"https:\/\/www.europesays.com\/es\/wp-json\/wp\/v2\/media?parent=246430"}],"wp:term":[{"taxonomy":"category","embeddable":true,"href":"https:\/\/www.europesays.com\/es\/wp-json\/wp\/v2\/categories?post=246430"},{"taxonomy":"post_tag","embeddable":true,"href":"https:\/\/www.europesays.com\/es\/wp-json\/wp\/v2\/tags?post=246430"}],"curies":[{"name":"wp","href":"https:\/\/api.w.org\/{rel}","templated":true}]}}