{"id":246452,"date":"2025-11-20T14:27:20","date_gmt":"2025-11-20T14:27:20","guid":{"rendered":"https:\/\/www.europesays.com\/es\/246452\/"},"modified":"2025-11-20T14:27:20","modified_gmt":"2025-11-20T14:27:20","slug":"copa-davis-2025-marcel-granollers-en-espana-parece-que-ser-doblista-es-un-fracaso-tenis-deportes","status":"publish","type":"post","link":"https:\/\/www.europesays.com\/es\/246452\/","title":{"rendered":"Copa Davis 2025: Marcel Granollers: \u201cEn Espa\u00f1a, parece que ser doblista es un fracaso\u201d | Tenis | Deportes"},"content":{"rendered":"<p class=\"\">Sentado sobre un butac\u00f3n de cuero del cuartel general del equipo espa\u00f1ol, Marcel Granollers (Barcelona, 39 a\u00f1os) viaja de un extremo a otro: de ese que ya queda lejos al presente feliz que sigue disfrutando de la mano de Horacio Zeballos, Cebolla, su compa\u00f1ero de correr\u00edas. Este a\u00f1o, ambos <a href=\"https:\/\/elpais.com\/deportes\/tenis\/2025-06-07\/marcel-granollers-se-hace-grande-de-la-mano-de-horacio-zeballos-y-conquista-roland-garros.html\" target=\"_self\" rel=\"nofollow noopener\" title=\"https:\/\/elpais.com\/deportes\/tenis\/2025-06-07\/marcel-granollers-se-hace-grande-de-la-mano-de-horacio-zeballos-y-conquista-roland-garros.html\">triunfaron en Roland Garros<\/a> y <a href=\"https:\/\/elpais.com\/deportes\/tenis\/2025-09-06\/el-espanol-marcel-granollers-campeon-del-us-open-en-el-cuadro-de-dobles-junto-al-argentino-horacio-zeballos.html\" target=\"_self\" rel=\"nofollow noopener\" title=\"https:\/\/elpais.com\/deportes\/tenis\/2025-09-06\/el-espanol-marcel-granollers-campeon-del-us-open-en-el-cuadro-de-dobles-junto-al-argentino-horacio-zeballos.html\">el US Open<\/a>, adem\u00e1s de haber alcanzado la cima del circuito. El catal\u00e1n, con tres Copas Davis en el expediente, lo saborea y lo reivindica: do-bles. \u201c\u00bfPor qu\u00e9 no?\u201d. Tras no haber podido participar en toda la fase clasificatoria, su presencia resulta trascendental para que Espa\u00f1a, citada este jueves en los cuartos con la Rep\u00fablica Checa (10.00, Movistar+), apure sus opciones pese a la p\u00e9rdida inesperada de Carlos Alcaraz.<\/p>\n<p>M\u00e1s informaci\u00f3n<\/p>\n<p class=\"\"><b>Pregunta.<\/b> En su caso, el doblista ha terminado devorando al singlista, aunque en su d\u00eda lleg\u00f3 a ser el 19\u00ba del mundo. \u00bfQu\u00e9 etapa ha disfrutado m\u00e1s?<\/p>\n<p class=\"\"><b>Respuesta.<\/b> No las quiero comparar. Mi etapa individual era el sue\u00f1o que ten\u00eda como tenista, lo que hab\u00eda so\u00f1ado desde ni\u00f1o, y hubiera firmado a ojos cerrados llegar hasta donde llegu\u00e9. Lo de ahora es diferente, me ha complementado. En un momento dado tom\u00e9 la decisi\u00f3n y el dobles me ha permitido vivir otras cosas, ganar torneos que <a href=\"https:\/\/elpais.com\/deportes\/tenis\/2025-05-03\/a-falta-de-solistas-ahi-esta-otra-vez-el-campeon-marcel-granollers.html\" target=\"_self\" rel=\"nofollow noopener\" title=\"https:\/\/elpais.com\/deportes\/tenis\/2025-05-03\/a-falta-de-solistas-ahi-esta-otra-vez-el-campeon-marcel-granollers.html\">de otro modo no hubiera sido posible<\/a>. No las comparar\u00eda, simplemente las diferenciar\u00eda. <\/p>\n<p class=\"\"><b>P.<\/b> \u00bfLe cansa que, de alguna manera, en pa\u00edses como Espa\u00f1a se tenga que seguir reivindicando la modalidad? \u00bfFalta reconocimiento?<\/p>\n<p class=\"\"><b>R.<\/b> Es que, en mi caso, no lo necesito. Yo estoy aqu\u00ed, hago mi trabajo lo mejor que s\u00e9 e intento esforzarme cada d\u00eda. Es lo \u00fanico que necesito, nada m\u00e1s. Estoy contento con mi carrera y lo que busco es que, al terminarla, pueda estar contento y orgulloso de ella. Todo lo dem\u00e1s\u2026 Mi objetivo es irme con la conciencia tranquila y pensar que he sido honesto conmigo mismo.<\/p>\n<blockquote class=\"a_q\">\n<p>No busco reconocimiento. Mi objetivo es irme con la conciencia tranquila, siendo honesto conmigo mismo<\/p>\n<\/blockquote>\n<p class=\"\"><b>P.<\/b> Se sigue hablando de usted de forma secundaria, pero ha alcanzado cotas muy importantes. \u00bfNo considera que se ha ganado ya un estatus m\u00e1s relevante?<\/p>\n<p class=\"\"><b>R. <\/b>En realidad tom\u00e9 la decisi\u00f3n de jugar el dobles para ganar este tipo de torneos, para ganar alg\u00fan d\u00eda un Grand Slam, y lo he podido conseguir. <a href=\"https:\/\/elpais.com\/deportes\/tenis\/2024-05-02\/marcel-granollers-un-trabajador-en-la-cima-del-dobles-yo-se-lo-que-me-ha-costado.html\" target=\"_self\" rel=\"nofollow noopener\" title=\"https:\/\/elpais.com\/deportes\/tenis\/2024-05-02\/marcel-granollers-un-trabajador-en-la-cima-del-dobles-yo-se-lo-que-me-ha-costado.html\">He llegado a ser el n\u00famero uno<\/a> y eso me enorgullece, porque no es una tarea f\u00e1cil. <\/p>\n<p class=\"\"><b>P.<\/b> En Espa\u00f1a se le da poco valor a disciplinas o modalidades que en otros pa\u00edses tienen mucho peso. \u00bfFalta cultura deportiva?<\/p>\n<p class=\"\"><b>R.<\/b> No lo creo, pero dir\u00eda que, por circunstancias, no se contempla como una opci\u00f3n. El jugador que no llega o le cuesta m\u00e1s parece menos, se ve como un fracaso, y eso deber\u00eda cambiar. Parece que no vales. En otros pa\u00edses hay federaciones que lo respaldan al m\u00e1ximo y en los que se anima a que el dobles sea su primera opci\u00f3n, \u00bfpor qu\u00e9 no? \u00a1Int\u00e9ntalo! Es una manera muy bonita de vivir el tenis, porque no todos podemos ser un superjugador de manera individual. Necesitamos que en Espa\u00f1a se apoye esto desde los clubes, que se contemple que hay otro camino y que te puedes ganar la vida con ello. Que es una opci\u00f3n viable. Hay pa\u00edses que tienen esa cultura, pero otros no. Necesitamos que no se vea como algo malo. Hay tenistas que antes de retirarse de lo individual, podr\u00edan intentarlo, pero no sientes que exista ese empuje.<\/p>\n<p class=\"\"><b>P.<\/b> Supongo que, despu\u00e9s de lo conseguido este a\u00f1o, se merece el foco. Ha sido un a\u00f1o para enmarcar, \u00bfno?<\/p>\n<p class=\"\"><b>R.<\/b> S\u00ed, s\u00ed, s\u00ed\u2026 Ha sido un a\u00f1azo. Firmar\u00eda que el a\u00f1o que viene fuera igual, con las lesiones incluidas. La primera [pectoral, justo al llegar a Australia] me hizo da\u00f1o, porque al final en el dobles tienes un compa\u00f1ero y \u00e9l y su equipo dependen de ti, y al no ser capaz de competir es complicado. Estuve dos meses fuera de la competici\u00f3n y te preguntas si podr\u00e1s volver igual, pero tienes que confiar en el proceso. Tanto Horacio como yo trabajamos duro y tuvimos la paciencia necesaria para alcanzar el nivel que hemos alcanzado.<\/p>\n<p><img decoding=\"auto\" class=\"_re lazyload a_m-v\" height=\"523\"  width=\"414\"  src=\"https:\/\/www.europesays.com\/es\/wp-content\/uploads\/2025\/11\/6HHBQHDOCNNBZA5X64Q33RCHEY.jpg\" loading=\"lazy\"\/>Granollers volea, con Zeballos a su espalda, durante un partido en la Copa de Maestros de Tur\u00edn.ALESSANDRO DI MARCO (EFE)<\/p>\n<p class=\"\"><b>P.<\/b> Tiene 39 a\u00f1os y su compa\u00f1ero 40. Con relativa frecuencia se le pregunta sobre la retirada a pesar de los \u00e9xitos. \u00bfHay un poco de edadismo?<\/p>\n<p class=\"\"><b>R.<\/b> Si te cuidas y tienes suerte con las lesiones, porque si te paras ocho meses tienes un problema, en esta modalidad no hay una edad en la que digas: \u2018tengo que retirarme s\u00ed o s\u00ed\u2019. Ah\u00ed est\u00e1n casos como el de Boppana [45], que con 43 fue n\u00famero uno y gan\u00f3 el grande que tiene, as\u00ed que&#8230; Es una modalidad que no es tan f\u00edsica y que te permite alargar tu carrera, as\u00ed que mientras tu cabeza tenga gasolina para continuar, sigues.<\/p>\n<p class=\"\"><b>P.<\/b> \u00bfHasta qu\u00e9 punto se cuida? \u00bfEs usted tambi\u00e9n de dieta paleo y gafas rojas y amarillas?<\/p>\n<p class=\"\"><b>R.<\/b> Pues mire, precisamente tengo en la habitaci\u00f3n unas amarillas y otras rojas\u2026 As\u00ed que puede imagin\u00e1rselo.<\/p>\n<p class=\"\"><b>P.<\/b> \u00bfPero funciona o no?<\/p>\n<p class=\"\"><b>R.<\/b> No lo s\u00e9\u2026 El caso es que hay una explicaci\u00f3n detr\u00e1s y un porqu\u00e9, as\u00ed que todo puede ayudar. M\u00e1s all\u00e1 de eso, intento seguir mis rutinas con el gimnasio y el tema de la alimentaci\u00f3n, de un tiempo aqu\u00ed, es algo que miro y e intento controlar bien, porque me interesa.<\/p>\n<blockquote class=\"a_q\">\n<p>\u00bfGafas rojas y amarillas? Tengo unas. Hay una explicaci\u00f3n detr\u00e1s, as\u00ed que todo puede ayudar<\/p>\n<\/blockquote>\n<p class=\"\"><b>P.<\/b> El tenis de \u00e9lite requiere poco menos que estar obsesionado. \u00bfQu\u00e9 se imagina haciendo el d\u00eda despu\u00e9s? \u00bfM\u00e1s y m\u00e1s tenis?<\/p>\n<p class=\"\"><b>R. <\/b>No lo s\u00e9, pero cuando acabe s\u00ed me gustar\u00eda compartir con alg\u00fan jugador que busca evolucionar o chicos j\u00f3venes mi experiencia; todo por lo que he pasado, lo bueno y lo no tan bueno. Ser\u00eda una forma de devolver al tenis lo que me ha dado a lo largo de estos a\u00f1os.<\/p>\n<p class=\"\"><b>P.<\/b> O sea, m\u00e1s tenis\u2026<\/p>\n<p class=\"\"><b>R.<\/b> S\u00ed, en realidad s\u00ed. Hay que ver de qu\u00e9 forma se hace eso, porque al final si te conviertes en entrenador a tiempo completo, vuelves a entrar en la rueda. Se trata de buscar la f\u00f3rmula buena.<\/p>\n<p class=\"\"><b>P.<\/b> Es usted del Espanyol, pero, \u00bfqu\u00e9 otras cosas le gustan?<\/p>\n<p class=\"\"><b>R. <\/b>Intent\u00e9 empezar a jugar a golf, a un nivel muy inicial, pero con la lesi\u00f3n del pectoral y del pie [durante el US Open], este a\u00f1o no he jugado nada. Solo faltar\u00eda que por hacerlo la l\u00ede\u2026 Ahora que estoy mejor, lo retomar\u00e9 porque me apetece subir poquito a poco el nivel.<\/p>\n<p class=\"\"><b>P.<\/b> Voy a ponerle en un aprieto. Usted ha convivido con Nadal y Alcaraz, \u00bfcon cu\u00e1l de los dos se queda? \u00bfQui\u00e9n le ha impresionado m\u00e1s?<\/p>\n<p class=\"\"><b>R. <\/b>Son dos fen\u00f3menos. Rafa ya no juega, pero todo lo que ha conseguido y la forma en que lo ha hecho solo es posible si eres <a href=\"https:\/\/elpais.com\/deportes\/tenis\/2024-10-10\/especial-la-leyenda-de-rafa-nadal-la-retirada-de-un-superviviente.html\" target=\"_self\" rel=\"nofollow noopener\" title=\"https:\/\/elpais.com\/deportes\/tenis\/2024-10-10\/especial-la-leyenda-de-rafa-nadal-la-retirada-de-un-superviviente.html\">una bestia ten\u00edstica y competitiva<\/a>; se tienen que juntar las dos cosas; esa hambre que ha tenido&#8230; Lo gan\u00f3 todo, pero segu\u00eda meti\u00e9ndose en una pista con la humildad para querer mejorar, y eso es brutal. En el caso de Carlos, el responder como responde a esas circunstancias de presi\u00f3n que est\u00e1 afrontando, con esa edad, tambi\u00e9n te dice que es otra bestia. Es un chico con un potencial extremo, capaz de hacerlo todo y en cualquier superficie. Los dos sienten que tienen la necesidad de mejorar alg\u00fan detalle, y eso no es nada f\u00e1cil. Picar piedra un d\u00eda, y otro, y otro, y otro\u2026<\/p>\n<p><img decoding=\"auto\" class=\"_re lazyload a_m-h\" height=\"276\"  width=\"414\"  src=\"https:\/\/www.europesays.com\/es\/wp-content\/uploads\/2025\/11\/4BJWEFN7R5HJLGXTE66HL5VUOY.jpg\" loading=\"lazy\"\/>Granollers, en una sesi\u00f3n de esta semana. \/ PEPO RUIZ (RFET)<\/p>\n<p class=\"\"><b>P. <\/b>Es profesional desde 2003, su recorrido es muy largo.<b> <\/b>\u00bfQu\u00e9 piensa de la evoluci\u00f3n del tenis en t\u00e9rminos conceptuales y empresariales, como industria?<\/p>\n<p class=\"\"><b>R. <\/b>A m\u00ed me gustar\u00eda que el calendario no estuviera tan saturado y que hubiera un margen para la desconexi\u00f3n que ahora mismo no existe. Recargar pilas es muy saludable, pero al ritmo que vamos siempre, es muy dif\u00edcil no quemarse porque sientes que no sales de esta rueda, porque apenas tienes tiempo para ti. Habr\u00eda que buscar una v\u00eda equilibrada, aunque no s\u00e9 cu\u00e1l es.<\/p>\n<p class=\"\"><b>P.<\/b> Esa pasa por generar menos, \u00bfno?<\/p>\n<p class=\"\"><b>R.<\/b> Esto empieza el 1 de enero y <a href=\"https:\/\/elpais.com\/deportes\/tenis\/2025-10-04\/el-calendario-del-tenis-un-problema-sin-fin-y-divisorio-esta-vez-alcaraz-y-sinner-discrepan.html\" target=\"_self\" rel=\"nofollow noopener\" title=\"https:\/\/elpais.com\/deportes\/tenis\/2025-10-04\/el-calendario-del-tenis-un-problema-sin-fin-y-divisorio-esta-vez-alcaraz-y-sinner-discrepan.html\">ahora estamos a finales de noviembre<\/a>\u2026 Y a\u00fan no ha terminado. El veintipico de diciembre tienes que volar para Australia otra vez, con la pretemporada de por medio, y as\u00ed a\u00f1o tras a\u00f1o&#8230; No tienes tiempo suficiente para recuperarte, eso es as\u00ed.<\/p>\n<p class=\"\"><b>P. <\/b>\u00bfEs de los rom\u00e1nticos, y lo que ve hoy d\u00eda le gusta menos, o piensa como Jim Courier, que el tenis actual es \u201cel mejor que hemos visto nunca\u201d?<\/p>\n<p class=\"\"><b>R. <\/b>Desde que yo tengo uso de raz\u00f3n, siempre he visto muy buen tenis. He tenido la suerte de vivir de cerca una de las mejores \u00e9pocas de este deporte, si no la mejor, pero cada \u00e9poca tiene sus cosas. Esto simplemente evoluciona. Antes hab\u00eda m\u00e1s especialistas, ya fuera en tierra, hierba o r\u00e1pida, con un estilo m\u00e1s marcado, pero ahora todo el mundo juega bien en todas las superficies. <\/p>\n<blockquote class=\"a_q\">\n<p>Alcaraz es vital, pero podemos competir para ganar cualquier eliminatoria. Vamos a intentarlo a muerte<\/p>\n<\/blockquote>\n<p class=\"\"><b>P.<\/b> Da la sensaci\u00f3n de que Sinner y Alcaraz est\u00e1n adelantando el futuro, compiten a un ritmo infernal y durante todo el partido. \u00bfLe sorprende?<\/p>\n<p class=\"\"><b>R.<\/b> La velocidad a la que se juega hoy d\u00eda es muy alta, y a los dos la bola les corre much\u00edsimo y son capaces de generar tiros ganadores desde cualquier lado. <a href=\"https:\/\/elpais.com\/deportes\/tenis\/2025-11-18\/alcaraz-radiografia-al-rodillo-sinner-siempre-esta-ahi-ahi-y-ahi-y-eso-le-hace-imparable.html\" target=\"_self\" rel=\"nofollow noopener\" title=\"https:\/\/elpais.com\/deportes\/tenis\/2025-11-18\/alcaraz-radiografia-al-rodillo-sinner-siempre-esta-ahi-ahi-y-ahi-y-eso-le-hace-imparable.html\">Su peloteo intermedio es alt\u00edsimo<\/a>, la verdad.<\/p>\n<p class=\"\"><b>P.<\/b> \u00bfCu\u00e1l de los dos le impacta m\u00e1s?<\/p>\n<p class=\"\"><b>R.<\/b> A m\u00ed Carlos me gusta mucho, tiene una variedad incre\u00edble y puede hacer much\u00edsimas cosas. Sinner ahora est\u00e1 intentando implementar m\u00e1s esa variedad en su juego&#8230; Dir\u00eda que ambos son \u00fanicos, cada uno con su estilo y su personalidad. Los dos est\u00e1n intentando alcanzar su mejor versi\u00f3n. <\/p>\n<p class=\"\"><b>P.<\/b> Son otros dos enfermos.<\/p>\n<p class=\"\"><b>R.<\/b> Cuando juegan un partido, al d\u00eda siguiente el otro est\u00e1 pensando c\u00f3mo poder hacerle da\u00f1o al otro con otras soluciones. Son jugadores que est\u00e1n constantemente evolucionando.<\/p>\n<p class=\"\"><b>P.<\/b> \u00bfHasta qu\u00e9 punto depend\u00eda Espa\u00f1a en esta Davis de Alcaraz?<\/p>\n<p class=\"\"><b>R. <\/b>A ver, es que un jugador como Carlos\u2026 <a href=\"https:\/\/elpais.com\/deportes\/tenis\/2025-11-19\/espana-y-la-dura-vida-sin-alcaraz-un-poco-de-credito-hay-que-darnos-no.html\" target=\"_self\" rel=\"nofollow noopener\" title=\"https:\/\/elpais.com\/deportes\/tenis\/2025-11-19\/espana-y-la-dura-vida-sin-alcaraz-un-poco-de-credito-hay-que-darnos-no.html\">Ser\u00eda importante para cualquier equipo<\/a>. Es nuestro mejor jugador, el n\u00famero uno, as\u00ed que obviamente es important\u00edsimo para nosotros. Su importancia es vital. No ha podido estar con nosotros, pero creo que tenemos un equipo lo suficientemente competitivo como para poder ganar cualquier eliminatoria. Y vamos a intentarlo a muerte.<\/p>\n<p class=\"\"><b>P.<\/b> \u00bfY hasta qu\u00e9 punto depende de usted? Porque tambi\u00e9n es capital.<\/p>\n<p class=\"\"><b>R. <\/b>Lo mismo que del resto de los compa\u00f1eros. Estamos aqu\u00ed para ayudar.<\/p>\n<p>DUELO NOST\u00c1LGICO EN LOS BANQUILLOS<\/p>\n<p>A. C. | Bolonia<\/p>\n<p class=\"ql-align-justify\">En aquella \u00e9poca en la que Granollers logr\u00f3 ascender al top-20, el acceso se vend\u00eda caro y todav\u00eda m\u00e1s hacia el estrato superior. Ah\u00ed, cl\u00e1sicos como David Ferrer o Tomas Berdych, obligados a litigar con los tres gigantes y Andy Murray.<\/p>\n<p class=\"ql-align-justify\">El espa\u00f1ol alcanz\u00f3 el tercer pelda\u00f1o del circuito y jug\u00f3 la final de Roland Garros (2013). El checo la de Wimbledon (2010) y lleg\u00f3 a ser el cuatro. Dos competidores de pedigr\u00ed que hoy se reencontrar\u00e1n desde otra posici\u00f3n: las sillas. Capit\u00e1n uno y otro.<\/p>\n<p class=\"ql-align-justify\">Durante su etapa como jugadores se enfrentaron 16 veces, con un reparto de 8-8. En la Copa Davis sucedi\u00f3 una vez, en 2012. El alicantino venci\u00f3 en Praga (6-2, 6-3 y 7-5), aunque los checos ganaron la eliminatoria (3-2) y finalmente se coronar\u00edan.<\/p>\n<p class=\"ql-align-justify\">Previamente pod\u00edan haberse topado, pero en la final de 2009 no llegaron a medirse. No obstante, Ferrer certific\u00f3 el \u00faltimo punto del equipo espa\u00f1ol, muy superior (5-0) en el debroche del Palau Sant Jordi. Ese d\u00eda se festej\u00f3 la cuarta Ensaladera.<\/p>\n<p class=\"ql-align-justify\">Por otra parte, la anfitriona, Italia, se impuso a Austria por 2-0 gracias a los triunfos de Matteo Berrettini (6-3 y 7-6(4) a Jurij Rodionov) y Flavio Cobolli (6-1 y 6-3 a Filip Misolic). De este modo, se uni\u00f3 como semifinalista a B\u00e9lgica, su rival el viernes.<\/p>\n<p class=\"ql-align-justify\">A partir de las 17.00 (Movistar+), Argentina y Alemania chocar\u00e1n en busca del otro pase para las semifinales. La ganadora de esta serie se encontrar\u00e1 con Espa\u00f1a o la Rep\u00fablica Checa.<\/p>\n","protected":false},"excerpt":{"rendered":"Sentado sobre un butac\u00f3n de cuero del cuartel general del equipo espa\u00f1ol, Marcel Granollers (Barcelona, 39 a\u00f1os) viaja&hellip;\n","protected":false},"author":2,"featured_media":246453,"comment_status":"","ping_status":"","sticky":false,"template":"","format":"standard","meta":{"footnotes":""},"categories":[274],"tags":[17145,20106,545,1540,13877,9482,168,25,24,628,34990,28749,23,167,327,11759,326],"class_list":{"0":"post-246452","1":"post","2":"type-post","3":"status-publish","4":"format-standard","5":"has-post-thumbnail","7":"category-tenis","8":"tag-atp-tour","9":"tag-bolonia","10":"tag-carlos-alcaraz","11":"tag-competiciones","12":"tag-copa-davis","13":"tag-david-ferrer","14":"tag-deportes","15":"tag-es","16":"tag-espana","17":"tag-italia","18":"tag-marcel-granollers","19":"tag-pablo-carreno-busta","20":"tag-spain","21":"tag-sports","22":"tag-tenis","23":"tag-tenistas","24":"tag-tennis"},"share_on_mastodon":{"url":"https:\/\/pubeurope.com\/@es\/115582497643806437","error":""},"_links":{"self":[{"href":"https:\/\/www.europesays.com\/es\/wp-json\/wp\/v2\/posts\/246452","targetHints":{"allow":["GET"]}}],"collection":[{"href":"https:\/\/www.europesays.com\/es\/wp-json\/wp\/v2\/posts"}],"about":[{"href":"https:\/\/www.europesays.com\/es\/wp-json\/wp\/v2\/types\/post"}],"author":[{"embeddable":true,"href":"https:\/\/www.europesays.com\/es\/wp-json\/wp\/v2\/users\/2"}],"replies":[{"embeddable":true,"href":"https:\/\/www.europesays.com\/es\/wp-json\/wp\/v2\/comments?post=246452"}],"version-history":[{"count":0,"href":"https:\/\/www.europesays.com\/es\/wp-json\/wp\/v2\/posts\/246452\/revisions"}],"wp:featuredmedia":[{"embeddable":true,"href":"https:\/\/www.europesays.com\/es\/wp-json\/wp\/v2\/media\/246453"}],"wp:attachment":[{"href":"https:\/\/www.europesays.com\/es\/wp-json\/wp\/v2\/media?parent=246452"}],"wp:term":[{"taxonomy":"category","embeddable":true,"href":"https:\/\/www.europesays.com\/es\/wp-json\/wp\/v2\/categories?post=246452"},{"taxonomy":"post_tag","embeddable":true,"href":"https:\/\/www.europesays.com\/es\/wp-json\/wp\/v2\/tags?post=246452"}],"curies":[{"name":"wp","href":"https:\/\/api.w.org\/{rel}","templated":true}]}}