{"id":246462,"date":"2025-11-20T14:33:17","date_gmt":"2025-11-20T14:33:17","guid":{"rendered":"https:\/\/www.europesays.com\/es\/246462\/"},"modified":"2025-11-20T14:33:17","modified_gmt":"2025-11-20T14:33:17","slug":"asi-se-ha-construido-la-iglesia-espanola-premiada-como-el-mejor-edificio-del-ano","status":"publish","type":"post","link":"https:\/\/www.europesays.com\/es\/246462\/","title":{"rendered":"as\u00ed se ha construido la iglesia espa\u00f1ola premiada como el mejor edificio del a\u00f1o"},"content":{"rendered":"<p class=\"paragraph\" id=\"paragraph_1\">El hormig\u00f3n es el material m\u00e1s com\u00fan en construcci\u00f3n, pero lejos de pasar desapercibido como un material humilde, arquitectos e <a href=\"https:\/\/www.elespanol.com\/omicrono\/hardware\/20250608\/nuevo-hormigon-cambiara-construccion-pulveriza-grietas-repararlas-facil-rapido\/1003743704006_0.html?utm_cmp_rs=linksinline\" rel=\"nofollow noopener\" target=\"_blank\">investigadores est\u00e1n otorg\u00e1ndole un papel principal<\/a> en las nuevas construcciones. Ejemplo de ello es esta <strong>iglesia espa\u00f1ola premiada<\/strong> a nivel internacional.<\/p>\n<p class=\"paragraph\" id=\"paragraph_2\"><strong>Cuatro bloques de hormig\u00f3n visto confieren<\/strong> a este edificio una imagen como si la propia naturaleza hubiera formado unas rocas sagradas en la zona. Solo el entorno urbano que le rodea rompe con el misticismo de esta construcci\u00f3n.<\/p>\n<p class=\"paragraph\" id=\"paragraph_3\">Esta iglesia de estilo brutalista es obra del arquitecto canario<a href=\"https:\/\/menis.es\/portfolio\/iglesia-del-santisimo-redentor-la-laguna\/\" rel=\"nofollow nefollow noopener\" target=\"_blank\"> Fernando Menis,<\/a> se trata de la Iglesia y el Centro Comunitario del Sant\u00edsimo Redentor de Las Chumberas en La Laguna (Tenerife) que<strong> ha sido distinguida con el World Building of the Year<\/strong>, m\u00e1ximo galard\u00f3n del World Architecture Festival (WAF) 2025.<\/p>\n<p><img decoding=\"async\" alt=\"Iglesia y Centro Comunitario del Santo Redentor de Las Chumberas\" data-imgm=\"true\" height=\"180\" loading=\"lazy\"  src=\"https:\/\/www.europesays.com\/es\/wp-content\/uploads\/2025\/11\/1003744020111_260019147_1024x576.jpg\"  width=\"320\"\/><\/p>\n<p>                                                            Iglesia y Centro Comunitario del Santo Redentor de Las Chumberas<\/p>\n<p>                    Fernando Menis<\/p>\n<p>                    Omicrono<\/p>\n<p class=\"paragraph\" id=\"paragraph_4\">La construcci\u00f3n del edificio, <strong>principalmente de hormig\u00f3n y piedra volc\u00e1nica,<\/strong> con peque\u00f1os detalles met\u00e1licos, no solo busca impresionar a la vista, tambi\u00e9n al resto de sentidos. Su dise\u00f1o consigue crear un juego de luces que van cambiando a lo largo del d\u00eda y ofrecer una experiencia ac\u00fastica digna de un templo.<\/p>\n<p class=\"paragraph\" id=\"paragraph_5\">El centro se encuentra<strong> en la Laguna, en la isla de Tenerife<\/strong>, e incluye un centro parroquial y una plaza p\u00fablica que contrasta con la vegetaci\u00f3n que le rodea, as\u00ed como los edificios vecinos, un pol\u00edgono de 670 viviendas de los a\u00f1os 70.<\/p>\n<p><img loading=\"lazy\" decoding=\"async\" alt=\"Un bloque del hormig\u00f3n impreso en 3D.\" height=\"180\" src=\"https:\/\/www.europesays.com\/es\/wp-content\/uploads\/2025\/11\/1003743848630_257297778_320x180.jpg\" width=\"320\" data-lazy-status=\"processed\" data-lazy-info=\"remove loading item 1\"\/><\/p>\n<p class=\"paragraph\" id=\"paragraph_6\">La construcci\u00f3n <strong>se extendi\u00f3 a lo largo de 15 a\u00f1os<\/strong> y coincidi\u00f3 con la misma edificaci\u00f3n del barrio en el que se asienta y que tiene parte de responsabilidad en la iniciativa del proyecto, junto con el Obispado de Tenerife.<\/p>\n<p>Hormig\u00f3n visto y piedra volc\u00e1nica<\/p>\n<p class=\"paragraph\" id=\"paragraph_7\">El conjunto est\u00e1 formado por cuatro m\u00f3dulos independientes y se fueron entregando por fases. La primera fase fue el centro parroquial, alojado en dos vol\u00famenes. Este se empez\u00f3 a usar en 2008. Precisamente el mismo a\u00f1o que se estren\u00f3 en la pen\u00ednsula otro icono de la arquitectura brutalista, <a href=\"https:\/\/www.elespanol.com\/omicrono\/tecnologia\/20231117\/iconica-casa-espanola-hormigon-construida-dias-imponente-piscina-emblema\/809919422_0.html?utm_cmp_rs=linksinline\" rel=\"nofollow noopener\" target=\"_blank\">la casa Hemersocopium del arquitecto Ant\u00f3n Garc\u00eda-Abril<\/a> quien tambi\u00e9n us\u00f3 el hormig\u00f3n como material principal.<\/p>\n<p class=\"paragraph\" id=\"paragraph_8\">El dise\u00f1o se ha inspirado en la geolog\u00eda volc\u00e1nica de la isla en la que se encuentra. Su apariencia de cuatro rocas enormes incrustadas en el suelo y la textura rugosa del hormig\u00f3n visto contrasta de forma dura con el entorno residencial que le rodea.<\/p>\n<p><img decoding=\"async\" alt=\"Iglesia y Centro Comunitario del Santo Redentor de Las Chumberas\" data-imgm=\"true\" height=\"180\" loading=\"lazy\"  src=\"https:\/\/www.europesays.com\/es\/wp-content\/uploads\/2025\/11\/1003744020107_260019094_1024x576.jpg\"  width=\"320\"\/><\/p>\n<p>                                                            Iglesia y Centro Comunitario del Santo Redentor de Las Chumberas<\/p>\n<p>                    Fernando Menis<\/p>\n<p>                    Omicrono<\/p>\n<p class=\"paragraph\" id=\"paragraph_9\">Entre los vol\u00famenes robustos se abren fracturas por las que atraviesa la luz al interior. <strong>Estas grietas se han blindado con estructuras de vidrio<\/strong> y met\u00e1licas que responden al estilo escult\u00f3rico de todo el conjunto.<\/p>\n<p class=\"paragraph\" id=\"paragraph_10\">Los \u00fanicos detalles que el arquitecto se ha permitido integrar con esos grandes bloques de hormig\u00f3n son el enrejado que protege el interior entre cada bloque y las puertas internas. Siguiendo el estilo brutalista, dentro de la iglesia, <strong>unas parrillas de gran tama\u00f1o y rellenas de pedruscos forman las puertas.<\/strong><\/p>\n<p>Luz y sonido celestial<\/p>\n<p class=\"paragraph\" id=\"paragraph_11\">La luz de d\u00eda se filtra por estas aberturas e ilumina todo el interior austero y tosco, el arquitecto quiso mantener la idea de simplicidad y minimalismo para no restarle protagonismo a la propia arquitectura. La direcci\u00f3n de la luz, seg\u00fan las horas, es parte del juego. Por la ma\u00f1ana, los rayos de Sol atraviesan la <strong>cruz tallada en la pared iluminando el espacio<\/strong> detr\u00e1s del altar hasta llegar a la pila bautismal.<\/p>\n<p><img decoding=\"async\" alt=\"Iglesia y Centro Comunitario del Santo Redentor de Las Chumberas\" data-imgm=\"true\" height=\"180\" loading=\"lazy\"  src=\"https:\/\/www.europesays.com\/es\/wp-content\/uploads\/2025\/11\/1003744020104_260019005_1024x576.jpg\"  width=\"320\"\/><\/p>\n<p>                                                            Iglesia y Centro Comunitario del Santo Redentor de Las Chumberas<\/p>\n<p>                    Fernando Menis<\/p>\n<p>                    Omicrono<\/p>\n<p class=\"paragraph\" id=\"paragraph_12\">El resto del d\u00eda hay horas clave en las que el sol vuelve a colarse de lleno por otra de sus rendijas. A mediod\u00eda la luz cae en picado por el tejado iluminando los bancos. Por la tarde,<strong> se ilumina el confesionario y a \u00faltima hora la parte trasera.<\/strong><\/p>\n<p class=\"paragraph\" id=\"paragraph_13\">El uso del hormig\u00f3n no es simplemente est\u00e9tico, Menis reivindica en sus proyectos el principio de la \u00abarquitectura de kil\u00f3metro cero\u00bb, por lo que este material tiene m\u00faltiples prop\u00f3sitos.<\/p>\n<p><img decoding=\"async\" alt=\"Una de las muestras de biohormig\u00f3n\" height=\"180\" loading=\"lazy\" width=\"320\" data-lazy-status=\"processed\" id=\"39b6d88c94\" src=\"https:\/\/www.elespanol.com\/omicrono\/tecnologia\/20251120\/hormigon-uso-inteligente-luz-construido-iglesia-espanola-premiada-mejor-edificio-ano\/[\" https:=\"\" data-lazy-info=\"changed src\"\/><\/p>\n<p class=\"paragraph\" id=\"paragraph_14\">Por un lado, es un elemento accesible a nivel local, con constructores cercanos. Adem\u00e1s, este elemento facilita <strong>la eficiencia energ\u00e9tica del hormig\u00f3n,<\/strong> debido a su naturaleza isotr\u00f3pica, la cual se ve reforzada aqu\u00ed por la inercia t\u00e9rmica de los gruesos muros macizos<\/p>\n<p class=\"paragraph\" id=\"paragraph_15\">Por otro lado, defiende el arquitecto el potencial ac\u00fastico del mismo, desafiando la <strong>creencia de que es inferior ac\u00fasticamente a materiales como la madera.<\/strong> Para la difusi\u00f3n se utiliza hormig\u00f3n visto sencillo, pero para la absorci\u00f3n el sonido se emplea el hormig\u00f3n visto mezclado con piedra volc\u00e1nica local. \u00abLa ac\u00fastica resultante se adapta al canto, al coro y al habla\u00bb, explica en su web.<\/p>\n<p><img decoding=\"async\" alt=\"Iglesia y Centro Comunitario del Santo Redentor de Las Chumberas\" data-imgm=\"true\" height=\"180\" loading=\"lazy\"  src=\"https:\/\/www.europesays.com\/es\/wp-content\/uploads\/2025\/11\/1003744020102_260018991_1024x576.jpg\"  width=\"320\"\/><\/p>\n<p>                                                            Iglesia y Centro Comunitario del Santo Redentor de Las Chumberas<\/p>\n<p>                    Fernando Menis<\/p>\n<p>                    Omicrono<\/p>\n<p class=\"paragraph\" id=\"paragraph_16\">Este nuevo reconocimiento se suma a otros premios obtenidos por la obra de Menin, entre los que destacan el Premio Frate Sole de Arquitectura Sacra 2024 y el Premio Internacional de Arquitectura Religiosa Faith &amp; Form 2022, otorgado por el American Institute of Architects (AIA). El proyecto tambi\u00e9n result\u00f3 ganador en la categor\u00eda Civic and Community y recibi\u00f3 el premio especial Small Project, convirti\u00e9ndose en la obra m\u00e1s reconocida en la 17 edici\u00f3n del WAF.<\/p>\n","protected":false},"excerpt":{"rendered":"El hormig\u00f3n es el material m\u00e1s com\u00fan en construcci\u00f3n, pero lejos de pasar desapercibido como un material humilde,&hellip;\n","protected":false},"author":2,"featured_media":246463,"comment_status":"","ping_status":"","sticky":false,"template":"","format":"standard","meta":{"footnotes":""},"categories":[173],"tags":[229,233,231,230,5297,232,234,146,147,25,24,11741,23,120],"class_list":{"0":"post-246462","1":"post","2":"type-post","3":"status-publish","4":"format-standard","5":"has-post-thumbnail","7":"category-arte-y-diseno","8":"tag-arte","9":"tag-arte-y-diseno","10":"tag-arts","11":"tag-arts-and-design","12":"tag-construccion","13":"tag-design","14":"tag-diseno","15":"tag-entertainment","16":"tag-entretenimiento","17":"tag-es","18":"tag-espana","19":"tag-islas-canarias","20":"tag-spain","21":"tag-tecnologia"},"share_on_mastodon":{"url":"https:\/\/pubeurope.com\/@es\/115582521259776760","error":""},"_links":{"self":[{"href":"https:\/\/www.europesays.com\/es\/wp-json\/wp\/v2\/posts\/246462","targetHints":{"allow":["GET"]}}],"collection":[{"href":"https:\/\/www.europesays.com\/es\/wp-json\/wp\/v2\/posts"}],"about":[{"href":"https:\/\/www.europesays.com\/es\/wp-json\/wp\/v2\/types\/post"}],"author":[{"embeddable":true,"href":"https:\/\/www.europesays.com\/es\/wp-json\/wp\/v2\/users\/2"}],"replies":[{"embeddable":true,"href":"https:\/\/www.europesays.com\/es\/wp-json\/wp\/v2\/comments?post=246462"}],"version-history":[{"count":0,"href":"https:\/\/www.europesays.com\/es\/wp-json\/wp\/v2\/posts\/246462\/revisions"}],"wp:featuredmedia":[{"embeddable":true,"href":"https:\/\/www.europesays.com\/es\/wp-json\/wp\/v2\/media\/246463"}],"wp:attachment":[{"href":"https:\/\/www.europesays.com\/es\/wp-json\/wp\/v2\/media?parent=246462"}],"wp:term":[{"taxonomy":"category","embeddable":true,"href":"https:\/\/www.europesays.com\/es\/wp-json\/wp\/v2\/categories?post=246462"},{"taxonomy":"post_tag","embeddable":true,"href":"https:\/\/www.europesays.com\/es\/wp-json\/wp\/v2\/tags?post=246462"}],"curies":[{"name":"wp","href":"https:\/\/api.w.org\/{rel}","templated":true}]}}