{"id":246464,"date":"2025-11-20T14:35:11","date_gmt":"2025-11-20T14:35:11","guid":{"rendered":"https:\/\/www.europesays.com\/es\/246464\/"},"modified":"2025-11-20T14:35:11","modified_gmt":"2025-11-20T14:35:11","slug":"xabier-fortes-cerro-su-especial-en-el-24h-desde-el-pazo-de-meiras-con-el-mejor-himno-de-espana-con-letra","status":"publish","type":"post","link":"https:\/\/www.europesays.com\/es\/246464\/","title":{"rendered":"Xabier Fortes cerr\u00f3 su especial en el 24h desde el Pazo de Meir\u00e1s con el \u00abmejor himno de Espa\u00f1a con letra\u00bb"},"content":{"rendered":"<p class=\"article-text\">\n        El <strong>Canal 24 Horas<\/strong> emiti\u00f3 este mi\u00e9rcoles una entrega especial de <strong>La noche en 24 Horas<\/strong> sobre el 50 aniversario de la muerte de Franco. El programa conducido por <strong>Xabier Fortes<\/strong> se adelant\u00f3 unas horas a esta efem\u00e9ride para repasar, de la mano de periodistas, pol\u00edticos e historiadores, lo que dio de s\u00ed la dictadura franquista. Lo hizo desde el <strong>Pazo de Meir\u00e1s<\/strong>, residencia veraniega del &#8216;Caudillo&#8217; y s\u00edmbolo del franquismo, que estuvo 82 a\u00f1os en manos de la familia Franco.\n    <\/p>\n<p>    <a href=\"https:\/\/www.eldiario.es\/vertele\/analisis\/anatomia-de-un-instante-movistar-plus-serie-estreno-reto-superado-contar-transicion-espanola-23f-suarez-carrillo-gutierrez-mellado-tejero_1_12774511.html\" data-mrf-recirculation=\"saber-mas\" data-dl-event=\"saber-mas\" rel=\"nofollow noopener\" target=\"_blank\"><\/p>\n<p class=\"know-more__title\">CR\u00cdTICA | &#8216;Anatom\u00eda de un instante&#8217;, el reto superado de hacer serie la transici\u00f3n espa\u00f1ola con el 23F como eje<\/p>\n<p>            <img decoding=\"async\" class=\"lazy\" loading=\"lazy\" data-src=\"https:\/\/static.eldiario.es\/clip\/a64f58af-47e4-40b8-aed5-64fe52155565_16-9-aspect-ratio_default_0.jpg\" src=\"data:image\/svg+xml,%3Csvg xmlns=\" http:=\"\" viewbox=\"0 0 880 495\" alt=\"'Anatom\u00eda de un instante', el reto superado de hacer serie la transici\u00f3n espa\u00f1ola con el 23F como eje\"\/><\/p>\n<p>                        <\/a><\/p>\n<p class=\"article-text\">\n        Debido a esto \u00faltimo, la emisi\u00f3n tuvo un car\u00e1cter hist\u00f3rico, pues nunca antes el Pazo se hab\u00eda convertido <a href=\"https:\/\/www.eldiario.es\/galicia\/tve-conmemora-50-anos-muerte-franco-emitiendo-primera-vez-programa-pazo-meiras_1_12779575.html\" target=\"_blank\" data-mrf-recirculation=\"links-noticia\" class=\"link\" rel=\"nofollow noopener\">en un plat\u00f3 de televisi\u00f3n<\/a>. De ello <strong>presumi\u00f3 el propio Fortes<\/strong> al inicio de la noche: \u201cEs la primera vez que se va a emitir en directo un programa desde este lugar\u201d. Es m\u00e1s, no se abr\u00edan sus puertas para las c\u00e1maras de televisi\u00f3n desde los tiempos del NO-DO, pero este mi\u00e9rcoles volvieron a hacerlo aprovechando que el Estado recuper\u00f3 el Pazo en 2020, m\u00e1s de ocho d\u00e9cadas despu\u00e9s de que el franquismo lo expoliara a los vecinos de esa parroquia de Sada (A Coru\u00f1a), que a finales del siglo XIX fue concebida como hogar y santuario de <strong>Emilia Pardo Baz\u00e1n<\/strong>.\n    <\/p>\n<blockquote class=\"twitter-tweet\" data-lang=\"es\"><p><a href=\"https:\/\/twitter.com\/X\/status\/1991252277995127045?ref_src=twsrc%5Etfw\" rel=\"nofollow noopener\" target=\"_blank\"><\/p><\/blockquote>\n<blockquote class=\"twitter-tweet\" data-lang=\"es\"><p><a href=\"https:\/\/twitter.com\/X\/status\/1991254511671791628?ref_src=twsrc%5Etfw\" rel=\"nofollow noopener\" target=\"_blank\"><\/p><\/blockquote>\n<blockquote class=\"twitter-tweet\" data-lang=\"es\"><p><a href=\"https:\/\/twitter.com\/X\/status\/1991255612659765275?ref_src=twsrc%5Etfw\" rel=\"nofollow noopener\" target=\"_blank\"><\/p><\/blockquote>\n<p class=\"article-text\">\n        Aunque la disputa con los herededos del dictador sigue abierta, la intenci\u00f3n del Gobierno es transformar la zona en Lugar de Memoria Hist\u00f3rica. De momento, este mi\u00e9rcoles sirvi\u00f3 como escenario y eje vertebrador del especial de La noche en 24 horas, que ahond\u00f3 en la historia del Pazo de Meir\u00e1s como s\u00edmbolo del franquismo y de una \u00e9poca de la historia de Espa\u00f1a que lleg\u00f3 a su fin hace justo 50 a\u00f1os.\n    <\/p>\n<p>    <a href=\"https:\/\/www.eldiario.es\/vertele\/noticias\/atresmedia-repite-jugada-equipo-investigacion-cambia-dia-emitir-especial-franco_1_12781189.html\" data-mrf-recirculation=\"saber-mas-abajo\" data-dl-event=\"saber-mas-abajo\" rel=\"nofollow noopener\" target=\"_blank\"><\/p>\n<p class=\"know-more__title\">Atresmedia repite la jugada con &#8216;Equipo de investigaci\u00f3n&#8217;: cambia de d\u00eda para emitir un especial sobre Franco\n<\/p>\n<p>            <img decoding=\"async\" class=\"lazy\" loading=\"lazy\" data-src=\"https:\/\/static.eldiario.es\/clip\/a6f8cf61-8ca8-4f3e-9377-0d91505ae40d_16-9-aspect-ratio_default_0.jpg\" src=\"data:image\/svg+xml,%3Csvg xmlns=\" http:=\"\" viewbox=\"0 0 880 495\" alt=\"Atresmedia repite la jugada con 'Equipo de investigaci\u00f3n': cambia de d\u00eda para emitir un especial sobre Franco\"\/><\/p>\n<p>                        <\/a><\/p>\n<blockquote class=\"twitter-tweet\" data-lang=\"es\"><p><a href=\"https:\/\/twitter.com\/X\/status\/1991269866016235902?ref_src=twsrc%5Etfw\" rel=\"nofollow noopener\" target=\"_blank\"><\/p><\/blockquote>\n<p>    \u201cEl mejor himno de Espa\u00f1a con m\u00fasica\u201d<\/p>\n<p class=\"article-text\">\n        El final del franquismo dio paso a la Transici\u00f3n y, con ella, a una \u00e9poca llena de cambios para nuestro pa\u00eds. Una \u00e9poca con un color diferente que Fortes quiso reivindicar al final de la emisi\u00f3n con un poco de m\u00fasica. Concretamente, dando paso a <strong>Espa\u00f1a camisa blanca de mi esperanza<\/strong>, que es, seg\u00fan sus palabras, la \u201ccanci\u00f3n que para m\u00ed representa el color que vino despu\u00e9s de la muerte del dictador\u201d. \u201cPara m\u00ed representa, quiz\u00e1, <strong>el mejor himno de Espa\u00f1a con letra<\/strong>. Letra y m\u00fasica de <strong>V\u00edctor Manuel<\/strong> y la voz inconfundible de <strong>Ana Bel\u00e9n<\/strong>\u201d, dijo el periodista gallego antes de despedir el programa con un v\u00eddeo con im\u00e1genes de los 50 \u00faltimos a\u00f1os de nuestro pa\u00eds y el mencionado tema sonando de fondo.\n    <\/p>\n<p>                                <script async src=\"https:\/\/platform.twitter.com\/widgets.js\" charset=\"utf-8\"><\/script><\/p>\n","protected":false},"excerpt":{"rendered":"El Canal 24 Horas emiti\u00f3 este mi\u00e9rcoles una entrega especial de La noche en 24 Horas sobre el&hellip;\n","protected":false},"author":2,"featured_media":246465,"comment_status":"","ping_status":"","sticky":false,"template":"","format":"standard","meta":{"footnotes":""},"categories":[171],"tags":[62887,12528,146,147,25,24,12608,5682,8126,1684,62888,23,214,36352],"class_list":{"0":"post-246464","1":"post","2":"type-post","3":"status-publish","4":"format-standard","5":"has-post-thumbnail","7":"category-tv","8":"tag-24h","9":"tag-cerro","10":"tag-entertainment","11":"tag-entretenimiento","12":"tag-es","13":"tag-espana","14":"tag-especial","15":"tag-himno","16":"tag-letra","17":"tag-mejor","18":"tag-pazo-de-meiras","19":"tag-spain","20":"tag-tv","21":"tag-xabier-fortes"},"share_on_mastodon":{"url":"https:\/\/pubeurope.com\/@es\/115582528741147466","error":""},"_links":{"self":[{"href":"https:\/\/www.europesays.com\/es\/wp-json\/wp\/v2\/posts\/246464","targetHints":{"allow":["GET"]}}],"collection":[{"href":"https:\/\/www.europesays.com\/es\/wp-json\/wp\/v2\/posts"}],"about":[{"href":"https:\/\/www.europesays.com\/es\/wp-json\/wp\/v2\/types\/post"}],"author":[{"embeddable":true,"href":"https:\/\/www.europesays.com\/es\/wp-json\/wp\/v2\/users\/2"}],"replies":[{"embeddable":true,"href":"https:\/\/www.europesays.com\/es\/wp-json\/wp\/v2\/comments?post=246464"}],"version-history":[{"count":0,"href":"https:\/\/www.europesays.com\/es\/wp-json\/wp\/v2\/posts\/246464\/revisions"}],"wp:featuredmedia":[{"embeddable":true,"href":"https:\/\/www.europesays.com\/es\/wp-json\/wp\/v2\/media\/246465"}],"wp:attachment":[{"href":"https:\/\/www.europesays.com\/es\/wp-json\/wp\/v2\/media?parent=246464"}],"wp:term":[{"taxonomy":"category","embeddable":true,"href":"https:\/\/www.europesays.com\/es\/wp-json\/wp\/v2\/categories?post=246464"},{"taxonomy":"post_tag","embeddable":true,"href":"https:\/\/www.europesays.com\/es\/wp-json\/wp\/v2\/tags?post=246464"}],"curies":[{"name":"wp","href":"https:\/\/api.w.org\/{rel}","templated":true}]}}