{"id":246472,"date":"2025-11-20T14:40:19","date_gmt":"2025-11-20T14:40:19","guid":{"rendered":"https:\/\/www.europesays.com\/es\/246472\/"},"modified":"2025-11-20T14:40:19","modified_gmt":"2025-11-20T14:40:19","slug":"no-he-perdido-el-titulo-de-baronesa-ni-mi-apellido","status":"publish","type":"post","link":"https:\/\/www.europesays.com\/es\/246472\/","title":{"rendered":"\u00abNo he perdido el t\u00edtulo de baronesa ni mi apellido\u00bb"},"content":{"rendered":"<p style=\"\"><a href=\"https:\/\/www.abc.es\/gente\/mata-mua-lujoso-yate-tita-cervera-alquila-20250821160000-nt.html\" target=\"_self\" data-voc-vtm-id=\"in-text-traffic\" title=\"Carmen &#039;Tita&#039; Cervera\" data-mrf-link=\"www.abc.es\" rel=\"nofollow noopener\">Carmen &#8216;Tita&#8217; Cervera<\/a> ha roto su silencio para desmentir de forma tajante las informaciones que apuntan a que habr\u00eda renunciado a su t\u00edtulo nobiliario y al apellido de su difunto marido. Seg\u00fan algunos medios, la socialit\u00e9 y coleccionista habr\u00eda abandonado su ciudadan\u00eda suiza, lo  &#8230; que legalmente podr\u00eda implicar la p\u00e9rdida del respaldo para usar el <a href=\"https:\/\/www.abc.es\/gente\/punto-encuentra-documental-baronesa-thyssen-20250906111754-nt.html\" target=\"_self\" data-voc-vtm-id=\"in-text-traffic\" title=\"apellido Thyssen-Bornemisza\" data-mrf-link=\"www.abc.es\" rel=\"nofollow noopener\">apellido Thyssen-Bornemisza<\/a> y, con ello, su estatus como baronesa. Sin embargo, ella lo niega con convicci\u00f3n: \u00absigo siendo baronesa y llevando el apellido de mi marido\u00bb, afirma con firmeza a El Mundo.<\/p>\n<p class=\"voc-p\" style=\"\">La pol\u00e9mica estall\u00f3 despu\u00e9s de que &#8216;Vanitatis&#8217;, a trav\u00e9s de documentaci\u00f3n oficial, revelara que <strong>Carmen Cervera present\u00f3 una solicitud para renunciar a su nacionalidad suiza<\/strong>. Al perder esa ciudadan\u00eda, seg\u00fan el art\u00edculo 30 del C\u00f3digo Civil suizo, tambi\u00e9n desaparecer\u00eda el respaldo legal para su apellido &#8216;Thyssen-Bornemisza&#8217;, ya inscrito oficialmente en Suiza como parte de su identidad.<\/p>\n<p class=\"voc-p\" style=\"\">Seg\u00fan Nacho Gay, director de &#8216;Vanitatis&#8217;, la baronesa quedar\u00eda desvinculada legalmente del linaje que le otorgaba el t\u00edtulo de &#8216;Thyssen&#8217;. En los documentos suizos, ese apellido compuesto era la \u00fanica base jur\u00eddica que <strong>sustentaba su tratamiento como baronesa<\/strong>. Adem\u00e1s, se apunta que habr\u00eda cambiado su nombre en Espa\u00f1a, inscribi\u00e9ndose como &#8216;Carmen Thyssen&#8217; en el registro civil catal\u00e1n, omitiendo el &#8216;Bornemisza&#8217; que legalmente ligaba su apellido al t\u00edtulo.<\/p>\n<p class=\"voc-p\" style=\"\">Las fuentes que recogieron estas informaciones sugieren que la maniobra responde a motivos patrimoniales y sucesorios: a sus 82 a\u00f1os, la baronesa estar\u00eda reordenando su herencia para <strong>proteger su legado art\u00edstico y fiscal<\/strong>, quiz\u00e1 prepar\u00e1ndose para adoptar la nacionalidad de otro pa\u00eds. Se especula tambi\u00e9n con un posible cambio hacia la nacionalidad andorrana.<\/p>\n<p><img decoding=\"async\" loading=\"lazy\" src=\"https:\/\/www.europesays.com\/es\/wp-content\/uploads\/2025\/11\/baronesa-thyssen-U54587172631CbR-760x427@diario_abc.jpg\" class=\"voc-img\" width=\"760\" height=\"427\" alt=\"Tita Cervera y el bar\u00f3n Heinrich von Thyssen-Bornemisza\" data-voc-vtm-id=\"in-text-traffic\"\/><\/p>\n<p>Tita Cervera y el bar\u00f3n Heinrich von Thyssen-Bornemisza<\/p>\n<p>gtres<\/p>\n<p>\nLa respuesta de Tita\n<\/p>\n<p class=\"voc-p\" style=\"\">Frente a esos titulares, la baronesa no ha dudado en salir al paso. Seg\u00fan lo recogido por fuentes cercanas a ella, su enfado es claro: rechaza que su identidad noble est\u00e9 en juego y desmiente las afirmaciones sobre su renuncia al t\u00edtulo. En declaraciones recientes, ha dejado claro que <strong>\u00abno ha renunciado a nada\u00bb<\/strong>: contin\u00faa siendo baronesa, mantiene el apellido compuesto y no da por perdido ese escudo simb\u00f3lico que la ha acompa\u00f1ado durante d\u00e9cadas.<\/p>\n<p class=\"voc-p\" style=\"\">La mecenas y fil\u00e1ntropa, que trajo a Espa\u00f1a la colecci\u00f3n de arte privada m\u00e1s importante del mundo, explica: \u00abEn una ocasi\u00f3n le dije a un abogado que era hora de dejar el pasaporte suizo porque ya tengo el de Andorra, donde soy residente desde hace muchos a\u00f1os, cuando solicitamos la residencia mi marido y yo. As\u00ed que un d\u00eda pens\u00e9 que <strong>no hab\u00eda ninguna necesidad de andar pagando impuestos en todas partes<\/strong>\u00bb, revela a El Mundo.<\/p>\n<p><img decoding=\"async\" loading=\"lazy\" src=\"https:\/\/www.europesays.com\/es\/wp-content\/uploads\/2025\/11\/carmen-thyssen-U17173830516HfI-760x427@diario_abc.jpg\" class=\"voc-img\" width=\"760\" height=\"427\" alt=\"Tita Cervera y el bar\u00f3n Heinrich von Thyssen-Bornemisza\" data-voc-vtm-id=\"in-text-traffic\"\/><\/p>\n<p>Tita Cervera y el bar\u00f3n Heinrich von Thyssen-Bornemisza<\/p>\n<p>gtres<\/p>\n<p class=\"voc-p\" style=\"\">No obstante, Cervera sostiene que <strong>s<\/strong><strong>u identidad social como baronesa no se borra con ning\u00fan papel<\/strong>. Aunque algunos registros puedan cambiar, para ella su estatus nobiliario permanece vigente en el imaginario p\u00fablico, y as\u00ed lo afirma con convicci\u00f3n.<\/p>\n<p class=\"voc-p\" style=\"\">En definitiva, Carmen Cervera ha desmentido las versiones que anunciaban su retirada del apellido Thyssen-Bornemisza y la p\u00e9rdida de c\u00f3mo muchos la conocen: \u00absigo siendo baronesa\u00bb, repite. <strong>Que los papeles digan lo contrario, afirma, no cambia qui\u00e9n<\/strong> es, ni el peso simb\u00f3lico que ha llevado toda su vida.<\/p>\n","protected":false},"excerpt":{"rendered":"Carmen &#8216;Tita&#8217; Cervera ha roto su silencio para desmentir de forma tajante las informaciones que apuntan a que&hellip;\n","protected":false},"author":2,"featured_media":246473,"comment_status":"","ping_status":"","sticky":false,"template":"","format":"standard","meta":{"footnotes":""},"categories":[91],"tags":[35512,34728,14750,51320,146,147,25,24,13679,105,2807,23,2349],"class_list":{"0":"post-246472","1":"post","2":"type-post","3":"status-publish","4":"format-standard","5":"has-post-thumbnail","7":"category-entretenimiento","8":"tag-apellido","9":"tag-baronesa","10":"tag-carmen","11":"tag-cervera","12":"tag-entertainment","13":"tag-entretenimiento","14":"tag-es","15":"tag-espana","16":"tag-perdido","17":"tag-rompe","18":"tag-silencio","19":"tag-spain","20":"tag-titulo"},"share_on_mastodon":{"url":"https:\/\/pubeurope.com\/@es\/115582549159921671","error":""},"_links":{"self":[{"href":"https:\/\/www.europesays.com\/es\/wp-json\/wp\/v2\/posts\/246472","targetHints":{"allow":["GET"]}}],"collection":[{"href":"https:\/\/www.europesays.com\/es\/wp-json\/wp\/v2\/posts"}],"about":[{"href":"https:\/\/www.europesays.com\/es\/wp-json\/wp\/v2\/types\/post"}],"author":[{"embeddable":true,"href":"https:\/\/www.europesays.com\/es\/wp-json\/wp\/v2\/users\/2"}],"replies":[{"embeddable":true,"href":"https:\/\/www.europesays.com\/es\/wp-json\/wp\/v2\/comments?post=246472"}],"version-history":[{"count":0,"href":"https:\/\/www.europesays.com\/es\/wp-json\/wp\/v2\/posts\/246472\/revisions"}],"wp:featuredmedia":[{"embeddable":true,"href":"https:\/\/www.europesays.com\/es\/wp-json\/wp\/v2\/media\/246473"}],"wp:attachment":[{"href":"https:\/\/www.europesays.com\/es\/wp-json\/wp\/v2\/media?parent=246472"}],"wp:term":[{"taxonomy":"category","embeddable":true,"href":"https:\/\/www.europesays.com\/es\/wp-json\/wp\/v2\/categories?post=246472"},{"taxonomy":"post_tag","embeddable":true,"href":"https:\/\/www.europesays.com\/es\/wp-json\/wp\/v2\/tags?post=246472"}],"curies":[{"name":"wp","href":"https:\/\/api.w.org\/{rel}","templated":true}]}}