{"id":246486,"date":"2025-11-20T14:51:17","date_gmt":"2025-11-20T14:51:17","guid":{"rendered":"https:\/\/www.europesays.com\/es\/246486\/"},"modified":"2025-11-20T14:51:17","modified_gmt":"2025-11-20T14:51:17","slug":"rtve-emitira-en-abierto-la-copa-del-mundo-de-ciclocros-2025-26","status":"publish","type":"post","link":"https:\/\/www.europesays.com\/es\/246486\/","title":{"rendered":"RTVE emitir\u00e1 en abierto la Copa del Mundo de Ciclocr\u00f3s 2025\/26"},"content":{"rendered":"<p><strong>La cadena Teledeporte y la plataforma RTVE Play emitir\u00e1n las pruebas de la Copa del Mundo de Ciclocr\u00f3s, que arranca este domingo con la cita de T\u00e1bor, en Rep\u00fablica Checa.<\/strong><\/p>\n<p>Grandes noticias para los amantes del ciclocr\u00f3s, que esta temporada 2025\/2026 tendr\u00e1n la oportunidad de seguir en abierto varias de las pruebas de la Copa del Mundo. La competici\u00f3n m\u00e1s prestigiosa de la disciplina se podr\u00e1 ver en directo despu\u00e9s de muchos a\u00f1os, tanto la prueba femenina \u00e9lite como masculina \u00e9lite, con horarios aproximados de 12:50h para las f\u00e9minas y 14:10h para los hombres.<\/p>\n<p>RTVE cuenta con derechos de emisi\u00f3n de las Copas del Mundo y de los Campeonatos del Mundo Benidorm<\/p>\n<p>Calendario de la Copa del Mundo Ciclocr\u00f3s<\/p>\n<ul>\n<li>23 de noviembre: Copa del Mundo de T\u00e1bor (Rep\u00fablica Checa)<\/li>\n<li>30 de noviembre: Copa del Mundo de Flamanville (Francia)<\/li>\n<li>7 de diciembre: Copa del Mundo de Terralba (Italia)<\/li>\n<li>14 de diciembre: Copa del Mundo de Namur (B\u00e9lgica)<\/li>\n<li>20 de diciembre: Copa del Mundo de Amberes (B\u00e9lgica)<\/li>\n<li>21 de diciembre: Copa del Mundo de Koksijde (B\u00e9lgica)<\/li>\n<li>26 de diciembre: Copa del Mundo de Gav\u00e8re (B\u00e9lgica)<\/li>\n<li>28 de diciembre: Copa del Mundo de Dendermonde (B\u00e9lgica)<\/li>\n<li>4 de enero: Copa del Mundo Zonhoven (B\u00e9lgica)<\/li>\n<li>18 de enero: Copa del Mundo Benidorm (Espa\u00f1a)<\/li>\n<li>24 de enero: Copa del Mundo Maasmechelen (B\u00e9lgica)<\/li>\n<li>25 de enero: Copa del Mundo Hoogerheide (Pa\u00edses Bajos)<\/li>\n<\/ul>\n<p>Adem\u00e1s, en varias de las citas, estar\u00e1 presente como comentarista invitado nuestro compa\u00f1ero \u00c1lvaro Garc\u00eda, que ya puso voz al Campeonato del Mundo este mismo a\u00f1o, junto al narrador de ciclismo de TVE, Josu\u00e9 Elena.<\/p>\n","protected":false},"excerpt":{"rendered":"La cadena Teledeporte y la plataforma RTVE Play emitir\u00e1n las pruebas de la Copa del Mundo de Ciclocr\u00f3s,&hellip;\n","protected":false},"author":2,"featured_media":246487,"comment_status":"","ping_status":"","sticky":false,"template":"","format":"standard","meta":{"footnotes":""},"categories":[273],"tags":[313,312,168,25,24,23,167],"class_list":{"0":"post-246486","1":"post","2":"type-post","3":"status-publish","4":"format-standard","5":"has-post-thumbnail","7":"category-ciclismo","8":"tag-ciclismo","9":"tag-cycling","10":"tag-deportes","11":"tag-es","12":"tag-espana","13":"tag-spain","14":"tag-sports"},"share_on_mastodon":{"url":"https:\/\/pubeurope.com\/@es\/115582591478273967","error":""},"_links":{"self":[{"href":"https:\/\/www.europesays.com\/es\/wp-json\/wp\/v2\/posts\/246486","targetHints":{"allow":["GET"]}}],"collection":[{"href":"https:\/\/www.europesays.com\/es\/wp-json\/wp\/v2\/posts"}],"about":[{"href":"https:\/\/www.europesays.com\/es\/wp-json\/wp\/v2\/types\/post"}],"author":[{"embeddable":true,"href":"https:\/\/www.europesays.com\/es\/wp-json\/wp\/v2\/users\/2"}],"replies":[{"embeddable":true,"href":"https:\/\/www.europesays.com\/es\/wp-json\/wp\/v2\/comments?post=246486"}],"version-history":[{"count":0,"href":"https:\/\/www.europesays.com\/es\/wp-json\/wp\/v2\/posts\/246486\/revisions"}],"wp:featuredmedia":[{"embeddable":true,"href":"https:\/\/www.europesays.com\/es\/wp-json\/wp\/v2\/media\/246487"}],"wp:attachment":[{"href":"https:\/\/www.europesays.com\/es\/wp-json\/wp\/v2\/media?parent=246486"}],"wp:term":[{"taxonomy":"category","embeddable":true,"href":"https:\/\/www.europesays.com\/es\/wp-json\/wp\/v2\/categories?post=246486"},{"taxonomy":"post_tag","embeddable":true,"href":"https:\/\/www.europesays.com\/es\/wp-json\/wp\/v2\/tags?post=246486"}],"curies":[{"name":"wp","href":"https:\/\/api.w.org\/{rel}","templated":true}]}}