{"id":246494,"date":"2025-11-20T14:56:15","date_gmt":"2025-11-20T14:56:15","guid":{"rendered":"https:\/\/www.europesays.com\/es\/246494\/"},"modified":"2025-11-20T14:56:15","modified_gmt":"2025-11-20T14:56:15","slug":"los-safaris-fotograficos-son-como-una-droga-cara-cualquiera-no-puede-permitirse-el-lujo","status":"publish","type":"post","link":"https:\/\/www.europesays.com\/es\/246494\/","title":{"rendered":"\u00abLos safaris fotogr\u00e1ficos son como una droga cara, cualquiera no puede permitirse el lujo\u00bb"},"content":{"rendered":"<p>La fot\u00f3grafa rusa <strong>Alexandra Surkova <\/strong>dej\u00f3 su carrera de 15 a\u00f1os como periodista para dedicarse a lo que ya ocupaba toda su mente, la <strong>fotograf\u00eda de fauna salvaje<\/strong>. Hoy <strong>lidera expediciones que \u00abno son solo viajes, sino reencuentros con lo esencial\u00bb.<\/strong> Sus fotograf\u00edas han sido publicadas en medios como <strong>National Geographic,<\/strong> Sony Alpha Universe, The Independent, <strong>El Pa\u00eds<\/strong>, Mother Magazine y El Diario, entre otros. Ha colaborado con marcas internacionales como Sony, Leica, WWF, Gitzo, Benro, Sigma y ProGrade Digital. Su trabajo ha formado parte de exposiciones y festivales fotogr\u00e1ficos en m\u00e1s de una decena de pa\u00edses -entre ellos, <strong>la sede de la UNESCO<\/strong> en Par\u00eds-, donde ha tenido el privilegio de compartir su visi\u00f3n de la naturaleza con p\u00fablicos de todo el mundo. De todo ello <a href=\"https:\/\/www.lacomarca.net\/foto-alcaniz-se-consolida-como-referente-nacional-de-la-fotografia\/\" data-type=\"link\" data-id=\"https:\/\/www.lacomarca.net\/foto-alcaniz-se-consolida-como-referente-nacional-de-la-fotografia\/\" rel=\"nofollow noopener\" target=\"_blank\">habl\u00f3 el s\u00e1bado en el Congreso Photo Alca\u00f1iz<\/a>.<\/p>\n<p class=\"post-question\">Es fot\u00f3grafa profesional de fauna salvaje, \u00bfc\u00f3mo se empieza?<\/p>\n<p>No llevo mucho tiempo. Compr\u00e9 mi primera c\u00e1mara hace unos seis a\u00f1os cuando me mud\u00e9 a Espa\u00f1a desde Rusia, empec\u00e9 con la fauna salvaje hace cinco a\u00f1os y profesionalmente, hace cuatro. Fue una casualidad. Empec\u00e9 a publicar en redes sociales fotos de lo que hab\u00eda en la calle durante el covid y un seguidor con el que hablaba de vez en cuando de fotograf\u00eda me pidi\u00f3 mi direcci\u00f3n postal. Pens\u00e9 que me iba a mandar una postal y lo que recib\u00ed fue un objetivo nuevo 200-600 mm. Como no sab\u00eda qu\u00e9 hacer con ese tesoro, me enfoqu\u00e9 en la fauna, que hab\u00eda mucha donde viv\u00eda. Empec\u00e9 a salir al campo, a investigar, a buscar\u2026 y as\u00ed empez\u00f3 todo.<\/p>\n<p class=\"post-question\">\u00bfC\u00f3mo se puede ganar uno la vida retratando fauna salvaje?<\/p>\n<p>Se puede pero tienes que diversificar much\u00edsimo y esforzarte. Organizo tours de todo tipo por todo el mundo, safaris fotogr\u00e1ficos de todos los niveles, talleres por Espa\u00f1a, imparto clases particulares y tambi\u00e9n vendo mis fotos, es decir, se puede. Lo que pasa es que tienes que esforzarte un poco.<\/p>\n<p class=\"post-question\">En estos tiempos, \u00bfhay espacio para valorar la imagen profesional, trabajada y cuidada?<\/p>\n<p>Hay muchos fot\u00f3grafos de fauna pero todos tenemos espacio. A la gente le atrae lo que estoy haciendo y cada vez me contactan m\u00e1s as\u00ed que no miro hacia otro lado, me concentro en lo que me importa y me gu\u00edo solo por mis instintos. Estoy muy contenta. Este mundo antes estaba lleno de fot\u00f3grafos hombres y ahora cada a\u00f1o me contactan m\u00e1s y m\u00e1s mujeres. Ahora voy a organizar un viaje a Botsuana y m\u00e1s de la mitad del grupo son mujeres.<\/p>\n<p class=\"post-question\">\u00bfEs un tour fotogr\u00e1fico?<\/p>\n<p>El viaje es para realizar fotograf\u00edas de todos los niveles. Hay personas que no saben nada, por lo que al principio vienen como turistas, pero luego empiezan a engancharse. Veo un poco mi m\u00e9rito en este cambio.<\/p>\n<p class=\"post-question\">\u00bfQu\u00e9 perfil tiene quien busca estos viajes? En Espa\u00f1a Botsuana\u200b\u200b nos retrotrae a la caza.<\/p>\n<p>Normalmente son personas aficionadas a la fotograf\u00eda que pueden permitirse el lujo de viajar y de disfrutar fuera de Espa\u00f1a. Es como una droga cara, porque no cualquier persona puede permitirse el lujo de comprarse una c\u00e1mara fotogr\u00e1fica. Adem\u00e1s, si quieres tener una lente buena, tienes que renovarla cada dos por tres. Tambi\u00e9n es cierto que soy de las personas que consideran que el producto final lo hace la persona que est\u00e1 detr\u00e1s de la c\u00e1mara, que es tu mirada como fot\u00f3grafo la que se valora, la que importa. El equipo se vende o se cambia pero la mirada y la intenci\u00f3n, est\u00e1n o no.<\/p>\n<p class=\"post-question\">Quiz\u00e1 est\u00e1 cansada de escuchar esta preguntar pero, \u00bfcu\u00e1l es la fotograf\u00eda que m\u00e1s le ha costado? <\/p>\n<p>Las fotograf\u00edas de las que estoy m\u00e1s orgullosa son las que planeo antes de que ocurra la acci\u00f3n y eso es muy complicado en fauna salvaje. No son modelos, no puedes decirles d\u00f3nde estar, por d\u00f3nde mirar\u2026 y eso es mi \u2018challenge\u2019 (reto), es lo que me hace sentir todopoderosa. Pienso en una fotograf\u00eda y luego cuando llego al lugar intento reproducir lo que ya est\u00e1 en mi cabeza. Son las m\u00e1s complicadas pero tambi\u00e9n las que m\u00e1s satisfacci\u00f3n me aportan.<\/p>\n<p class=\"post-question\">\u00bfCu\u00e1l es su pr\u00f3ximo reto?<\/p>\n<p>Tengo una imagen de perro salvaje de la que no voy a hablar por el momento. Es el animal que quiero observar en persona y ver si me sale lo que estoy buscando.<\/p>\n","protected":false},"excerpt":{"rendered":"La fot\u00f3grafa rusa Alexandra Surkova dej\u00f3 su carrera de 15 a\u00f1os como periodista para dedicarse a lo que&hellip;\n","protected":false},"author":2,"featured_media":246495,"comment_status":"","ping_status":"","sticky":false,"template":"","format":"standard","meta":{"footnotes":""},"categories":[173],"tags":[229,233,231,230,232,234,146,147,25,24,23],"class_list":{"0":"post-246494","1":"post","2":"type-post","3":"status-publish","4":"format-standard","5":"has-post-thumbnail","7":"category-arte-y-diseno","8":"tag-arte","9":"tag-arte-y-diseno","10":"tag-arts","11":"tag-arts-and-design","12":"tag-design","13":"tag-diseno","14":"tag-entertainment","15":"tag-entretenimiento","16":"tag-es","17":"tag-espana","18":"tag-spain"},"share_on_mastodon":{"url":"https:\/\/pubeurope.com\/@es\/115582611168438489","error":""},"_links":{"self":[{"href":"https:\/\/www.europesays.com\/es\/wp-json\/wp\/v2\/posts\/246494","targetHints":{"allow":["GET"]}}],"collection":[{"href":"https:\/\/www.europesays.com\/es\/wp-json\/wp\/v2\/posts"}],"about":[{"href":"https:\/\/www.europesays.com\/es\/wp-json\/wp\/v2\/types\/post"}],"author":[{"embeddable":true,"href":"https:\/\/www.europesays.com\/es\/wp-json\/wp\/v2\/users\/2"}],"replies":[{"embeddable":true,"href":"https:\/\/www.europesays.com\/es\/wp-json\/wp\/v2\/comments?post=246494"}],"version-history":[{"count":0,"href":"https:\/\/www.europesays.com\/es\/wp-json\/wp\/v2\/posts\/246494\/revisions"}],"wp:featuredmedia":[{"embeddable":true,"href":"https:\/\/www.europesays.com\/es\/wp-json\/wp\/v2\/media\/246495"}],"wp:attachment":[{"href":"https:\/\/www.europesays.com\/es\/wp-json\/wp\/v2\/media?parent=246494"}],"wp:term":[{"taxonomy":"category","embeddable":true,"href":"https:\/\/www.europesays.com\/es\/wp-json\/wp\/v2\/categories?post=246494"},{"taxonomy":"post_tag","embeddable":true,"href":"https:\/\/www.europesays.com\/es\/wp-json\/wp\/v2\/tags?post=246494"}],"curies":[{"name":"wp","href":"https:\/\/api.w.org\/{rel}","templated":true}]}}