{"id":246504,"date":"2025-11-20T15:02:10","date_gmt":"2025-11-20T15:02:10","guid":{"rendered":"https:\/\/www.europesays.com\/es\/246504\/"},"modified":"2025-11-20T15:02:10","modified_gmt":"2025-11-20T15:02:10","slug":"lo-que-trae-la-investigacion-en-el-cancer-mas-letal-desde-una-app-para-estimar-riesgo-personalizado-a-farmacos-mas-eficaces","status":"publish","type":"post","link":"https:\/\/www.europesays.com\/es\/246504\/","title":{"rendered":"Lo que trae la investigaci\u00f3n en el c\u00e1ncer m\u00e1s letal: desde una \u2018app\u2019 para estimar riesgo personalizado, a f\u00e1rmacos m\u00e1s eficaces"},"content":{"rendered":"<p class=\"imagen\"> <img width=\"752\" height=\"526\" src=\"https:\/\/www.europesays.com\/es\/wp-content\/uploads\/2025\/11\/adenocarcinoma-pancreas-cnio-752x526.jpg\" class=\"attachment-con-aside size-con-aside\" alt=\"Adenocarcinoma p\u00e1ncreas, CNIO\" decoding=\"async\" fetchpriority=\"high\"\/> C\u00e9lulas tumorales de adenocarcinoma de p\u00e1ncreas que muestran signos de da\u00f1o en el ADN del n\u00facleo (puntos blancos) y de micron\u00facleos (en verde), despu\u00e9s de un tratamiento con taxol seguido de inhibidores de CDK4\/6. <b>\/CNIO<\/b><\/p>\n<p>Durante d\u00e9cadas, los avances cl\u00ednicos que ofrecer a pacientes con c\u00e1ncer de p\u00e1ncreas han sido pocos. Pero la investigaci\u00f3n s\u00ed progresaba, silente, y ha logrado cambiar el panorama: el \u00e1rea bulle con resultados.<\/p>\n<p>La prevenci\u00f3n ha dejado de ser una utop\u00eda, igual que el diagn\u00f3stico precoz. En tratamiento, los nuevos inhibidores del oncog\u00e9n KRAS son un punto de inflexi\u00f3n.<\/p>\n<p>El c\u00e1ncer de p\u00e1ncreas es uno de los principales retos para la oncolog\u00eda. Est\u00e1 en aumento, posiblemente tambi\u00e9n en j\u00f3venes, y su \u00edndice de supervivencia sigue siendo muy bajo \u2013menos del 5% de los pacientes llegan a vivir cinco a\u00f1os tras el diagn\u00f3stico\u2013. Suele detectarse en fase avanzada, cuando el tumor ya no es operable. Se sigue tratando con los mismos f\u00e1rmacos \u2013poco eficaces\u2013 de hace d\u00e9cadas.<\/p>\n<p>Pero la investigaci\u00f3n s\u00ed ha avanzado: \u201cEn los \u00faltimos 20 a\u00f1os el progreso en investigaci\u00f3n en c\u00e1ncer de p\u00e1ncreas ha sido impresionante\u201d, afirma <strong>Francisco X. Real<\/strong>, investigador del Centro Nacional de Investigaciones Oncol\u00f3gicas (CNIO). Como resultado \u201ces uno de los tumores mejor conocidos a nivel molecular\u201d, afirman sus colegas <strong>Carmen Guerra<\/strong> y <strong>Mariano Barbacid<\/strong>, investigadora y jefe del <a href=\"https:\/\/www.cnio.es\/investigacion-e-innovacion\/programas-cientificos\/programa-de-biologia-de-tumores\/grupo-de-oncologia-experimental\/\" rel=\"nofollow noopener\" target=\"_blank\">grupo de Oncolog\u00eda Experimental<\/a> del CNIO respectivamente.<\/p>\n<p>Con ocasi\u00f3n del D\u00eda Mundial de C\u00e1ncer de P\u00e1ncreas exponemos los principales resultados del CNIO en este tumor.<\/p>\n<ul class=\"wp-block-list\">\n<li><strong>Prevenci\u00f3n: \u00bfuna \u2018app\u2019 que estime riesgo personal?<\/strong><\/li>\n<\/ul>\n<p>Es un \u00e1rea hasta hace poco considerada \u201cun sue\u00f1o imposible\u201d, porque el c\u00e1ncer de p\u00e1ncreas no se asocia a un h\u00e1bito determinante \u2013como el tabaco en c\u00e1ncer de pulm\u00f3n\u2013, ni a alteraciones gen\u00e9ticas que aumenten mucho el riesgo. Este c\u00e1ncer es el efecto conjunto de numerosos factores, algunos a\u00fan desconocidos.<\/p>\n<p>Pero ya se sabe lo bastante como para que <strong>N\u00faria Malats<\/strong>, jefa del <a href=\"https:\/\/www.cnio.es\/investigacion-e-innovacion\/programas-cientificos\/programa-de-genetica-del-cancer-humano\/grupo-de-epidemiologia-genetica-y-molecular\/\" rel=\"nofollow noopener\" target=\"_blank\">Grupo de Epidemiolog\u00eda Gen\u00e9tica y Molecular del CNIO<\/a>, est\u00e9 desarrollando una \u2018app\u2019 de uso individual que estime un riesgo personalizado.<\/p>\n<p>La herramienta considerar\u00e1 si se tiene obesidad, diabetes o pancreatitis, si se es fumador o se consume alcohol, e integrar\u00e1 la informaci\u00f3n \u201ccon biomarcadores de variaci\u00f3n gen\u00e9tica que, aunque aumentan poco el riesgo, est\u00e1n ah\u00ed; tambi\u00e9n utilizamos marcadores de metilaci\u00f3n, microbioma, metaboloma\u2026 Estamos en ello\u201d.<\/p>\n<p>Un <a href=\"https:\/\/www.cnio.es\/noticias\/el-cnio-abre-una-via-hacia-la-prevencion-del-cancer-de-pancreas\/\" rel=\"nofollow noopener\" target=\"_blank\">resultado reciente<\/a> del grupo liderado por <strong>Francisco X. Real<\/strong> puede contribuir: explica c\u00f3mo una variante gen\u00e9tica en un determinado gen, el CTRB2, aumenta el riesgo de desarrollar el tumor. La variante est\u00e1 en el 17% de la poblaci\u00f3n; el aumento de riesgo que confiere por s\u00ed misma no es alto, pero \u201ccuando aparece junto con otros factores, como diabetes o pancreatitis, el riesgo s\u00ed podr\u00eda aumentar\u201d, explica Real.<\/p>\n<p><img loading=\"lazy\" decoding=\"async\" width=\"700\" height=\"525\" src=\"https:\/\/www.europesays.com\/es\/wp-content\/uploads\/2025\/11\/el-cnio-abre-una-via-hacia-la-prevencion-del-cancer-de-pancreas-el-cnio-abre-una-via-hacia-la-preven.jpeg\" alt=\"Autoras y autores del estudio. Desde la izda: N\u00faria Malats, Evangelina L\u00f3pez de Maturana, Sagrario Ortega, Cristina Bodas, Irene Felipe, Ana Cayuela, Jaime Mart\u00ednez y Francisco X. Real. \/ Pilar Gil. CNIO\" class=\"wp-image-851037\"\/>Investigadores del CNIO co-autores de un estudio en c\u00e1ncer de pancreas. Desde la izda., N\u00faria Malats, Evangelina L\u00f3pez de Maturana, Sagrario Ortega, Cristina Bodas, Irene Felipe, Ana Cayuela, Jaime Mart\u00ednez y Francisco X. Real. \/ Pilar Gil. <strong>CNIO <\/strong><\/p>\n<ul class=\"wp-block-list\">\n<li><strong>Diagn\u00f3stico precoz: hacia una biopsia l\u00edquida<\/strong><\/li>\n<\/ul>\n<p>Hoy d\u00eda no hay t\u00e9cnicas para detectar el c\u00e1ncer de p\u00e1ncreas antes de que sea letal; desarrollarlas es uno de los objetivos m\u00e1s urgentes. Malats y su colega <strong>H\u00e9ctor Peinado<\/strong> lideran la participaci\u00f3n del CNIO en <a href=\"http:\/\/www.pancaid-project.eu\/\" rel=\"nofollow noopener\" target=\"_blank\">PANCAID<\/a>, acr\u00f3nimo en ingl\u00e9s de Detecci\u00f3n Inicial de C\u00e1ncer de P\u00e1ncreas mediante biopsia l\u00edquida, un consorcio internacional de ocho pa\u00edses. Buscan desarrollar un an\u00e1lisis de sangre que detecte el tumor en sus fases incipientes.<\/p>\n<p>PANCAID acabar\u00e1 en 2027. Tras analizar muestras de sangre de pacientes y de personas en riesgo, determinar\u00e1 con inteligencia artificial los mejores marcadores y sus combinaciones. Despu\u00e9s, ensayar\u00e1n la eficacia de esta prueba.<\/p>\n<ul class=\"wp-block-list\">\n<li><strong>\u00bfEs operable? Evitando cirug\u00edas perjudiciales<\/strong><\/li>\n<\/ul>\n<p>Un 20% de pacientes pueden ser intervenidos quir\u00fargicamente para curar la enfermedad. Pero en la gran mayor\u00eda el c\u00e1ncer se detecta ya extendido a otros \u00f3rganos \u2013cuando ha hecho met\u00e1stasis\u2013, y entonces la cirug\u00eda no est\u00e1 indicada. El problema es que en c\u00e1ncer de p\u00e1ncreas determinar si hay met\u00e1stasis puede ser dif\u00edcil; de hecho, una parte importante de pacientes sufre una intervenci\u00f3n que no les beneficia, porque la met\u00e1stasis no fue detectada a tiempo.<\/p>\n<p>El grupo de Malats ha <a href=\"https:\/\/www.cnio.es\/noticias\/un-algoritmo-que-predice-si-un-cancer-de-pancreas-se-ha-extendido-a-otros-organos-podra-ayudar-a-evitar-cirugias-innecesarias\/\" rel=\"nofollow noopener\" target=\"_blank\">desarrollado un algoritmo<\/a> que predice la existencia de met\u00e1stasis a partir de im\u00e1genes del tumor primario. El sistema, que usa inteligencia artificial, podr\u00eda \u201cayudar a los cirujanos y m\u00e9dicos en la detecci\u00f3n de met\u00e1stasis\u201d, e incidir as\u00ed directamente en la calidad de vida de los pacientes.<\/p>\n<ul class=\"wp-block-list\">\n<li><strong>Tratamiento: primeros avances, por fin<\/strong><\/li>\n<\/ul>\n<p>En c\u00e1ncer de p\u00e1ncreas a\u00fan no se han aprobado terapias personalizadas o de inmunoterapia. Pero, despu\u00e9s de medio siglo sin nuevas estrategias terap\u00e9uticas, el panorama empieza a cambiar. Han <a href=\"https:\/\/www.cnio.es\/noticias\/farmaco-en-ensayo-contra-el-principal-oncogen-en-cancer-de-pancreas-pequeno-paso-para-pacientes-gran-salto-para-la-investigacion\/\" rel=\"nofollow noopener\" target=\"_blank\">empezado a ensayarse<\/a> los primeros f\u00e1rmacos dirigidos contra el oncog\u00e9n KRAS, mutado en el 90% de los pacientes con el c\u00e1ncer de p\u00e1ncreas m\u00e1s com\u00fan. Su eficacia es modesta, pero abren una valiosa v\u00eda de avance.<\/p>\n<p>El grupo de Oncolog\u00eda Experimental del CNIO investiga principalmente \u201cdianas espec\u00edficas de los tumores de p\u00e1ncreas que sean eficaces y que no presenten toxicidad\u201d, explica <strong>Carmen Guerra<\/strong>. \u201cLos inhibidores de KRAS est\u00e1n dando mejores resultados que la quimioterapia, pero al final se desarrollan resistencias. Por eso nosotros investigamos el mecanismo molecular de estas resistencias, para aprender a vencerlas\u201d.<\/p>\n<p>Su grupo ha tenido un papel clave en el desarrollo de modelos animales para c\u00e1ncer de p\u00e1ncreas, esenciales para el despegue de la investigaci\u00f3n en esta \u00e1rea.<\/p>\n<p><img loading=\"lazy\" decoding=\"async\" width=\"700\" height=\"467\" src=\"https:\/\/www.europesays.com\/es\/wp-content\/uploads\/2025\/11\/alejo-efeyan-cnio-web-700x467.jpg\" alt=\"Alejo Efeyan\" class=\"wp-image-238816\"\/>Alejo Efeyan. <b>\/CNIO<\/b><\/p>\n<ul class=\"wp-block-list\">\n<li><strong>Abriendo nuevas v\u00edas: cortar la conversaci\u00f3n con el tumor<\/strong><\/li>\n<\/ul>\n<p>En el CNIO, el <a href=\"https:\/\/www.cnio.es\/investigacion-e-innovacion\/programas-cientificos\/programa-de-biologia-de-tumores\/grupo-de-metabolismo-y-senalizacion-celular\/\" rel=\"nofollow noopener\" target=\"_blank\">Grupo de Metabolismo y Se\u00f1alizaci\u00f3n Celular<\/a> que dirige <strong>Alejo Efeyan<\/strong> busca cortocircuitar la comunicaci\u00f3n entre el tumor y el tejido a su alrededor, para bloquear el apoyo que recibe el c\u00e1ncer: \u201cLas c\u00e9lulas del c\u00e1ncer de p\u00e1ncreas est\u00e1n rodeadas por m\u00faltiples c\u00e9lulas no cancerosas: c\u00e9lulas de apoyo, vasos sangu\u00edneos, nervios, c\u00e9lulas inmunitarias\u2026\u201d, explica. \u201cPara debilitar el c\u00e1ncer de p\u00e1ncreas, necesitamos descifrar los mensajes entre todas estas c\u00e9lulas, e interceptar el apoyo que recibe la c\u00e9lula cancerosa. Y luego, golpear con fuerza con una eficacia terap\u00e9utica mejorada\u201d.<\/p>\n<p>Efeyan investiga la relaci\u00f3n entre obesidad y el c\u00e1ncer de p\u00e1ncreas: \u201cEsta asociaci\u00f3n implica una comunicaci\u00f3n an\u00f3mala entre las c\u00e9lulas inmunitarias llamadas macr\u00f3fagos y las c\u00e9lulas cancerosas; estamos cerca de descifrar, y luego cortar, las rutas qu\u00edmicas de comunicaci\u00f3n\u201d. Es una de las v\u00edas en exploraci\u00f3n consideradas m\u00e1s prometedoras.<\/p>\n<p><strong>\u2022\u00a0\u00a0\u00a0\u00a0\u00a0\u00a0\u00a0\u00a0\u00a0 Del des\u00e1nimo a la revitalizaci\u00f3n: vuelve la investigaci\u00f3n joven<\/strong><\/p>\n<p>Durante d\u00e9cadas, la falta de avances cl\u00ednicos que ofrecer a los pacientes hizo que pocos j\u00f3venes escogieran el c\u00e1ncer de p\u00e1ncreas como \u00e1rea de investigaci\u00f3n (\u201cSe ve\u00eda como un reto inabordable, demasiado dif\u00edcil\u2019, dice un investigador). Eso tambi\u00e9n est\u00e1 cambiando.<\/p>\n<p>Las mejoras en los modelos animales de c\u00e1ncer de p\u00e1ncreas, entre otros avances, han atra\u00eddo al campo a \u201cuna generaci\u00f3n de j\u00f3venes muy especialmente en Espa\u00f1a, brillantes y con toda la disposici\u00f3n a conjuntar la investigaci\u00f3n b\u00e1sica con la traslacional, para el beneficio de los pacientes\u201d, afirma Real, presidente de la alianza <a href=\"https:\/\/alipanc.org\/\" rel=\"nofollow noopener\" target=\"_blank\">ALIPANC<\/a> de investigadores en c\u00e1ncer de p\u00e1ncreas, nacida en el CNIO y que cuenta con unos 60 grupos en toda Espa\u00f1a.<\/p>\n<p>Es importante porque, como reitera la comunidad investigadora al completo, \u201cla \u00fanica manera de avanzar en uno de los retos m\u00e1s complejos de la medicina actual es seguir investigando\u201d.<\/p>\n<p><a href=\"https:\/\/www.cnio.es\/noticias\/francisco-x-real-es-el-momento-menos-amargo-de-la-historia-del-cancer-de-pancreas\/\" rel=\"nofollow noopener\" target=\"_blank\">Francisco X. Real: \u00abEs el momento menos amargo de la historia del c\u00e1ncer de p\u00e1ncreas\u00bb \u2013 CNIO<\/a><\/p>\n<p><a href=\"https:\/\/www.cnio.es\/noticias\/el-cnio-abre-una-via-hacia-la-prevencion-del-cancer-de-pancreas\/\" rel=\"nofollow noopener\" target=\"_blank\">El CNIO abre una v\u00eda hacia la prevenci\u00f3n del c\u00e1ncer de p\u00e1ncreas \u2013 CNIO<\/a><\/p>\n<p><a href=\"https:\/\/www.cnio.es\/noticias\/un-algoritmo-que-predice-si-un-cancer-de-pancreas-se-ha-extendido-a-otros-organos-podra-ayudar-a-evitar-cirugias-innecesarias\/\" rel=\"nofollow noopener\" target=\"_blank\">Un algoritmo que predice si un c\u00e1ncer de p\u00e1ncreas se ha extendido a otros \u00f3rganos podr\u00e1 ayudar a evitar cirug\u00edas innecesarias \u2013 CNIO<\/a><\/p>\n<p><a href=\"https:\/\/www.cnio.es\/noticias\/el-cnio-participa-en-un-gran-proyecto-europeo-para-detectar-el-cancer-de-pancreas-cuando-aun-es-incipiente-mediante-un-analisis-de-sangre\/\" rel=\"nofollow noopener\" target=\"_blank\">El CNIO participa en un gran proyecto europeo para detectar el c\u00e1ncer de p\u00e1ncreas cuando a\u00fan es incipiente, mediante un an\u00e1lisis de sangre \u2013 CNIO<\/a><\/p>\n<p><a href=\"https:\/\/www.cnio.es\/noticias\/farmaco-en-ensayo-contra-el-principal-oncogen-en-cancer-de-pancreas-pequeno-paso-para-pacientes-gran-salto-para-la-investigacion\/\" rel=\"nofollow noopener\" target=\"_blank\">F\u00e1rmaco en ensayo contra el principal oncog\u00e9n en c\u00e1ncer de p\u00e1ncreas: peque\u00f1o paso para pacientes, gran salto para la investigaci\u00f3n \u2013 CNIO<\/a><\/p>\n<p><strong>Sobre el Centro Nacional de Investigaciones Oncol\u00f3gicas (CNIO)<\/strong><\/p>\n<p>El Centro Nacional de Investigaciones Oncol\u00f3gicas (CNIO) es un centro p\u00fablico de investigaci\u00f3n dependiente del Ministerio de Ciencia, Innovaci\u00f3n y Universidades.\u00a0Es el mayor centro de investigaci\u00f3n en c\u00e1ncer en Espa\u00f1a y uno de los m\u00e1s importantes en Europa. Integra a medio millar de cient\u00edficos y cient\u00edficas, m\u00e1s el personal de apoyo, que trabajan para mejorar la prevenci\u00f3n, el diagn\u00f3stico y el tratamiento del c\u00e1ncer.<\/p>\n<p class=\"volver\"> <a href=\"https:\/\/www.cnio.es\/noticias\/\" rel=\"nofollow noopener\" target=\"_blank\"> Volver a las noticias<\/a><\/p>\n","protected":false},"excerpt":{"rendered":"C\u00e9lulas tumorales de adenocarcinoma de p\u00e1ncreas que muestran signos de da\u00f1o en el ADN del n\u00facleo (puntos blancos)&hellip;\n","protected":false},"author":2,"featured_media":246505,"comment_status":"","ping_status":"","sticky":false,"template":"","format":"standard","meta":{"footnotes":""},"categories":[92],"tags":[25,24,165,166,23],"class_list":{"0":"post-246504","1":"post","2":"type-post","3":"status-publish","4":"format-standard","5":"has-post-thumbnail","7":"category-salud","8":"tag-es","9":"tag-espana","10":"tag-health","11":"tag-salud","12":"tag-spain"},"share_on_mastodon":{"url":"https:\/\/pubeurope.com\/@es\/115582635442515059","error":""},"_links":{"self":[{"href":"https:\/\/www.europesays.com\/es\/wp-json\/wp\/v2\/posts\/246504","targetHints":{"allow":["GET"]}}],"collection":[{"href":"https:\/\/www.europesays.com\/es\/wp-json\/wp\/v2\/posts"}],"about":[{"href":"https:\/\/www.europesays.com\/es\/wp-json\/wp\/v2\/types\/post"}],"author":[{"embeddable":true,"href":"https:\/\/www.europesays.com\/es\/wp-json\/wp\/v2\/users\/2"}],"replies":[{"embeddable":true,"href":"https:\/\/www.europesays.com\/es\/wp-json\/wp\/v2\/comments?post=246504"}],"version-history":[{"count":0,"href":"https:\/\/www.europesays.com\/es\/wp-json\/wp\/v2\/posts\/246504\/revisions"}],"wp:featuredmedia":[{"embeddable":true,"href":"https:\/\/www.europesays.com\/es\/wp-json\/wp\/v2\/media\/246505"}],"wp:attachment":[{"href":"https:\/\/www.europesays.com\/es\/wp-json\/wp\/v2\/media?parent=246504"}],"wp:term":[{"taxonomy":"category","embeddable":true,"href":"https:\/\/www.europesays.com\/es\/wp-json\/wp\/v2\/categories?post=246504"},{"taxonomy":"post_tag","embeddable":true,"href":"https:\/\/www.europesays.com\/es\/wp-json\/wp\/v2\/tags?post=246504"}],"curies":[{"name":"wp","href":"https:\/\/api.w.org\/{rel}","templated":true}]}}