{"id":246514,"date":"2025-11-20T15:07:10","date_gmt":"2025-11-20T15:07:10","guid":{"rendered":"https:\/\/www.europesays.com\/es\/246514\/"},"modified":"2025-11-20T15:07:10","modified_gmt":"2025-11-20T15:07:10","slug":"reacciones-tras-la-condena-al-fiscal-general-del-estado-alvaro-garcia-ortiz-en-directo-rufian-sobre-la-condena-al-fiscal-general-el-mensaje-es-claro-ayuso-no-se-toca-espana","status":"publish","type":"post","link":"https:\/\/www.europesays.com\/es\/246514\/","title":{"rendered":"Reacciones tras la condena al fiscal general del Estado, \u00c1lvaro Garc\u00eda Ortiz, en directo | Rufi\u00e1n, sobre la condena al fiscal general: \u201cEl mensaje es claro: Ayuso no se toca\u201d | Espa\u00f1a"},"content":{"rendered":"<p class=\"ev-title\">El PP pide la dimisi\u00f3n de S\u00e1nchez tras la condena del fiscal general<\/p>\n<p>La portavoz del PP en el Congreso, Ester Mu\u00f1oz, ha pedido este jueves la dimisi\u00f3n del presidente del Gobierno, Pedro S\u00e1nchez, despu\u00e9s de que el Tribunal Supremo haya condenado a dos a\u00f1os de inhabilitaci\u00f3n y a una multa de 7.200 euros al fiscal general del Estado, \u00c1lvaro Garc\u00eda Ortiz.<\/p>\n<p>\u201cS\u00e1nchez tiene que pedir perd\u00f3n a los espa\u00f1oles, dimitir y convocar elecciones. Por ese orden. No hay m\u00e1s\u201d, ha escrito Mu\u00f1oz en un mensaje en la red social X, acompa\u00f1ado de un v\u00eddeo del presidente en el que hablaba sobre las \u201cfalsas acusaciones y bulos\u201d lanzaos contra Ortiz.<\/p>\n<p>Mu\u00f1oz ha hecho estas declaraciones unos minutos despu\u00e9s de conocerse la condena por un delito de revelaci\u00f3n de datos reservados en relaci\u00f3n a la filtraci\u00f3n de un correo con la admisi\u00f3n de un fraude a Hacienda de la pareja de Isabel D\u00edaz Ayuso.<\/p>\n<p>Justo una semana despu\u00e9s de que acabase el juicio -el primero que sentaba en el banquillo a un fiscal general del Estado-, el alto tribunal ha adelantado el fallo de una sentencia que contar\u00e1 con el voto particular discrepante de dos de los siete magistrados.<\/p>\n<p>Las juezas progresistas Ana Mar\u00eda Ferrer y Susana Polo disienten de la decisi\u00f3n de sus compa\u00f1eros, lo que ha hecho que sea el presidente de la Sala de lo Penal, Andr\u00e9s Mart\u00ednez Arrieta, quien asuma la ponencia de la sentencia.\u00a0<\/p>\n<p>Una resoluci\u00f3n que, seg\u00fan ha adelantado el Supremo, impone tambi\u00e9n a \u00c1lvaro Garc\u00eda Ortiz el pago de una indemnizaci\u00f3n de 10.000 euros por da\u00f1os morales a la pareja de la presidenta madrile\u00f1a, Alberto Gonz\u00e1lez Amador, y el abono de las cosas procesales del juicio. (Efe)<\/p>\n","protected":false},"excerpt":{"rendered":"El PP pide la dimisi\u00f3n de S\u00e1nchez tras la condena del fiscal general La portavoz del PP en&hellip;\n","protected":false},"author":2,"featured_media":246515,"comment_status":"","ping_status":"","sticky":false,"template":"","format":"standard","meta":{"footnotes":""},"categories":[8],"tags":[8812,8577,17,18,25,24,13,14,9401,2153,11,2158,19,20,9,10,15,16,956,1699,8578,6478,6932,23,4453,12,493,21,22,624],"class_list":{"0":"post-246514","1":"post","2":"type-post","3":"status-publish","4":"format-standard","5":"has-post-thumbnail","7":"category-espana","8":"tag-alberto-gonzalez-amador","9":"tag-alvaro-garcia-ortiz","10":"tag-breaking-news","11":"tag-breakingnews","12":"tag-es","13":"tag-espana","14":"tag-featured-news","15":"tag-featurednews","16":"tag-fiscales","17":"tag-fiscalia-general-estado","18":"tag-headlines","19":"tag-justicia","20":"tag-latest-news","21":"tag-latestnews","22":"tag-news","23":"tag-noticias","24":"tag-noticias-destacadas","25":"tag-noticiasdestacadas","26":"tag-pp","27":"tag-psoe","28":"tag-revelacion-secretos","29":"tag-sentencias","30":"tag-sentencias-condenatorias","31":"tag-spain","32":"tag-sumar","33":"tag-titulares","34":"tag-tribunales","35":"tag-ultimas-noticias","36":"tag-ultimasnoticias","37":"tag-vox"},"share_on_mastodon":{"url":"","error":"Validation failed: Text character limit of 500 exceeded"},"_links":{"self":[{"href":"https:\/\/www.europesays.com\/es\/wp-json\/wp\/v2\/posts\/246514","targetHints":{"allow":["GET"]}}],"collection":[{"href":"https:\/\/www.europesays.com\/es\/wp-json\/wp\/v2\/posts"}],"about":[{"href":"https:\/\/www.europesays.com\/es\/wp-json\/wp\/v2\/types\/post"}],"author":[{"embeddable":true,"href":"https:\/\/www.europesays.com\/es\/wp-json\/wp\/v2\/users\/2"}],"replies":[{"embeddable":true,"href":"https:\/\/www.europesays.com\/es\/wp-json\/wp\/v2\/comments?post=246514"}],"version-history":[{"count":0,"href":"https:\/\/www.europesays.com\/es\/wp-json\/wp\/v2\/posts\/246514\/revisions"}],"wp:featuredmedia":[{"embeddable":true,"href":"https:\/\/www.europesays.com\/es\/wp-json\/wp\/v2\/media\/246515"}],"wp:attachment":[{"href":"https:\/\/www.europesays.com\/es\/wp-json\/wp\/v2\/media?parent=246514"}],"wp:term":[{"taxonomy":"category","embeddable":true,"href":"https:\/\/www.europesays.com\/es\/wp-json\/wp\/v2\/categories?post=246514"},{"taxonomy":"post_tag","embeddable":true,"href":"https:\/\/www.europesays.com\/es\/wp-json\/wp\/v2\/tags?post=246514"}],"curies":[{"name":"wp","href":"https:\/\/api.w.org\/{rel}","templated":true}]}}