{"id":246518,"date":"2025-11-20T15:14:13","date_gmt":"2025-11-20T15:14:13","guid":{"rendered":"https:\/\/www.europesays.com\/es\/246518\/"},"modified":"2025-11-20T15:14:13","modified_gmt":"2025-11-20T15:14:13","slug":"angel-fuentes-dice-adios-al-ciclismo-profesional","status":"publish","type":"post","link":"https:\/\/www.europesays.com\/es\/246518\/","title":{"rendered":"\u00c1ngel Fuentes dice adi\u00f3s al ciclismo profesional"},"content":{"rendered":"<p>\t\t\t&#13;<br \/>\n&#13;<\/p>\n<p><img loading=\"lazy\" decoding=\"async\" src=\"https:\/\/www.europesays.com\/es\/wp-content\/uploads\/2025\/11\/angel-fuentes-renovacion-burgos-bh-2024-burgosbh-press.jpg\" width=\"556\" height=\"418\" class=\"setborder\" alt=\"\u00c1ngel Fuentes dice adi\u00f3s al ciclismo profesional\" title=\"\u00c1ngel Fuentes dice adi\u00f3s al ciclismo profesional\"\/><br \/>\n&#13;<br \/>\n&#13;<br \/>\n&#13;<br \/>\n<a href=\"https:\/\/www.esciclismo.com\/actualidad\/esciclismo\/\" rel=\"nofollow noopener\" target=\"_blank\">EsCiclismo.com<\/a> \u00b7 <a href=\"https:\/\/www.esciclismo.com\/actualidad\/carretera\/\" rel=\"nofollow noopener\" target=\"_blank\">Competici\u00f3n Carretera<\/a>  \u00b7 20\/11\/2025<\/p>\n<p>El ciclista burgal\u00e9s \u00c1ngel Fuentes ha anunciado su retirada del ciclismo profesional a los 29 a\u00f1os, tras seis temporadas compitiendo con el equipo de su tierra, el Burgos-Burpellet-BH. Con esta decisi\u00f3n, el corredor pone fin a una trayectoria marcada por la constancia, el compromiso y un papel destacado como referente del ciclismo en la provincia de Burgos.<\/p>\n<p>&#13;<br \/>\nUna carrera forjada en el equipo de casa&#13;<\/p>\n<p>Fuentes se incorpor\u00f3 al conjunto burgal\u00e9s en 2018 como &#8216;stagiaire&#8217;, debutando en el Tour de Taihu Lake. Desde entonces, ha desarrollado toda su carrera profesional en el Burgos-Burpellet-BH, dando el salto definitivo al profesionalismo en 2019. Su perfil de clasic\u00f3mano y rodador le permiti\u00f3 destacar especialmente en pruebas del calendario franc\u00e9s y en etapas de monta\u00f1a media, convirti\u00e9ndose en un habitual de las fugas.<\/p>\n<p>&#13;<\/p>\n<p><b id=\"P2\"\/>Entre sus actuaciones m\u00e1s destacadas figuran los puestos de honor logrados en La Route Ad\u00e9lie de Vitr\u00e9, donde fue sexto en 2021 y repiti\u00f3 top-10 en 2022. En 2023 volvi\u00f3 a brillar en escapadas en carreras como el Tour de Om\u00e1n o la Vuelta a Burgos, donde se alz\u00f3 con varios premios como mejor ciclista local.<\/p>\n<p>&#13;<br \/>\nRegularidad y entrega en sus \u00faltimas temporadas&#13;<\/p>\n<p><b id=\"P3\"\/>En sus \u00faltimos a\u00f1os como profesional, Fuentes mantuvo una s\u00f3lida regularidad. En 2023 fue 13\u00ba en la general del Tour de Taihu Lake y 15\u00ba en el Tour de Vend\u00e9e. En 2024 roz\u00f3 la victoria desde la fuga en la Volta a Portugal y logr\u00f3 un destacado noveno puesto en el Tour de Sharjah, tras finalizar cuarto en la contrarreloj individual.<\/p>\n<p>&#13;<\/p>\n<p>En 2025 volvi\u00f3 a exhibir su fortaleza contra el crono en la prueba emirat\u00ed, con un meritorio quinto puesto. Su \u00faltima actuaci\u00f3n como profesional lleg\u00f3 en el Tour de Huangshan, en China, donde fue s\u00e9ptimo y ayud\u00f3 a su compa\u00f1ero Daniel Cavia a asegurar el triunfo final para el Burgos-Burpellet-BH.<\/p>\n<p>&#13;<br \/>\nEjemplo dentro y fuera de la carretera&#13;<\/p>\n<p>M\u00e1s all\u00e1 de los resultados, \u00c1ngel Fuentes ha sido un referente del deporte burgal\u00e9s. Su implicaci\u00f3n con la cantera y su cercan\u00eda con la afici\u00f3n le convirtieron en un embajador del ciclismo en su provincia. Ha participado activamente en iniciativas con j\u00f3venes y centros escolares, dejando huella tambi\u00e9n lejos del pelot\u00f3n.<\/p>\n<p>&#13;<\/p>\n<p><b id=\"P5\"\/>Su retirada supone el cierre de una etapa en la que ha compartido experiencias con su hermano menor, \u00d3scar Fuentes, quien actualmente milita en el Equipo Cortizo. Con una carrera \u00edntegra en el Burgos-Burpellet-BH, Fuentes se despide del ciclismo profesional con la satisfacci\u00f3n del trabajo bien hecho y con la vista puesta en nuevos retos personales y profesionales.<\/p>\n<p>&#13;<\/p>\n<p>El Burgos-Burpellet-BH ha agradecido p\u00fablicamente su entrega y dedicaci\u00f3n durante todos estos a\u00f1os, destacando su papel clave en la evoluci\u00f3n del equipo y su influencia positiva en el entorno ciclista local.<\/p>\n<p>&#13;<br \/>\n&#13;<br \/>\n&#13;<br \/>\nEsCiclismo &#8211; Todos los derechos reservados. Est\u00e1 prohibido todo tipo de reproducci\u00f3n sin autorizaci\u00f3n expresa escrita.<br \/>&#13;<br \/>\n&#13;<\/p>\n<blockquote class=\"style-3\"><p>\ud83d\udce3<\/p>\n<p>Sigue toda la actualidad del mundo del ciclismo en nuestros canales de <a href=\"https:\/\/bit.ly\/WhatsappEsCiclismo\" target=\"_blank\" rel=\"noopener nofollow\"><b>WhatsApp<\/b><\/a> y <a href=\"https:\/\/bit.ly\/EsciclismoTelegram\" target=\"_blank\" rel=\"noopener nofollow\"><b>Telegram<\/b><\/a>, donde recibiras las noticias m\u00e1s destacadas.<\/p>\n<\/blockquote>\n","protected":false},"excerpt":{"rendered":"&#13; &#13; &#13; &#13; &#13; EsCiclismo.com \u00b7 Competici\u00f3n Carretera \u00b7 20\/11\/2025 El ciclista burgal\u00e9s \u00c1ngel Fuentes ha anunciado&hellip;\n","protected":false},"author":2,"featured_media":246519,"comment_status":"","ping_status":"","sticky":false,"template":"","format":"standard","meta":{"footnotes":""},"categories":[273],"tags":[2594,988,17207,12247,42069,623,12246,313,1757,62898,1625,20724,18755,312,2347,168,4007,158,622,25,24,772,4765,16023,847,1150,2032,6436,13527,1367,1139,23,167,4584,1934,9577],"class_list":{"0":"post-246518","1":"post","2":"type-post","3":"status-publish","4":"format-standard","5":"has-post-thumbnail","7":"category-ciclismo","8":"tag-angel","9":"tag-anos","10":"tag-anunciado","11":"tag-bh","12":"tag-burgales","13":"tag-burgos","14":"tag-burpellet","15":"tag-ciclismo","16":"tag-ciclista","17":"tag-compitiendo","18":"tag-compromiso","19":"tag-constancia","20":"tag-corredor","21":"tag-cycling","22":"tag-decision","23":"tag-deportes","24":"tag-destacado","25":"tag-el","26":"tag-equipo","27":"tag-es","28":"tag-espana","29":"tag-fin","30":"tag-fuentes","31":"tag-marcada","32":"tag-papel","33":"tag-pone","34":"tag-profesional","35":"tag-provincia","36":"tag-referente","37":"tag-retirada","38":"tag-seis","39":"tag-spain","40":"tag-sports","41":"tag-temporadas","42":"tag-tierra","43":"tag-trayectoria"},"share_on_mastodon":{"url":"https:\/\/pubeurope.com\/@es\/115582682083506306","error":""},"_links":{"self":[{"href":"https:\/\/www.europesays.com\/es\/wp-json\/wp\/v2\/posts\/246518","targetHints":{"allow":["GET"]}}],"collection":[{"href":"https:\/\/www.europesays.com\/es\/wp-json\/wp\/v2\/posts"}],"about":[{"href":"https:\/\/www.europesays.com\/es\/wp-json\/wp\/v2\/types\/post"}],"author":[{"embeddable":true,"href":"https:\/\/www.europesays.com\/es\/wp-json\/wp\/v2\/users\/2"}],"replies":[{"embeddable":true,"href":"https:\/\/www.europesays.com\/es\/wp-json\/wp\/v2\/comments?post=246518"}],"version-history":[{"count":0,"href":"https:\/\/www.europesays.com\/es\/wp-json\/wp\/v2\/posts\/246518\/revisions"}],"wp:featuredmedia":[{"embeddable":true,"href":"https:\/\/www.europesays.com\/es\/wp-json\/wp\/v2\/media\/246519"}],"wp:attachment":[{"href":"https:\/\/www.europesays.com\/es\/wp-json\/wp\/v2\/media?parent=246518"}],"wp:term":[{"taxonomy":"category","embeddable":true,"href":"https:\/\/www.europesays.com\/es\/wp-json\/wp\/v2\/categories?post=246518"},{"taxonomy":"post_tag","embeddable":true,"href":"https:\/\/www.europesays.com\/es\/wp-json\/wp\/v2\/tags?post=246518"}],"curies":[{"name":"wp","href":"https:\/\/api.w.org\/{rel}","templated":true}]}}