{"id":246536,"date":"2025-11-20T15:25:12","date_gmt":"2025-11-20T15:25:12","guid":{"rendered":"https:\/\/www.europesays.com\/es\/246536\/"},"modified":"2025-11-20T15:25:12","modified_gmt":"2025-11-20T15:25:12","slug":"el-cimus-financiado-con-casi-un-millon-para-combatir-el-cancer","status":"publish","type":"post","link":"https:\/\/www.europesays.com\/es\/246536\/","title":{"rendered":"el CiMUS, financiado con casi un mill\u00f3n para combatir el c\u00e1ncer"},"content":{"rendered":"<p><img decoding=\"async\" width=\"1280\" height=\"732\" fetchpriority=\"high\" alt=\"La investigaci\u00f3n, liderada desde el grupo que dirige Miguel L\u00f3pez, se enmarca en un proyecto que busca nuevos enfoques para luchar contra este s\u00edndrome caracterizado por desnutrici\u00f3n, atrofia muscular, fatiga y debilidad asociados al c\u00e1ncer\" src=\"https:\/\/www.europesays.com\/es\/wp-content\/uploads\/2025\/11\/691f0c925cd2f.r_d.310-337-12800.jpeg\"\/><\/p>\n<p>La investigaci\u00f3n, liderada desde el grupo que dirige Miguel L\u00f3pez, se enmarca en un proyecto que busca nuevos enfoques para luchar contra el c\u00e1ncer<\/p>\n<p>Cedida<\/p>\n<p class=\"\">El <b>Centro de Investigaci\u00f3n en Medicina Molecular y Enfermedades Cr\u00f3nicas (CiMUS)<\/b> de la Universidade de Santiago de Compostela ha sido seleccionado en la <b>convocatoria de Investigaci\u00f3n en Salud 2025<\/b> de la Fundaci\u00f3n \u201cla Caixa\u201d, recibiendo una financiaci\u00f3n de <b>999.300 euros<\/b> para impulsar un proyecto destinado a <b>combatir la caquexia cancerosa<\/b>. Este s\u00edndrome, caracterizado por desnutrici\u00f3n, atrofia muscular, fatiga y debilidad asociada al c\u00e1ncer, representa uno de los mayores retos en oncolog\u00eda cl\u00ednica.<\/p>\n<p class=\"\">El proyecto est\u00e1 liderado por el investigador <b>Miguel L\u00f3pez<\/b>, en consorcio con <b>Joan Seoane<\/b> (Vall d\u2019Hebron Instituto de Oncolog\u00eda \u2013 VHIO), y forma parte de una convocatoria altamente competitiva, a la que se presentaron <b>714 propuestas<\/b> de investigaci\u00f3n b\u00e1sica, cl\u00ednica y traslacional.<\/p>\n<p>Una convocatoria de referencia en la pen\u00ednsula ib\u00e9rica<\/p>\n<p class=\"\">La edici\u00f3n 2025 seleccion\u00f3 <b>34 proyectos de investigaci\u00f3n biom\u00e9dica puntera<\/b>, desarrollados por instituciones de Espa\u00f1a y Portugal. Cada iniciativa financiada puede recibir hasta un mill\u00f3n de euros en el caso de los consorcios, lo que convierte esta convocatoria en una de las m\u00e1s relevantes en biomedicina y salud de la pen\u00ednsula ib\u00e9rica.<\/p>\n<p class=\"\">Adem\u00e1s del proyecto liderado por Miguel L\u00f3pez, la participaci\u00f3n gallega se ampl\u00eda con tres proyectos m\u00e1s:<\/p>\n<ul>\n<li><b>Enfermedad rara \u2013 S\u00edndrome de Myhre.<\/b> Un proyecto encabezado por <b>Maria J. Macias<\/b> (IRB Barcelona) en consorcio con <b>Jos\u00e9 Manuel Brea Floriani<\/b> (USC) y la Asociaci\u00f3n S\u00edndrome de Myhre Espa\u00f1a, financiado con <b>771.800 euros<\/b>.<\/li>\n<li><b>Leucemia linfobl\u00e1stica aguda infantil.<\/b> Iniciativa liderada por <b>Alejandro Vaquero<\/b> (Instituto Josep Carreras), con participaci\u00f3n de <b>Eduardo Dom\u00ednguez<\/b> (Instituto de Investigaci\u00f3n Sanitaria de Santiago, IDIS), que recibe <b>989.800 euros<\/b>.<\/li>\n<li><b>Da\u00f1o cerebral \u2013 Nuevas estrategias terap\u00e9uticas.<\/b> Proyecto coordinado por <b>Ana Paula P\u00eago<\/b> (Universidade do Porto), con colaboraci\u00f3n de <b>Francisco Campos<\/b> (IDIS) y <b>Ben Maoz<\/b> (Tel Aviv University), dotado con <b>999.563,80 euros<\/b>.<\/li>\n<\/ul>\n<p>Un centro de referencia en enfermedades cr\u00f3nicas<\/p>\n<p class=\"\">El CiMUS, reconocido recientemente como <b>Unidad de Excelencia Mar\u00eda de Maeztu<\/b>, centra su actividad en la generaci\u00f3n de conocimiento de alto impacto en el \u00e1mbito de las enfermedades cr\u00f3nicas. Su estructura se organiza en dos grandes programas \u2014<b>Mecanismos Moleculares de las Enfermedades<\/b> e <b>Integrativo Traslacional<\/b>\u2014 que conectan investigaci\u00f3n b\u00e1sica y aplicaci\u00f3n cl\u00ednica, siempre con una fuerte orientaci\u00f3n hacia la <b>innovaci\u00f3n terap\u00e9utica<\/b>.<\/p>\n<p class=\"\">El centro cuenta con el reconocimiento <b>CIGUS<\/b> de la Xunta de Galicia y est\u00e1 <b>cofinanciado por la Uni\u00f3n Europea<\/b> a trav\u00e9s del Programa Galicia FEDER 2021-2027, consolid\u00e1ndose como uno de los principales nodos de investigaci\u00f3n biom\u00e9dica del noroeste peninsular.<\/p>\n","protected":false},"excerpt":{"rendered":"La investigaci\u00f3n, liderada desde el grupo que dirige Miguel L\u00f3pez, se enmarca en un proyecto que busca nuevos&hellip;\n","protected":false},"author":2,"featured_media":246537,"comment_status":"","ping_status":"","sticky":false,"template":"","format":"standard","meta":{"footnotes":""},"categories":[92],"tags":[25,24,165,166,23],"class_list":{"0":"post-246536","1":"post","2":"type-post","3":"status-publish","4":"format-standard","5":"has-post-thumbnail","7":"category-salud","8":"tag-es","9":"tag-espana","10":"tag-health","11":"tag-salud","12":"tag-spain"},"share_on_mastodon":{"url":"https:\/\/pubeurope.com\/@es\/115582725401688171","error":""},"_links":{"self":[{"href":"https:\/\/www.europesays.com\/es\/wp-json\/wp\/v2\/posts\/246536","targetHints":{"allow":["GET"]}}],"collection":[{"href":"https:\/\/www.europesays.com\/es\/wp-json\/wp\/v2\/posts"}],"about":[{"href":"https:\/\/www.europesays.com\/es\/wp-json\/wp\/v2\/types\/post"}],"author":[{"embeddable":true,"href":"https:\/\/www.europesays.com\/es\/wp-json\/wp\/v2\/users\/2"}],"replies":[{"embeddable":true,"href":"https:\/\/www.europesays.com\/es\/wp-json\/wp\/v2\/comments?post=246536"}],"version-history":[{"count":0,"href":"https:\/\/www.europesays.com\/es\/wp-json\/wp\/v2\/posts\/246536\/revisions"}],"wp:featuredmedia":[{"embeddable":true,"href":"https:\/\/www.europesays.com\/es\/wp-json\/wp\/v2\/media\/246537"}],"wp:attachment":[{"href":"https:\/\/www.europesays.com\/es\/wp-json\/wp\/v2\/media?parent=246536"}],"wp:term":[{"taxonomy":"category","embeddable":true,"href":"https:\/\/www.europesays.com\/es\/wp-json\/wp\/v2\/categories?post=246536"},{"taxonomy":"post_tag","embeddable":true,"href":"https:\/\/www.europesays.com\/es\/wp-json\/wp\/v2\/tags?post=246536"}],"curies":[{"name":"wp","href":"https:\/\/api.w.org\/{rel}","templated":true}]}}