{"id":246538,"date":"2025-11-20T15:26:11","date_gmt":"2025-11-20T15:26:11","guid":{"rendered":"https:\/\/www.europesays.com\/es\/246538\/"},"modified":"2025-11-20T15:26:11","modified_gmt":"2025-11-20T15:26:11","slug":"hoy-salen-a-la-venta-las-entradas-de-dani-fernandez-en-iconica-santalucia-sevilla-fest-fecha-y-todos-los-d-abc","status":"publish","type":"post","link":"https:\/\/www.europesays.com\/es\/246538\/","title":{"rendered":"Hoy salen a la venta las entradas de Dani Fern\u00e1ndez en Ic\u00f3nica Santaluc\u00eda Sevilla Fest: fecha y todos los d&#8230; &#8211; ABC"},"content":{"rendered":"<ol>\n<li><a href=\"https:\/\/news.google.com\/rss\/articles\/CBMiuAFBVV95cUxNRkt4ak5MU1FfcnZQRmFWQWFRcTZpRFRvcXlCQUJBTlU1RzhxcFl4S0hEZHI2T3gxd2tqMEtqZDFMRGtVWWxxazN1OEhrTEU2TTY3Z3Vmc016bXJLWHpSb0IzXzRSSjMwQmY1Z2VRVFc0MmtibGxvSXgwN2VlanlHMXJvanRPUDMxV1B2RkZhVHNWUkw3WDU1UUtQZ2Y5V0VWclY0c01uSjhkb3pSeWxKSjBhSm92TG5V0gG-AUFVX3lxTE1yMk11aXB3ZUl4WXJRakxiMUFvMWdTRi1qUktrWEF3Nkw3aVZRZHFmVGxiMkF6NmxKQWRfMW5kMzRJSDd6WnNfVTdlWTVBZFBhVW5WRWNRVFJkUkpFaUVwX0VzUWtPM2VyYUdENXF5M2lzQTdSZTZHdUNRNzFTRVQxTW5Id2Z2Z2kzLXJuODlwSm1ZTUhHWXNNQlJwLUJ0bnJ5ZHpsNHptbWpNak1aOThmZENtSmFCNnBiOF9Qbnc?oc=5\" target=\"_blank\" rel=\"nofollow noopener\">Hoy salen a la venta las entradas de Dani Fern\u00e1ndez en Ic\u00f3nica Santaluc\u00eda Sevilla Fest: fecha y todos los d&#8230;<\/a>&nbsp;&nbsp;ABC<\/li>\n<li><a href=\"https:\/\/news.google.com\/rss\/articles\/CBMixAFBVV95cUxPRjZvVE51SXN1elhoT1JqclZXMEw5SWtnWG1lMzFjZ0M4OFRPbjRIVnJ4R2Z5Vk10ZnVSYUlQRnNiSXQtU0xTZ3ZJTVp6LVg4LThEbW12OVlseUp3R2twNG5QeWNSZDhsSnFkUlp4OHB6ZFNRbVJTd19fMTU2ODZiOTZQclowMkZPWEExbW9ndHktMWV4NXJidFlxVmp2aG54Y2ZIMjVYT05mZUFhNUVMb2Y3bi13SjNXTkhYVHNJVkNsRlJL?oc=5\" target=\"_blank\" rel=\"nofollow noopener\">Entradas Dani Fern\u00e1ndez (25 de abril &#8211; Navarra Arena)<\/a>&nbsp;&nbsp;KulturKlik<\/li>\n<li><a href=\"https:\/\/news.google.com\/rss\/articles\/CBMid0FVX3lxTE4tVjM3ZlNwUjAxQUlUNnpvRWZFRzZraWRlYy1Ra3N0SmRhLUpIdEl1Z1ZId3F0RXJ5UklUZ2VadEZuaWY1V0xaSVJCV1BiTWVhTlU3aGdHYi0zck1mTG5CQ3hqTXZPTEU0UmZ5aUIyNGJsSkJ6bnVz0gF3QVVfeXFMTng3aENFdXlKaTc3VlhwTkpsc3BGbVFmU3Z4eVFHaXNIN091VHFLSTI4VjBzcnYxYnpIcTFhZzhFT1JSZXd1UmdZT0J4WjNxcXVJd2ZSa0VyWFdqcGVmRG9UdVFlQWNLdTRUbERSdHY2RlVkNk5TQTg?oc=5\" target=\"_blank\" rel=\"nofollow noopener\">Entradas de Dani Fern\u00e1ndez para su gira 2026: a qu\u00e9 hora salen hoy y c\u00f3mo comprar los tickets<\/a>&nbsp;&nbsp;El Mundo<\/li>\n<li><a href=\"https:\/\/news.google.com\/rss\/articles\/CBMigwJBVV95cUxOLXhVWjZYa1RCdEJaRXVKWmU1N2RnNVRtejhiU3AwaHE4cVh1NTQ2aUNKbFBsT1g4RGFpa1l3eFh2RDdSMTFXZFFKYmMydjhiZ3RwNWxxWk5rUmxvWklIRHktUmVEUkpKRTFlMW5xWGFLS0pUclVfeEJORk5ZVENaaVNRbzdFMXp4dENhYTBpR2gtQTV6TzRoSHRxM0FWOWhSQnJvM2FnckxoS1JmUVZ2WXY2SWpiY1VGV0JyR1JCc2dyc3dTWm9XZXJydXU2a0lEUEFWWm10M2E1UzFvcVRNSERsZ0gwczJxU2VIMDZEYjhUOS1makNmSkRNNHNINTZiVThV0gGDAkFVX3lxTE1SakVpZmpJbENPUzlKd1BkSUpybURad2FIdWJ2RzlYa0JEQ2hxM0hwTUNBX3kyU0ZDU0JxUFNmb3ZaY0pGdWZjN0ZZSzB3ek9lc1d1cFFUaElrMTlGOXJaN0VobTd2UkVJcjc5TXlnSTNRc3RVejRLaWt6bzQ0blZOSHFtRk9XMWh2NzZVUHVEczhOR1hkWWt5SWttUDlRTDJQakZWSnFveGROZXdsWTJHNE41d29uM1ZxNmE0MVFQYXN6N0dneWN5aEZmWHNFZW5MNG53WE5ucU0zOXk2QVlsS2pGbWQ0LTZLMWlQaFhFOXpfTVA0UmF5aTY1UlJYa1NhVWc?oc=5\" target=\"_blank\" rel=\"nofollow noopener\">Dani Fern\u00e1ndez anuncia un par\u00f3n tras &#8216;La Insurrecci\u00f3n Tour&#8217;: \u00abCuando termine esta gira voy a desaparecer un<\/a>&nbsp;&nbsp;EuropaFM<\/li>\n<li><a href=\"https:\/\/news.google.com\/rss\/articles\/CBMiqwFBVV95cUxPZDNVMEVKVkI0Q2RYeWc4NDlZZVZ0X0NXWlZJblg2ME11YnV0TjR5NzRtMk5FX3dnZTRITTRPOXdJQUlsdGNGOTJ6VE9ycklpcVp2ZkV0ZXpjdzdyeUNFSXlENXJXdmNNWS03aFFMVjMyTXdYMGp1SnhINGhvRlRDOG0tMWZjN2ZBOTJpbHdma1JRMVVNX2xNQm9FcG51U21rUFZZU3RpQU1XeTQ?oc=5\" target=\"_blank\" rel=\"nofollow noopener\">Dani Fern\u00e1ndez actuar\u00e1 en la campa de la Magdalena el 30 de julio<\/a>&nbsp;&nbsp;El Diario Monta\u00f1\u00e9s<\/li>\n<\/ol>\n","protected":false},"excerpt":{"rendered":"Hoy salen a la venta las entradas de Dani Fern\u00e1ndez en Ic\u00f3nica Santaluc\u00eda Sevilla Fest: fecha y todos&hellip;\n","protected":false},"author":2,"featured_media":246539,"comment_status":"","ping_status":"","sticky":false,"template":"","format":"standard","meta":{"footnotes":""},"categories":[91],"tags":[1996,146,4401,147,25,24,1151,10994,4139,9817,54960,23,2913],"class_list":{"0":"post-246538","1":"post","2":"type-post","3":"status-publish","4":"format-standard","5":"has-post-thumbnail","7":"category-entretenimiento","8":"tag-dani","9":"tag-entertainment","10":"tag-entradas","11":"tag-entretenimiento","12":"tag-es","13":"tag-espana","14":"tag-fecha","15":"tag-fernandez","16":"tag-fest","17":"tag-iconica","18":"tag-santalucia","19":"tag-spain","20":"tag-venta"},"share_on_mastodon":{"url":"https:\/\/pubeurope.com\/@es\/115582729204908151","error":""},"_links":{"self":[{"href":"https:\/\/www.europesays.com\/es\/wp-json\/wp\/v2\/posts\/246538","targetHints":{"allow":["GET"]}}],"collection":[{"href":"https:\/\/www.europesays.com\/es\/wp-json\/wp\/v2\/posts"}],"about":[{"href":"https:\/\/www.europesays.com\/es\/wp-json\/wp\/v2\/types\/post"}],"author":[{"embeddable":true,"href":"https:\/\/www.europesays.com\/es\/wp-json\/wp\/v2\/users\/2"}],"replies":[{"embeddable":true,"href":"https:\/\/www.europesays.com\/es\/wp-json\/wp\/v2\/comments?post=246538"}],"version-history":[{"count":0,"href":"https:\/\/www.europesays.com\/es\/wp-json\/wp\/v2\/posts\/246538\/revisions"}],"wp:featuredmedia":[{"embeddable":true,"href":"https:\/\/www.europesays.com\/es\/wp-json\/wp\/v2\/media\/246539"}],"wp:attachment":[{"href":"https:\/\/www.europesays.com\/es\/wp-json\/wp\/v2\/media?parent=246538"}],"wp:term":[{"taxonomy":"category","embeddable":true,"href":"https:\/\/www.europesays.com\/es\/wp-json\/wp\/v2\/categories?post=246538"},{"taxonomy":"post_tag","embeddable":true,"href":"https:\/\/www.europesays.com\/es\/wp-json\/wp\/v2\/tags?post=246538"}],"curies":[{"name":"wp","href":"https:\/\/api.w.org\/{rel}","templated":true}]}}