{"id":246542,"date":"2025-11-20T15:28:11","date_gmt":"2025-11-20T15:28:11","guid":{"rendered":"https:\/\/www.europesays.com\/es\/246542\/"},"modified":"2025-11-20T15:28:11","modified_gmt":"2025-11-20T15:28:11","slug":"el-desempleo-subio-en-eeuu-en-septiembre-pese-a-que-aumentaron-las-contrataciones","status":"publish","type":"post","link":"https:\/\/www.europesays.com\/es\/246542\/","title":{"rendered":"El desempleo subi\u00f3 en EEUU en septiembre pese a que aumentaron las contrataciones"},"content":{"rendered":"<p>    <img src=\"https:\/\/www.europesays.com\/es\/wp-content\/uploads\/2025\/11\/2025-11-20T143A393A50Z-90403778.jpg\" width=\"1024\" height=\"682\" alt=\"\" loading=\"eager\" decoding=\"sync\" fetchpriority=\"high\"\/><\/p>\n<p>            afp_tickers        <\/p>\n<p>        Este contenido fue publicado en    <\/p>\n<p>        20 noviembre 2025 &#8211; 15:39\n<\/p>\n<p>El mercado laboral continu\u00f3 deterior\u00e1ndose en septiembre en Estados Unidos, con una tasa de desocupaci\u00f3n que alcanz\u00f3 el 4,4%, seg\u00fan datos publicados este jueves por el Departamento de Trabajo, con m\u00e1s de seis semanas de retraso debido al cierre del gobierno.\u00a0<\/p>\n<p>La creaci\u00f3n de empleo, sin embargo, super\u00f3 las expectativas para ese mes, al registrar 119.000 nuevos puestos de trabajo. La cifra excedi\u00f3 significativamente las previsiones de los analistas, que estimaban 52.000 nuevos empleos para septiembre, seg\u00fan el consenso publicado por MarketWatch.\u00a0<\/p>\n<p>El servicio de estad\u00edsticas del Departamento de Trabajo aprovech\u00f3 la oportunidad para revisar los datos de agosto, estimando ahora que ese mes se perdieron 4.000 empleos, en lugar de la creaci\u00f3n de 22.000 puestos proyectada inicialmente.\u00a0<\/p>\n<p>En agosto, la tasa de desempleo hab\u00eda sido de 4,3%.<\/p>\n<p>Las estad\u00edsticas de septiembre deb\u00edan haberse publicado a mediados de octubre, pero el cierre del gobierno durante 43 d\u00edas por falta de acuerdo pol\u00edtico sobre el presupuesto lo impidi\u00f3.\u00a0<\/p>\n<p>El Departamento de Trabajo ya anunci\u00f3 que no podr\u00e1 difundir los datos correspondientes a octubre, porque las encuestas no pudieron realizarse debido al cierre.\u00a0<\/p>\n<p>Por lo tanto, el informe de septiembre ser\u00e1 el \u00faltimo que se publique antes de la pr\u00f3xima reuni\u00f3n de la Reserva Federal (Fed), programada para principios de diciembre.\u00a0<\/p>\n<p>En esa reuni\u00f3n, el comit\u00e9 monetario (FOMC) debe determinar si recorta nuevamente las tasas de inter\u00e9s.\u00a0<\/p>\n<p>Durante el \u00faltimo a\u00f1o, la tasa de desempleo creci\u00f3 de 4,1% al 4,4%, con casi 700.000 personas m\u00e1s sin trabajo en comparaci\u00f3n con septiembre de 2024.\u00a0<\/p>\n<p>els\/dg\/mel<\/p>\n","protected":false},"excerpt":{"rendered":"afp_tickers Este contenido fue publicado en 20 noviembre 2025 &#8211; 15:39 El mercado laboral continu\u00f3 deterior\u00e1ndose en septiembre&hellip;\n","protected":false},"author":2,"featured_media":246543,"comment_status":"","ping_status":"","sticky":false,"template":"","format":"standard","meta":{"footnotes":""},"categories":[80],"tags":[82,95,9516,94,84,10018,25,24,10021,87,23,90,34360,5722],"class_list":{"0":"post-246542","1":"post","2":"type-post","3":"status-publish","4":"format-standard","5":"has-post-thumbnail","7":"category-economia","8":"tag-business","9":"tag-economia","10":"tag-economic-indicator","11":"tag-economy","12":"tag-economy-general","13":"tag-employment","14":"tag-es","15":"tag-espana","16":"tag-labor-market","17":"tag-macro-economics","18":"tag-spain","19":"tag-ticker","20":"tag-unemployment","21":"tag-work"},"share_on_mastodon":{"url":"https:\/\/pubeurope.com\/@es\/115582737899113898","error":""},"_links":{"self":[{"href":"https:\/\/www.europesays.com\/es\/wp-json\/wp\/v2\/posts\/246542","targetHints":{"allow":["GET"]}}],"collection":[{"href":"https:\/\/www.europesays.com\/es\/wp-json\/wp\/v2\/posts"}],"about":[{"href":"https:\/\/www.europesays.com\/es\/wp-json\/wp\/v2\/types\/post"}],"author":[{"embeddable":true,"href":"https:\/\/www.europesays.com\/es\/wp-json\/wp\/v2\/users\/2"}],"replies":[{"embeddable":true,"href":"https:\/\/www.europesays.com\/es\/wp-json\/wp\/v2\/comments?post=246542"}],"version-history":[{"count":0,"href":"https:\/\/www.europesays.com\/es\/wp-json\/wp\/v2\/posts\/246542\/revisions"}],"wp:featuredmedia":[{"embeddable":true,"href":"https:\/\/www.europesays.com\/es\/wp-json\/wp\/v2\/media\/246543"}],"wp:attachment":[{"href":"https:\/\/www.europesays.com\/es\/wp-json\/wp\/v2\/media?parent=246542"}],"wp:term":[{"taxonomy":"category","embeddable":true,"href":"https:\/\/www.europesays.com\/es\/wp-json\/wp\/v2\/categories?post=246542"},{"taxonomy":"post_tag","embeddable":true,"href":"https:\/\/www.europesays.com\/es\/wp-json\/wp\/v2\/tags?post=246542"}],"curies":[{"name":"wp","href":"https:\/\/api.w.org\/{rel}","templated":true}]}}