{"id":246546,"date":"2025-11-20T15:30:14","date_gmt":"2025-11-20T15:30:14","guid":{"rendered":"https:\/\/www.europesays.com\/es\/246546\/"},"modified":"2025-11-20T15:30:14","modified_gmt":"2025-11-20T15:30:14","slug":"la-defensa-de-pujol-pide-que-no-sea-juzgado-en-la-audiencia-nacional-por-su-salud","status":"publish","type":"post","link":"https:\/\/www.europesays.com\/es\/246546\/","title":{"rendered":"La defensa de Pujol pide que no sea juzgado en la Audiencia Nacional por su salud"},"content":{"rendered":"<p>A cuatro d\u00edas para que comience el juicio en Madrid contra <strong>Jordi Pujol y su familia<\/strong>, la defensa del expresident de la Generalitat de Catalu\u00f1a ha recurrido la decisi\u00f3n de la <strong>Audiencia Nacional<\/strong> de citarlo, por videoconferencia, para examinar su estado de salud, aduciendo que \u00ab<strong>no est\u00e1 en condiciones de ser juzgado<\/strong>\u00ab. <\/p>\n<p>En sus alegaciones, presentadas este jueves por el abogado del expresident, Crist\u00f3bal Martell, insiste en que se debe archivar la causa contra \u00e9l por \u00ab<strong>el deterioro cognitivo que sufre<\/strong>,\u00bb pero anuncia que, sea cual sea la decisi\u00f3n final del tribunal, no lo va a recurrir.<\/p>\n<p>El abogado recuerda que el Pujol, de <strong>95 a\u00f1os<\/strong> y que est\u00e1 <strong>hospitalizado por una neumon\u00eda en una cl\u00ednica de Barcelona<\/strong>, no puede ni debe desplazarse a la Audiencia Nacional para ser explorado, por lo que comparecer\u00e1 por videoconferencia si el tribunal se reafirma en que quiere examinarlo directamente. <\/p>\n<p>La defensa se apoya en el dictamen de los forenses que la semana pasada examinaron a Pujol y que concluye que el expresident sufre un \u00abdeterioro cognitivo moderado\u00bb, por lo que no est\u00e1 \u00aben condiciones\u00bb de comparecer en el juicio ni dispone de la \u00abcapacidad procesal\u00bb para defenderse.<\/p>\n<p>Pujol, junto a sus siete hijos, est\u00e1 a las puertas de afrontar el juicio por <strong>el origen de su fortuna oculta<\/strong>, que tiene que arrancar el pr\u00f3ximo lunes.<\/p>\n<p>La <strong>Fiscal\u00eda Anticorrupci\u00f3n<\/strong> pide nueve a\u00f1os de c\u00e1rcel para el exjefe del Govern, al que acusa de enriquecerse junto a su familia con comisiones ilegales pagadas por empresarios afines a Converg\u00e8ncia Democr\u00e0tica de Catalunya a cambio de obra p\u00fablica, hasta amasar la fortuna que ten\u00edan oculta en Andorra. <\/p>\n","protected":false},"excerpt":{"rendered":"A cuatro d\u00edas para que comience el juicio en Madrid contra Jordi Pujol y su familia, la defensa&hellip;\n","protected":false},"author":2,"featured_media":246547,"comment_status":"","ping_status":"","sticky":false,"template":"","format":"standard","meta":{"footnotes":""},"categories":[8],"tags":[17,18,25,24,13,14,11,19,20,9,10,15,16,23,12,21,22],"class_list":{"0":"post-246546","1":"post","2":"type-post","3":"status-publish","4":"format-standard","5":"has-post-thumbnail","7":"category-espana","8":"tag-breaking-news","9":"tag-breakingnews","10":"tag-es","11":"tag-espana","12":"tag-featured-news","13":"tag-featurednews","14":"tag-headlines","15":"tag-latest-news","16":"tag-latestnews","17":"tag-news","18":"tag-noticias","19":"tag-noticias-destacadas","20":"tag-noticiasdestacadas","21":"tag-spain","22":"tag-titulares","23":"tag-ultimas-noticias","24":"tag-ultimasnoticias"},"share_on_mastodon":{"url":"https:\/\/pubeurope.com\/@es\/115582744861576622","error":""},"_links":{"self":[{"href":"https:\/\/www.europesays.com\/es\/wp-json\/wp\/v2\/posts\/246546","targetHints":{"allow":["GET"]}}],"collection":[{"href":"https:\/\/www.europesays.com\/es\/wp-json\/wp\/v2\/posts"}],"about":[{"href":"https:\/\/www.europesays.com\/es\/wp-json\/wp\/v2\/types\/post"}],"author":[{"embeddable":true,"href":"https:\/\/www.europesays.com\/es\/wp-json\/wp\/v2\/users\/2"}],"replies":[{"embeddable":true,"href":"https:\/\/www.europesays.com\/es\/wp-json\/wp\/v2\/comments?post=246546"}],"version-history":[{"count":0,"href":"https:\/\/www.europesays.com\/es\/wp-json\/wp\/v2\/posts\/246546\/revisions"}],"wp:featuredmedia":[{"embeddable":true,"href":"https:\/\/www.europesays.com\/es\/wp-json\/wp\/v2\/media\/246547"}],"wp:attachment":[{"href":"https:\/\/www.europesays.com\/es\/wp-json\/wp\/v2\/media?parent=246546"}],"wp:term":[{"taxonomy":"category","embeddable":true,"href":"https:\/\/www.europesays.com\/es\/wp-json\/wp\/v2\/categories?post=246546"},{"taxonomy":"post_tag","embeddable":true,"href":"https:\/\/www.europesays.com\/es\/wp-json\/wp\/v2\/tags?post=246546"}],"curies":[{"name":"wp","href":"https:\/\/api.w.org\/{rel}","templated":true}]}}