{"id":246548,"date":"2025-11-20T15:31:20","date_gmt":"2025-11-20T15:31:20","guid":{"rendered":"https:\/\/www.europesays.com\/es\/246548\/"},"modified":"2025-11-20T15:31:20","modified_gmt":"2025-11-20T15:31:20","slug":"montilla-activa-un-dispositivo-de-seguridad-coordinado-para-la-campana-de-aceituna","status":"publish","type":"post","link":"https:\/\/www.europesays.com\/es\/246548\/","title":{"rendered":"Montilla activa un dispositivo de seguridad coordinado para la campa\u00f1a de aceituna"},"content":{"rendered":"<p style=\"text-align: justify\"><strong>La reuni\u00f3n entre Ayuntamiento, Polic\u00eda Local, Guardia Civil y representantes del sector agrario ha permitido presentar el plan especial de vigilancia para la campa\u00f1a, que refuerza la prevenci\u00f3n en el campo e incorpora como novedad el nuevo Servicio Mancomunado de Vigilancia de Caminos. <\/strong><\/p>\n<p style=\"text-align: justify\">El Ayuntamiento de Montilla ha celebrado hoy en la Sala de Comisiones la reuni\u00f3n informativa sobre el dispositivo de seguridad coordinado para la campa\u00f1a aceitunera, con la intervenci\u00f3n del alcalde de Montilla, Rafael Llamas, acompa\u00f1ado por el concejal de Seguridad Ciudadana, Valeriano Rosales. El encuentro cont\u00f3 tambi\u00e9n con la participaci\u00f3n de Polic\u00eda Local, representantes de la Guardia Civil, cooperativas, almazaras, empresas de compra de aceituna y miembros del Consejo Local Agrario.<\/p>\n<p style=\"text-align: justify\">En su intervenci\u00f3n, el alcalde de Montilla, Rafael Llamas, subray\u00f3 la importancia de esta coordinaci\u00f3n, afirmando que \u201cla campa\u00f1a de la aceituna es esencial para la econom\u00eda montillana y la cooperaci\u00f3n entre Ayuntamiento, fuerzas de seguridad y sector agrario es fundamental para garantizar la tranquilidad y la protecci\u00f3n de todas las personas que trabajan en el campo\u201d.<\/p>\n<p style=\"text-align: justify\">A continuaci\u00f3n, el concejal de Seguridad Ciudadana, Valeriano Rosales, explic\u00f3 que el dispositivo municipal \u201cpone el acento en la prevenci\u00f3n y en la comunicaci\u00f3n directa con agricultores y cooperativas, una herramienta clave para anticiparnos a los posibles riesgos\u201d.<\/p>\n<p style=\"text-align: justify\">La Guardia Civil detall\u00f3 el despliegue operativo previsto, que incluye efectivos de Seguridad Ciudadana, el equipo ROCA del SEPRONA, la Unidad de Helic\u00f3pteros y la Agrupaci\u00f3n de Tr\u00e1fico. En el \u00e1mbito urbano, este plan se complementar\u00e1 con la labor de la Polic\u00eda Local, reforzando la vigilancia coordinada y mejorando la capacidad de respuesta ante cualquier incidencia.<\/p>\n<p style=\"text-align: justify\">Durante el encuentro se trasladaron recomendaciones como trasladar la aceituna recolectada a la mayor brevedad posible, evitar dejar maquinaria o utensilios en los m\u00e1rgenes de caminos o zonas exteriores, identificar la maquinaria mediante fotograf\u00edas y marcas visibles y portar siempre el Documento de Acompa\u00f1amiento de Transporte (DAT).<\/p>\n<p style=\"text-align: justify\">Tanto Polic\u00eda Local como Guardia Civil insistieron en la importancia de denunciar cualquier robo, aunque sea de poca cuant\u00eda, y de comunicar movimientos sospechosos a trav\u00e9s del tel\u00e9fono 062 o la aplicaci\u00f3n ALERTCOPS.<\/p>\n<p style=\"text-align: justify\">Como novedad este a\u00f1o, se present\u00f3 el Servicio Mancomunado de Vigilancia de Caminos, impulsado por la Mancomunidad de Municipios Campi\u00f1a Sur Cordobesa, una iniciativa pionera destinada a reforzar la seguridad en los caminos rurales, proteger el patrimonio viario y complementar el trabajo conjunto de Polic\u00eda Local y Guardia Civil.<\/p>\n<p style=\"text-align: justify\">Desde el Consistorio se agradeci\u00f3 la participaci\u00f3n de todas las entidades asistentes y se reiter\u00f3 el compromiso municipal de acompa\u00f1ar al sector agrario durante toda la campa\u00f1a para garantizar un entorno seguro y un desarrollo eficiente de la recolecci\u00f3n.<\/p>\n","protected":false},"excerpt":{"rendered":"La reuni\u00f3n entre Ayuntamiento, Polic\u00eda Local, Guardia Civil y representantes del sector agrario ha permitido presentar el plan&hellip;\n","protected":false},"author":2,"featured_media":246549,"comment_status":"","ping_status":"","sticky":false,"template":"","format":"standard","meta":{"footnotes":""},"categories":[5],"tags":[17,18,25,24,13,14,11,19,20,9,10,15,16,23,12,21,22],"class_list":{"0":"post-246548","1":"post","2":"type-post","3":"status-publish","4":"format-standard","5":"has-post-thumbnail","7":"category-titulares","8":"tag-breaking-news","9":"tag-breakingnews","10":"tag-es","11":"tag-espana","12":"tag-featured-news","13":"tag-featurednews","14":"tag-headlines","15":"tag-latest-news","16":"tag-latestnews","17":"tag-news","18":"tag-noticias","19":"tag-noticias-destacadas","20":"tag-noticiasdestacadas","21":"tag-spain","22":"tag-titulares","23":"tag-ultimas-noticias","24":"tag-ultimasnoticias"},"share_on_mastodon":{"url":"https:\/\/pubeurope.com\/@es\/115582748784474008","error":""},"_links":{"self":[{"href":"https:\/\/www.europesays.com\/es\/wp-json\/wp\/v2\/posts\/246548","targetHints":{"allow":["GET"]}}],"collection":[{"href":"https:\/\/www.europesays.com\/es\/wp-json\/wp\/v2\/posts"}],"about":[{"href":"https:\/\/www.europesays.com\/es\/wp-json\/wp\/v2\/types\/post"}],"author":[{"embeddable":true,"href":"https:\/\/www.europesays.com\/es\/wp-json\/wp\/v2\/users\/2"}],"replies":[{"embeddable":true,"href":"https:\/\/www.europesays.com\/es\/wp-json\/wp\/v2\/comments?post=246548"}],"version-history":[{"count":0,"href":"https:\/\/www.europesays.com\/es\/wp-json\/wp\/v2\/posts\/246548\/revisions"}],"wp:featuredmedia":[{"embeddable":true,"href":"https:\/\/www.europesays.com\/es\/wp-json\/wp\/v2\/media\/246549"}],"wp:attachment":[{"href":"https:\/\/www.europesays.com\/es\/wp-json\/wp\/v2\/media?parent=246548"}],"wp:term":[{"taxonomy":"category","embeddable":true,"href":"https:\/\/www.europesays.com\/es\/wp-json\/wp\/v2\/categories?post=246548"},{"taxonomy":"post_tag","embeddable":true,"href":"https:\/\/www.europesays.com\/es\/wp-json\/wp\/v2\/tags?post=246548"}],"curies":[{"name":"wp","href":"https:\/\/api.w.org\/{rel}","templated":true}]}}