{"id":246550,"date":"2025-11-20T15:36:08","date_gmt":"2025-11-20T15:36:08","guid":{"rendered":"https:\/\/www.europesays.com\/es\/246550\/"},"modified":"2025-11-20T15:36:08","modified_gmt":"2025-11-20T15:36:08","slug":"copa-davis-en-directo-espana-chequia-cuartos-de-final-en-vivo-online","status":"publish","type":"post","link":"https:\/\/www.europesays.com\/es\/246550\/","title":{"rendered":"Copa Davis en directo: Espa\u00f1a &#8211; Chequia, cuartos de final en vivo online"},"content":{"rendered":"<p>Sab\u00edamos que Lehecka se adapta muy bien a esta superficie, \u00e9l es mejor jugador en indoor. Sin embargo, no deja de ser un partido de\u00a0la Copa Davis. Me sent\u00eda bien, he salido con confianza al partido y al final he conseguido ganar.\u00a0<\/p>\n<p>Las claves han sido mi saque y la experiencia que tuve en Marbella. Fue un severo correctivo, menospreciaba los sentimientos de la\u00a0competici\u00f3n y creo que eso ha sido muy importante hoy para sacar adelante el partido. En la Davis, las emociones est\u00e1n a flor de piel desde principio hasta el final y tienes que convivir con ello. He trabajado mucho en ese aspecto\u00a0estos meses.\u00a0<\/p>\n<p>Marcel Granollers y Pedro Mart\u00ednez tienen muy claro lo que deben hacer y yo tengo mucha confianza en ellos dos.<\/p>\n<p>Jaume Munar, Tenista de la Selecci\u00f3n<\/p>\n","protected":false},"excerpt":{"rendered":"Sab\u00edamos que Lehecka se adapta muy bien a esta superficie, \u00e9l es mejor jugador en indoor. Sin embargo,&hellip;\n","protected":false},"author":2,"featured_media":246551,"comment_status":"","ping_status":"","sticky":false,"template":"","format":"standard","meta":{"footnotes":""},"categories":[274],"tags":[168,25,24,23,167,327,326],"class_list":{"0":"post-246550","1":"post","2":"type-post","3":"status-publish","4":"format-standard","5":"has-post-thumbnail","7":"category-tenis","8":"tag-deportes","9":"tag-es","10":"tag-espana","11":"tag-spain","12":"tag-sports","13":"tag-tenis","14":"tag-tennis"},"share_on_mastodon":{"url":"https:\/\/pubeurope.com\/@es\/115582768661097181","error":""},"_links":{"self":[{"href":"https:\/\/www.europesays.com\/es\/wp-json\/wp\/v2\/posts\/246550","targetHints":{"allow":["GET"]}}],"collection":[{"href":"https:\/\/www.europesays.com\/es\/wp-json\/wp\/v2\/posts"}],"about":[{"href":"https:\/\/www.europesays.com\/es\/wp-json\/wp\/v2\/types\/post"}],"author":[{"embeddable":true,"href":"https:\/\/www.europesays.com\/es\/wp-json\/wp\/v2\/users\/2"}],"replies":[{"embeddable":true,"href":"https:\/\/www.europesays.com\/es\/wp-json\/wp\/v2\/comments?post=246550"}],"version-history":[{"count":0,"href":"https:\/\/www.europesays.com\/es\/wp-json\/wp\/v2\/posts\/246550\/revisions"}],"wp:featuredmedia":[{"embeddable":true,"href":"https:\/\/www.europesays.com\/es\/wp-json\/wp\/v2\/media\/246551"}],"wp:attachment":[{"href":"https:\/\/www.europesays.com\/es\/wp-json\/wp\/v2\/media?parent=246550"}],"wp:term":[{"taxonomy":"category","embeddable":true,"href":"https:\/\/www.europesays.com\/es\/wp-json\/wp\/v2\/categories?post=246550"},{"taxonomy":"post_tag","embeddable":true,"href":"https:\/\/www.europesays.com\/es\/wp-json\/wp\/v2\/tags?post=246550"}],"curies":[{"name":"wp","href":"https:\/\/api.w.org\/{rel}","templated":true}]}}