{"id":246559,"date":"2025-11-20T15:42:16","date_gmt":"2025-11-20T15:42:16","guid":{"rendered":"https:\/\/www.europesays.com\/es\/246559\/"},"modified":"2025-11-20T15:42:16","modified_gmt":"2025-11-20T15:42:16","slug":"marta-ortega-con-linda-evangelista-almodovar-y-c-tangana-en-la-exposicion-de-annie-leibovitz-en-a-coruna","status":"publish","type":"post","link":"https:\/\/www.europesays.com\/es\/246559\/","title":{"rendered":"Marta Ortega, con Linda Evangelista, Almod\u00f3var y C. Tangana en la exposici\u00f3n de Annie Leibovitz en A Coru\u00f1a"},"content":{"rendered":"<p><img loading=\"lazy\" decoding=\"async\" src=\"https:\/\/www.europesays.com\/es\/wp-content\/uploads\/2025\/10\/1760450890_434_100x100_informalia-logo.jpg\" itemtype=\"\/\/schema.org\/ImageObject\" itemprop=\"url\" alt=\"Informalia\" width=\"64\" height=\"64\" pinger-seen=\"true\"\/><\/p>\n<p><b>Comprometida con la cultura, la moda y sus ra\u00edces gallegas, Marta Ortega lo ha vuelto a hacer<\/b>. Tras el \u00e9xito de las exposiciones organizadas por la Fundaci\u00f3n que lleva su nombre, MOP, en los \u00faltimos a\u00f1os -protagonizada por maestros de la fotograf\u00eda como Peter Lindbergh en 2021; Steven Meisel 1993 en 2022; Helmut Newton en 2023; e Irving Penn en 2024-, el Muelle de Bater\u00eda vuelve a abrir sus puertas. Y en esta ocasi\u00f3n con<b> la primera gran retrospectiva en Espa\u00f1a de la ic\u00f3nica Annie Leibovitz, Wonderland<\/b>.<\/p>\n<p>Una exposici\u00f3n que se abre al p\u00fablico el s\u00e1bado 22 de noviembre y que presenta el deslumbrante universo fotogr\u00e1fico de la estadounidense, sumergi\u00e9ndonos en su obra a trav\u00e9s de cuatro secciones diferenciadas que nunca antes se han presentado de forma conjunta en una \u00fanica muestra.<\/p>\n<p>Y este mi\u00e9rcoles, antes de su apertura oficial, <b>Marta Ortega ejerci\u00f3 de anfitriona en una exclusiva preinauguraci\u00f3n privada de la mano de Annie Leibovitz <\/b>a la que asistieron numerosos vips patrios y estrellas internacionales, que vieron en primicia las 100 fotograf\u00edas y los v\u00eddeos -de celebrities del cine, el deporte, el arte&#8230;- que forman esta exposici\u00f3n irrepetible y que puede visitarse hasta el 1 de mayo de 2026.<\/p>\n<p>Adem\u00e1s de la protagonista de la retrospectiva, que ha regresado a Espa\u00f1a tras su visita el pasado febrero para descubrir, junto a los reyes Felipe y Letizia, sus aclamados retratos, hasta A Coru\u00f1a han viajado para la ocasi\u00f3n las tops models <b>Linda Evangelista<\/b>, Natalia Vodianova, Carolyn Murphy, o Jeanne Cadieu; Luca Guadagnino, Karen Elson, Fenton Bailey, Sarah y Philip Andelman, o Piergiorgio del Moro.<\/p>\n<p>                            <img decoding=\"async\" src=\"https:\/\/www.europesays.com\/es\/wp-content\/uploads\/2025\/11\/770x_marta-ortega-linda.jpg\" loading=\"lazy\"\/><\/p>\n<p>                            Annie Leibovitz, Marta Ortega, Linda Evangelista y compa\u00f1\u00eda<\/p>\n<p>Junto a su marido, Carlos Torreta, la presidenta de Inditex tambi\u00e9n ha contado con el apoyo de algunos de los rostros conocidos m\u00e1s populares de nuestro pa\u00eds, como <b>Pedro Almod\u00f3var<\/b>, <b>Eugenia Silva<\/b> -muy recuperada de su reciente operaci\u00f3n por una artritis severa en la cadera-, o <b>C. Tangana <\/b>junto a su novia Roc\u00edo Aguirre, que han elegido la preinuaguraci\u00f3n de Wonderland para reaparecer p\u00fablicamente tras anunciar que est\u00e1n esperando su primer hijo.<\/p>\n<p>                            <img decoding=\"async\" src=\"https:\/\/www.europesays.com\/es\/wp-content\/uploads\/2025\/11\/770x_almodovar-expo.jpg\" loading=\"lazy\"\/><\/p>\n<p>                            Pedro Almod\u00f3var <\/p>\n<p>                            <img decoding=\"async\" src=\"https:\/\/www.europesays.com\/es\/wp-content\/uploads\/2025\/11\/770x_tangana-novia.jpg\" loading=\"lazy\"\/><\/p>\n<p>                            Roc\u00edo Aguirre y C. Tangana<\/p>\n<p>                            <img decoding=\"async\" src=\"https:\/\/www.europesays.com\/es\/wp-content\/uploads\/2025\/11\/770x_marta-ortega-tangana.jpg\" loading=\"lazy\"\/><\/p>\n<p>                            Marta Ortega y C. Tangana <\/p>\n<p>Para esta jornada, Marta Ortega ha escogido un sobrio vestido negro de corte ce\u00f1ido, largo midi, manga francesa y cuello redondo, que ha combinado con unos salones negros cl\u00e1sicos, prescindiendo de m\u00e1s complementos o joyas -al margen de varios anillos-, completando su estilismo con el pelo semirecogido.<\/p>\n<p>WhatsApp<a href=\"https:\/\/api.whatsapp.com\/send?text=https:\/\/www.eleconomista.es\/informalia\/famosos\/noticias\/13653085\/11\/25\/marta-ortega-con-linda-evangelista-almodovar-y-c-tangana-en-la-exposicion-de-annie-leibovitz-en-a-coruna.html?utm_source%3Dwhatsapp%26utm_medium%3Dshare_button&amp;id=1648118629957_whatsapp\" target=\"_blank\" data-action=\"share\/whatsapp\/share\" aria-label=\"Compartir en Whatsapp\" rel=\"nofollow noopener\"><\/a>Facebook<a id=\"fb-share\" href=\"#\" target=\"_blank\" rel=\"noopener noreferrer\" aria-label=\"Compartir en Facebook\"><\/a>Twitter<a href=\"https:\/\/twitter.com\/share?text=Marta+Ortega%2C+con+Linda+Evangelista%2C+Almod%C3%B3var+y+C.+Tangana+en+la+exposici%C3%B3n+de+Annie+Leibovitz+en+A+Coru%C3%B1a&amp;url=https:\/\/www.eleconomista.es\/informalia\/famosos\/noticias\/13653085\/11\/25\/marta-ortega-con-linda-evangelista-almodovar-y-c-tangana-en-la-exposicion-de-annie-leibovitz-en-a-coruna.html&amp;via=Informalia&amp;id=1648118839245_twitter\" target=\"_blank\" aria-label=\"Compartir en Twitter\" rel=\"nofollow noopener\"><\/a>Linkedin<a onclick=\"return abrirLinkedin();\" href=\"https:\/\/www.linkedin.com\/shareArticle?text=Marta+Ortega%2C+con+Linda+Evangelista%2C+Almod%C3%B3var+y+C.+Tangana+en+la+exposici%C3%B3n+de+Annie+Leibovitz+en+A+Coru%C3%B1a&amp;url=https:\/\/www.eleconomista.es\/informalia\/famosos\/noticias\/13653085\/11\/25\/marta-ortega-con-linda-evangelista-almodovar-y-c-tangana-en-la-exposicion-de-annie-leibovitz-en-a-coruna.html&amp;mini=true\" target=\"_blank\" aria-label=\"Compartir en linkedin\" rel=\"nofollow noopener\"><\/a>Beloud<a href=\"https:\/\/beloud.com\/share?text=Marta+Ortega%2C+con+Linda+Evangelista%2C+Almod%C3%B3var+y+C.+Tangana+en+la+exposici%C3%B3n+de+Annie+Leibovitz+en+A+Coru%C3%B1a&amp;url=https:\/\/www.eleconomista.es\/informalia\/famosos\/noticias\/13653085\/11\/25\/marta-ortega-con-linda-evangelista-almodovar-y-c-tangana-en-la-exposicion-de-annie-leibovitz-en-a-coruna.html&amp;via=Informalia&amp;id=1648118839245_beloud\" target=\"_blank\" aria-label=\"Compartir en beloud\" rel=\"nofollow noopener\"><\/a>Bluesky<a href=\"https:\/\/bsky.app\/intent\/compose?text=https:\/\/bsky.app\/intent\/compose?text=https:\/\/www.eleconomista.es\/informalia\/famosos\/noticias\/13653085\/11\/25\/marta-ortega-con-linda-evangelista-almodovar-y-c-tangana-en-la-exposicion-de-annie-leibovitz-en-a-coruna.html&amp;url=https:\/\/www.eleconomista.es\/informalia\/famosos\/noticias\/13653085\/11\/25\/marta-ortega-con-linda-evangelista-almodovar-y-c-tangana-en-la-exposicion-de-annie-leibovitz-en-a-coruna.html&amp;via=elEconomistaes&amp;id=1648118839245_bluesky\" target=\"_blank\" aria-label=\"Compartir en bluesky\" rel=\"nofollow noopener\"><\/a><\/p>\n<p><script async src=\"https:\/\/platform.twitter.com\/widgets.js\" charset=\"utf-8\"><\/script><\/p>\n","protected":false},"excerpt":{"rendered":"Comprometida con la cultura, la moda y sus ra\u00edces gallegas, Marta Ortega lo ha vuelto a hacer. Tras&hellip;\n","protected":false},"author":2,"featured_media":246560,"comment_status":"","ping_status":"","sticky":false,"template":"","format":"standard","meta":{"footnotes":""},"categories":[173],"tags":[229,233,231,230,232,234,146,147,25,24,260,23],"class_list":{"0":"post-246559","1":"post","2":"type-post","3":"status-publish","4":"format-standard","5":"has-post-thumbnail","7":"category-arte-y-diseno","8":"tag-arte","9":"tag-arte-y-diseno","10":"tag-arts","11":"tag-arts-and-design","12":"tag-design","13":"tag-diseno","14":"tag-entertainment","15":"tag-entretenimiento","16":"tag-es","17":"tag-espana","18":"tag-gente","19":"tag-spain"},"share_on_mastodon":{"url":"https:\/\/pubeurope.com\/@es\/115582792438011349","error":""},"_links":{"self":[{"href":"https:\/\/www.europesays.com\/es\/wp-json\/wp\/v2\/posts\/246559","targetHints":{"allow":["GET"]}}],"collection":[{"href":"https:\/\/www.europesays.com\/es\/wp-json\/wp\/v2\/posts"}],"about":[{"href":"https:\/\/www.europesays.com\/es\/wp-json\/wp\/v2\/types\/post"}],"author":[{"embeddable":true,"href":"https:\/\/www.europesays.com\/es\/wp-json\/wp\/v2\/users\/2"}],"replies":[{"embeddable":true,"href":"https:\/\/www.europesays.com\/es\/wp-json\/wp\/v2\/comments?post=246559"}],"version-history":[{"count":0,"href":"https:\/\/www.europesays.com\/es\/wp-json\/wp\/v2\/posts\/246559\/revisions"}],"wp:featuredmedia":[{"embeddable":true,"href":"https:\/\/www.europesays.com\/es\/wp-json\/wp\/v2\/media\/246560"}],"wp:attachment":[{"href":"https:\/\/www.europesays.com\/es\/wp-json\/wp\/v2\/media?parent=246559"}],"wp:term":[{"taxonomy":"category","embeddable":true,"href":"https:\/\/www.europesays.com\/es\/wp-json\/wp\/v2\/categories?post=246559"},{"taxonomy":"post_tag","embeddable":true,"href":"https:\/\/www.europesays.com\/es\/wp-json\/wp\/v2\/tags?post=246559"}],"curies":[{"name":"wp","href":"https:\/\/api.w.org\/{rel}","templated":true}]}}