{"id":246561,"date":"2025-11-20T15:44:13","date_gmt":"2025-11-20T15:44:13","guid":{"rendered":"https:\/\/www.europesays.com\/es\/246561\/"},"modified":"2025-11-20T15:44:13","modified_gmt":"2025-11-20T15:44:13","slug":"de-buffy-a-malcolm-in-the-middle-todos-los-lanzamientos-de-shows-clasicos-de-la-tv","status":"publish","type":"post","link":"https:\/\/www.europesays.com\/es\/246561\/","title":{"rendered":"De \u00abBuffy\u00bb a \u00abMalcolm in the Middle\u00bb: todos los lanzamientos de shows cl\u00e1sicos de la TV"},"content":{"rendered":"<p>      CNN Espa\u00f1ol<br \/>\n        \u00a0\u2014\u00a0<\/p>\n<p class=\"paragraph inline-placeholder vossi-paragraph\" data-uri=\"es.cms.cnn.com\/_components\/paragraph\/instances\/cmi60cj7g001k25p3dffnaom8@published\" data-editable=\"text\" data-component-name=\"paragraph\" data-article-gutter=\"true\">\n            Pese a su juventud, los <a href=\"https:\/\/cnnespanol.cnn.com\/2025\/04\/27\/eeuu\/millennials-consejos-generacion-z-primera-recesion-trax\" rel=\"nofollow noopener\" target=\"_blank\">millennials<\/a> tambi\u00e9n sienten nostalgia. Esa generaci\u00f3n nacida entre 1981 y 2000 tiene a\u00f1oranza por <a href=\"https:\/\/www.nbcnews.com\/pop-culture\/pop-culture-news\/millennial-nostalgia-returns-backstreet-boys-the-sphere-dawsons-creek-rcna222040\" target=\"_blank\" rel=\"nofollow noopener\">series y pel\u00edculas que vieron de peque\u00f1os<\/a>, juguetes e incluso tiendas que ya no existen.\n    <\/p>\n<p class=\"paragraph inline-placeholder vossi-paragraph\" data-uri=\"es.cms.cnn.com\/_components\/paragraph\/instances\/cmi79npg10000356n4cbflx91@published\" data-editable=\"text\" data-component-name=\"paragraph\" data-article-gutter=\"true\">\n            Quiz\u00e1s esa nostalgia por las series de TV que eran populares al inicio del siglo XXI explique el relanzamiento de t\u00edtulos cl\u00e1sicos como \u201c<a href=\"https:\/\/www.imdb.com\/title\/tt0118276\/?ref_=nv_sr_srsg_0_tt_4_nm_4_in_0_q_Buffy\" target=\"_blank\" rel=\"nofollow noopener\">Buffy the Vampire Slayer<\/a>\u201d (1997-2003), \u201c<a href=\"https:\/\/cnnespanol.cnn.com\/2025\/02\/11\/entretenimiento\/frankie-muniz-opinion-personaje-malcolm-trax\" rel=\"nofollow noopener\" target=\"_blank\">Malcolm in the Middle<\/a>\u201d (2000-2006) y \u201c<a href=\"https:\/\/www.imdb.com\/title\/tt0285403\/?ref_=nv_sr_srsg_0_tt_7_nm_1_in_0_q_Scrubs\" target=\"_blank\" rel=\"nofollow noopener\">Scrubs<\/a>\u201d (2001-2010). Esos t\u00edtulos, entre otros, ser\u00e1n relanzadas con nuevos episodios que fueron grabados recientemente.\n    <\/p>\n<p class=\"paragraph inline-placeholder vossi-paragraph\" data-uri=\"es.cms.cnn.com\/_components\/paragraph\/instances\/cmi7a1d5u000f356n8pocgsk6@published\" data-editable=\"text\" data-component-name=\"paragraph\" data-article-gutter=\"true\">\n            Las tres series m\u00e1s notables de esta tendencia son \u201cMalcolm in the Middle\u201d, que vuelve a las pantallas en la primavera de 2026, con el regreso de Bryan Cranston (\u201c<a href=\"https:\/\/cnnespanol.cnn.com\/2022\/08\/15\/better-call-saul-final-breaking-bad-trax\" rel=\"nofollow noopener\" target=\"_blank\">Breaking Bad<\/a>\u201d) y Frankie Muniz y el resto del elenco original (menos Erik Per Sullivan, quien interpretaba a Dewey); \u201cScrubs\u201d, que emitir\u00e1 nuevos episodios el 25 de febrero de 2026 en la cadena ABC; y \u201cBuffy the Vampire Slayer\u201d (conocida en Latinoam\u00e9rica como \u201cBuffy, la Cazavampiros\u201d), que tendr\u00e1 una secuela titulada \u201c<a href=\"https:\/\/www.imdb.com\/title\/tt35664058\/?ref_=nm_flmg_job_1_accord_1_unrel_cdt_t_1\" target=\"_blank\" rel=\"nofollow noopener\">Buffy the Vampire Slayer: New Sunnydale<\/a>\u201d con la vuelta de su protagonista, Sarah Michelle Gellar, en un proyecto que cuenta con un episodio dirigido por la ganadora del premio Oscar a mejor director de 2021 Chlo\u00e9 Zhao (\u201cNomadland\u201d). El relanzamiento de \u201cBuffy\u201d est\u00e1 previsto para 2026 en la plataforma Hulu.\n    <\/p>\n<p class=\"paragraph inline-placeholder vossi-paragraph\" data-uri=\"es.cms.cnn.com\/_components\/paragraph\/instances\/cmi7c10mk000r356nff0kphdx@published\" data-editable=\"text\" data-component-name=\"paragraph\" data-article-gutter=\"true\">\n            Frankie Muniz public\u00f3 el 17 de mayo en X que acababa de terminar el rodaje del \u201creboot\u201d de \u201cMalcolm in the Middle\u201d y que todav\u00eda estaba asimilando lo ocurrido.\n    <\/p>\n<p class=\"paragraph inline-placeholder vossi-paragraph\" data-uri=\"es.cms.cnn.com\/_components\/paragraph\/instances\/cmi7h0rft0002356n6ye22k0r@published\" data-editable=\"text\" data-component-name=\"paragraph\" data-article-gutter=\"true\">\n            \u201cEsta experiencia fue realmente incre\u00edble, como volver al loco mundo de Malcolm, pero con todo el amor y el caos llevados al m\u00e1ximo. Reencontrarme con el elenco, conocer a algunos personajes nuevos, re\u00edr hasta que doliera y crear nuevos recuerdos en el set fue como un sue\u00f1o del que no quer\u00eda despertar. Pas\u00f3 tan r\u00e1pido, como una r\u00e1faga de momentos perfectos. Ojal\u00e1 pudiera durar para siempre\u201d, dijo.\n    <\/p>\n<blockquote class=\"twitter__tweet\">\n<blockquote class=\"twitter-tweet\">\n<p lang=\"en\" dir=\"ltr\">Just wrapped filming the Malcolm in the Middle reboot, and man, I\u2019m still reeling. This experience was straight-up incredible\u2014like stepping back into Malcolm\u2019s wild world but with all the love and chaos cranked to 11. Reuniting with the cast, getting to know some new characters,\u2026 <a href=\"https:\/\/t.co\/Emdw8GXxTA\" target=\"_blank\" rel=\"nofollow\">pic.twitter.com\/Emdw8GXxTA<\/a><\/p>\n<p>\u2014 Frankie Muniz (@frankiemuniz) <a href=\"https:\/\/twitter.com\/frankiemuniz\/status\/1923499180288364743?ref_src=twsrc%5Etfw\" target=\"_blank\" rel=\"nofollow noopener\">May 16, 2025<\/a><\/p><\/blockquote>\n<\/blockquote>\n<p class=\"paragraph inline-placeholder vossi-paragraph\" data-uri=\"es.cms.cnn.com\/_components\/paragraph\/instances\/cmi7cmgib0012356ns5l8m2i0@published\" data-editable=\"text\" data-component-name=\"paragraph\" data-article-gutter=\"true\">\n            Tal como ocurre con algunas canciones de d\u00e9cadas pasadas que vuelven a ponerse de moda \u2014como sucedi\u00f3 con <a href=\"https:\/\/google.com\/search?q=Running+Up+that+Hill+cnn+espa\u00f1ol&amp;rlz=1C1GCCA_enAR1140US1140&amp;oq=Running+Up+that+Hill+cnn+espa\u00f1ol&amp;gs_lcrp=EgZjaHJvbWUyCQgAEEUYORigATIHCAEQIRigATIHCAIQIRigAdIBCDUyNTVqMGo3qAIAsAIA&amp;sourceid=chrome&amp;ie=UTF-8\" target=\"_blank\" rel=\"nofollow noopener\">\u201cRunning Up that Hill\u201d<\/a>, de 1985, que se volvi\u00f3 viral tras aparecer en un episodio de la temporada 4 de \u201cStranger Things\u201d\u2014, TikTok ha sido una plataforma esencial para difundir la nostalgia por la TV del 2000 entre los millennials y la generaci\u00f3n Z.\n    <\/p>\n<p class=\"paragraph inline-placeholder vossi-paragraph\" data-uri=\"es.cms.cnn.com\/_components\/paragraph\/instances\/cmi7d9eg00019356npznmb27i@published\" data-editable=\"text\" data-component-name=\"paragraph\" data-article-gutter=\"true\">\n            Las plataformas de streaming se apuntaron a esta tendencia en sus inicios, como explic\u00f3 la revista <a href=\"https:\/\/variety.com\/2025\/tv\/news\/scrubs-buffy-malcolm-reboots-millennial-nostalgia-1236572892\/\" target=\"_blank\" rel=\"nofollow noopener\">Variety<\/a> al mencionar que Netflix estren\u00f3 los relanzamientos de \u201cArrested Development\u201d, \u201cFuller House\u201d y \u201cGilmore Girls: A Year in the Life\u201d buscando apelar a la nostalgia de los espectadores.\n    <\/p>\n<p class=\"paragraph inline-placeholder vossi-paragraph\" data-uri=\"es.cms.cnn.com\/_components\/paragraph\/instances\/cmi7dm62a001w356nqec8gu8u@published\" data-editable=\"text\" data-component-name=\"paragraph\" data-article-gutter=\"true\">\n            Y todo indica que hay p\u00fablico para estos \u201creboots\u201d y para programas especiales que re\u00fanen a los elencos originales, como sucedi\u00f3 con \u201c<a href=\"https:\/\/cnnespanol.cnn.com\/2021\/05\/26\/friends-the-reunion-cumple-nostalgia-trax\" rel=\"nofollow noopener\" target=\"_blank\">Friends: The Reunion<\/a>\u201d, en 2021, y ahora, con el 30 aniversario de la serie, \u201cEverybody Loves Raymond\u201d, que CBS emitir\u00e1 este 24 de noviembre.\n    <\/p>\n<p>       <img decoding=\"async\" src=\"https:\/\/www.europesays.com\/es\/wp-content\/uploads\/2025\/11\/buffy-vampire-slayer.jpg\" alt=\"El elenco original de la serie \" buffy=\"\" the=\"\" vampire=\"\" slayer=\"\" emitida=\"\" entre=\"\" y=\"\" class=\"image_expandable__dam-img image_expandable__dam-img--loading\" onload=\"this.classList.remove('image_expandable__dam-img--loading')\" onerror=\"imageLoadError(this)\" height=\"578\" width=\"594\" loading=\"lazy\"\/><\/p>\n<p class=\"paragraph inline-placeholder vossi-paragraph\" data-uri=\"es.cms.cnn.com\/_components\/paragraph\/instances\/cmi7demcs001c356nt6zjvpdt@published\" data-editable=\"text\" data-component-name=\"paragraph\" data-article-gutter=\"true\">\n            Stephanie Harlow, de la firma consultora de marketing GWI, explic\u00f3 en un <a href=\"https:\/\/www.gwi.com\/blog\/nostalgia-trend\" target=\"_blank\" rel=\"nofollow noopener\">informe p\u00fablico de tendencias<\/a> que, si bien todas las generaciones sienten nostalgia, son los m\u00e1s j\u00f3venes los que impulsan esta a\u00f1oranza ahora en la cultura pop: \u201cLa generaci\u00f3n Z es la m\u00e1s nost\u00e1lgica, con un 15 % que prefiere pensar en el pasado en lugar del futuro. Los millennials no se quedan muy atr\u00e1s, con un 14 %, y la preferencia disminuye con la edad\u201d.\n    <\/p>\n<p class=\"paragraph inline-placeholder vossi-paragraph\" data-uri=\"es.cms.cnn.com\/_components\/paragraph\/instances\/cmi7dxqt80023356no5y95x89@published\" data-editable=\"text\" data-component-name=\"paragraph\" data-article-gutter=\"true\">\n            El caso m\u00e1s interesante de estos relanzamientos es el de \u201cBuffy the Vampire Slayer: New Sunnydale\u201d, pues es una secuela, no un \u201cremake\u201d. La nueva serie presentar\u00e1 a una nueva cazavampiros interpretada por la actriz <a href=\"https:\/\/www.imdb.com\/name\/nm8740834\/?ref_=tt_cst_t_1\" target=\"_blank\" rel=\"nofollow noopener\">Ryan Kiera Armstrong<\/a> (\u201c<a href=\"https:\/\/cnnespanol.cnn.com\/video\/star-wars-skeleton-crew-trailer-showbiz\" rel=\"nofollow noopener\" target=\"_blank\">Star Wars: Skeleton Crew<\/a>\u201d), quien tiene 15 a\u00f1os en la vida real, por lo que el programa buscar\u00e1 conectar directamente con las inquietudes de la generaci\u00f3n Z.\n    <\/p>\n<p class=\"paragraph inline-placeholder vossi-paragraph\" data-uri=\"es.cms.cnn.com\/_components\/paragraph\/instances\/cmi7eb27d002f356nx6rrpcuh@published\" data-editable=\"text\" data-component-name=\"paragraph\" data-article-gutter=\"true\">\n            La participaci\u00f3n de la directora Chlo\u00e9 Zhao, realizadora de las prestigiosas pel\u00edculas \u201c<a href=\"https:\/\/www.imdb.com\/title\/tt9770150\/\" target=\"_blank\" rel=\"nofollow noopener\">Nomadland<\/a>\u201d y \u201c<a href=\"https:\/\/www.imdb.com\/title\/tt14905854\/?ref_=nm_flmg_job_1_accord_2_cdt_t_1\" target=\"_blank\" rel=\"nofollow noopener\">Hamnet<\/a>\u201d, tambi\u00e9n es un valuarte de la nueva serie. Zhao ha <a href=\"https:\/\/www.the-independent.com\/arts-entertainment\/tv\/news\/buffy-vampire-slayer-sequel-sarah-michelle-gellar-chloe-zhao-b2867124.html\" target=\"_blank\" rel=\"nofollow noopener\">insistido en entrevistas<\/a> que nunca sustituir\u00eda a Sarah Michelle Gellar en el papel de Buffy, para dejar claro que el relanzamiento va de pasar el testigo a una nueva generaci\u00f3n.\n    <\/p>\n<p class=\"paragraph inline-placeholder vossi-paragraph\" data-uri=\"es.cms.cnn.com\/_components\/paragraph\/instances\/cmi7eu8io002v356n5b3408w0@published\" data-editable=\"text\" data-component-name=\"paragraph\" data-article-gutter=\"true\">\n            Como indica el t\u00edtulo, \u201cBuffy the Vampire Slayer\u201d trata de una cazavampiros adolescente que, mientras estudia en la escuela secundaria, combate todo tipo de monstruos que aparec\u00edan en su ciudad. La serie, creada por Joss Whedon, fue elogiada por sus di\u00e1logos ingeniosos, su uso de los monstruos como met\u00e1fora de las dificultades de crecer y por sorprender al espectador (un episodio fue un musical y en otro cap\u00edtulo ning\u00fan personaje hablaba, por ejemplo).\n    <\/p>\n<p>       <img decoding=\"async\" src=\"https:\/\/www.europesays.com\/es\/wp-content\/uploads\/2025\/11\/malcolm-in-the-middle.jpg\" alt=\"El elenco de \" malcolm=\"\" in=\"\" the=\"\" middle=\"\" en=\"\" la=\"\" gala=\"\" de=\"\" los=\"\" premios=\"\" emmy=\"\" el=\"\" noviembre=\"\" class=\"image_expandable__dam-img image_expandable__dam-img--loading\" onload=\"this.classList.remove('image_expandable__dam-img--loading')\" onerror=\"imageLoadError(this)\" height=\"354\" width=\"543\" loading=\"lazy\"\/><\/p>\n<p>       <img decoding=\"async\" src=\"https:\/\/www.europesays.com\/es\/wp-content\/uploads\/2025\/11\/scrubs-20251120121001620.jpg\" alt=\"El elenco original de la serie \" scrubs=\"\" emitida=\"\" entre=\"\" y=\"\" class=\"image_expandable__dam-img image_expandable__dam-img--loading\" onload=\"this.classList.remove('image_expandable__dam-img--loading')\" onerror=\"imageLoadError(this)\" height=\"395\" width=\"594\" loading=\"lazy\"\/><\/p>\n<p class=\"paragraph inline-placeholder vossi-paragraph\" data-uri=\"es.cms.cnn.com\/_components\/paragraph\/instances\/cmi7dqlhu0020356neeq88pka@published\" data-editable=\"text\" data-component-name=\"paragraph\" data-article-gutter=\"true\">\n            En el caso de \u201cMalcolm in the Middle: Life\u2019s Still Unfair\u201d, la nueva serie solo tendr\u00e1 cuatro episodios de 30 minutos de duraci\u00f3n. Han transcurrido casi 20 a\u00f1os desde que finaliz\u00f3 la original, as\u00ed que el programa mostrar\u00e1 ahora la vida adulta de los hijos adolescentes de la familia. Malcolm (Frankie Muniz) vive ahora con su hija Leah y su novia Tristan; y, seg\u00fan dice la sinopsis, \u201cse ve obligado a involucrarlas en el caos familiar cuando sus padres, Hal y Lois, exigen su presencia para la fiesta de su 40 aniversario de bodas\u201d.\n    <\/p>\n<p class=\"paragraph inline-placeholder vossi-paragraph\" data-uri=\"es.cms.cnn.com\/_components\/paragraph\/instances\/cmi7f2fhd002y356n4guqr412@published\" data-editable=\"text\" data-component-name=\"paragraph\" data-article-gutter=\"true\">\n            Sin duda, la gran novedad ser\u00e1 volver a ver a Bryan Cranston en una comedia, tras su salto a la fama como el antih\u00e9roe\/villano de la serie \u201cBreaking Bad\u201d.\n    <\/p>\n<p class=\"paragraph inline-placeholder vossi-paragraph\" data-uri=\"es.cms.cnn.com\/_components\/paragraph\/instances\/cmi7fkc1k0035356ngtca8jo2@published\" data-editable=\"text\" data-component-name=\"paragraph\" data-article-gutter=\"true\">\n            La nueva \u201cScrubs\u201d mantendr\u00e1 la trama ambientada en el ficticio Hospital del Sagrado Coraz\u00f3n; solo que ahora los protagonistas, los m\u00e9dicos John Dorian (Zach Braff) y Chris Turk (Donald Faison), ya no ser\u00e1n los novatos del centro hospitalario, pues ya han transcurrido 15 a\u00f1os. La serie a\u00f1adi\u00f3 nueve actores al elenco, seg\u00fan <a href=\"https:\/\/variety.com\/2025\/tv\/news\/scrubs-reboot-cast-vanessa-bayer-joel-kim-booster-1236537815\/\" target=\"_blank\" rel=\"nofollow noopener\">Variety<\/a>, lo que indica que busca ser un relanzamiento que se sostenga en el tiempo y no sea solo un gui\u00f1o nost\u00e1lgico al espectador.\n    <\/p>\n<p>              <script async src=\"https:\/\/platform.twitter.com\/widgets.js\" charset=\"utf-8\"><\/script><\/p>\n","protected":false},"excerpt":{"rendered":"CNN Espa\u00f1ol \u00a0\u2014\u00a0 Pese a su juventud, los millennials tambi\u00e9n sienten nostalgia. Esa generaci\u00f3n nacida entre 1981 y&hellip;\n","protected":false},"author":2,"featured_media":246562,"comment_status":"","ping_status":"","sticky":false,"template":"","format":"standard","meta":{"footnotes":""},"categories":[171],"tags":[62903,146,147,25,24,62904,36445,31187,62902,62905,23,807,214],"class_list":{"0":"post-246561","1":"post","2":"type-post","3":"status-publish","4":"format-standard","5":"has-post-thumbnail","7":"category-tv","8":"tag-buffy-the-vampire-slayer","9":"tag-entertainment","10":"tag-entretenimiento","11":"tag-es","12":"tag-espana","13":"tag-malcolm-in-the-middle","14":"tag-millennials","15":"tag-nostalgia","16":"tag-reboots","17":"tag-scrubs","18":"tag-spain","19":"tag-television","20":"tag-tv"},"share_on_mastodon":{"url":"https:\/\/pubeurope.com\/@es\/115582800800515532","error":""},"_links":{"self":[{"href":"https:\/\/www.europesays.com\/es\/wp-json\/wp\/v2\/posts\/246561","targetHints":{"allow":["GET"]}}],"collection":[{"href":"https:\/\/www.europesays.com\/es\/wp-json\/wp\/v2\/posts"}],"about":[{"href":"https:\/\/www.europesays.com\/es\/wp-json\/wp\/v2\/types\/post"}],"author":[{"embeddable":true,"href":"https:\/\/www.europesays.com\/es\/wp-json\/wp\/v2\/users\/2"}],"replies":[{"embeddable":true,"href":"https:\/\/www.europesays.com\/es\/wp-json\/wp\/v2\/comments?post=246561"}],"version-history":[{"count":0,"href":"https:\/\/www.europesays.com\/es\/wp-json\/wp\/v2\/posts\/246561\/revisions"}],"wp:featuredmedia":[{"embeddable":true,"href":"https:\/\/www.europesays.com\/es\/wp-json\/wp\/v2\/media\/246562"}],"wp:attachment":[{"href":"https:\/\/www.europesays.com\/es\/wp-json\/wp\/v2\/media?parent=246561"}],"wp:term":[{"taxonomy":"category","embeddable":true,"href":"https:\/\/www.europesays.com\/es\/wp-json\/wp\/v2\/categories?post=246561"},{"taxonomy":"post_tag","embeddable":true,"href":"https:\/\/www.europesays.com\/es\/wp-json\/wp\/v2\/tags?post=246561"}],"curies":[{"name":"wp","href":"https:\/\/api.w.org\/{rel}","templated":true}]}}