{"id":246581,"date":"2025-11-20T15:54:14","date_gmt":"2025-11-20T15:54:14","guid":{"rendered":"https:\/\/www.europesays.com\/es\/246581\/"},"modified":"2025-11-20T15:54:14","modified_gmt":"2025-11-20T15:54:14","slug":"portal-de-noticias-del-gobierno-de-canarias-313","status":"publish","type":"post","link":"https:\/\/www.europesays.com\/es\/246581\/","title":{"rendered":"Portal de Noticias del Gobierno de Canarias"},"content":{"rendered":"<blockquote>\n<p>El director general de Emergencias, Fernando Figuereo, preside el debate t\u00e9cnico en Tenerife, al que asisti\u00f3 tambi\u00e9n la presidenta de la Federaci\u00f3n Canaria de Municipios y alcaldesa de Candelaria, Mari Brito<\/p>\n<\/blockquote>\n<p>\u00a0<\/p>\n<p>El director general de Emergencias del Gobierno de Canarias, Fernando Figuereo, ha se\u00f1alado esta ma\u00f1ana la necesidad de \u201crecoger las diferentes necesidades y singularidades de cada isla en la futura Ley del Sistema de Protecci\u00f3n Civil\u201d. Estas palabras las ha trasladado durante la inauguraci\u00f3n de la jornada de trabajo celebrada esta ma\u00f1ana en Candelaria, en la que han participado profesionales del \u00e1mbito de la seguridad y las emergencias de la isla de Tenerife. La reuni\u00f3n, que forma parte del proceso participativo auton\u00f3mico para la redacci\u00f3n de la antedicha norma, ha contado con la presencia de la presidenta de la Federaci\u00f3n Canaria de Municipios (Fecam) y alcaldesa del citado municipio, Mari Brito. La primera edil ha valorado estas jornadas como una f\u00f3rmula para \u201calcanzar consensos con la opini\u00f3n de todos los actores que intervienen en este \u00e1mbito\u201d.<\/p>\n<p>Este proceso participativo tiene como objetivo definir una propuesta de Ley que \u201cantes de llegar para su debate al Parlamento de Canarias refleje las opiniones y sugerencias de todos aquellos que forman parte del sistema de emergencias y protecci\u00f3n civil en el Archipi\u00e9lago, en representaci\u00f3n de todas las administraciones, tanto municipales, como insulares, auton\u00f3micas o estatales\u201d, ha a\u00f1adido Figuereo.<\/p>\n<p>La redacci\u00f3n de la norma, que impulsa la Consejer\u00eda de Pol\u00edtica Territorial, Cohesi\u00f3n Territorial y Aguas del Ejecutivo canario, tiene que servir para reforzar el sistema auton\u00f3mico de emergencias y adaptarlo tanto a las normativas estatal y europea, como a los nuevos riesgos asociados al cambio clim\u00e1tico. El documento deber\u00e1 tambi\u00e9n recoger las singularidades propias de unas islas volc\u00e1nicas como las canarias, as\u00ed como los avances tecnol\u00f3gicos que se han impulsado en la materia durante los \u00faltimos a\u00f1os. \u201cEl definitiva\u201d, ha a\u00f1adido Figuereo, \u201cse trata de dise\u00f1ar entre todos un sistema preparado para afrontar los retos actuales y los que llegar\u00e1n en el futuro\u201d.<\/p>\n<p>Mari Brito, por su parte, ha agradecido que la jornada en Tenerife se desarrollase en Candelaria, el municipio que preside, y ha destacado que el Archipi\u00e9lago se enfrenta a \u201cnuevos retos provocados entre otros por el cambio clim\u00e1tico\u201d y Canarias \u201cdebe de tener las herramientas para afrontar situaciones cr\u00edticas\u201d.<\/p>\n<p>Este proceso participativo ha desarrollado ya los encuentros en Gran Canaria, La Gomera, El Hierro, La Palma y Tenerife. Solo quedan por celebrar las jornadas de debate en Lanzarote y Fuerteventura, que est\u00e1n previstas para la semana pr\u00f3xima.<\/p>\n<p>Cabe se\u00f1alar que, mientras se produce el debate y posterior redacci\u00f3n de la futura Ley, el Gobierno de Canarias est\u00e1 tomando las primeras medidas en este sentido, como la creaci\u00f3n inminente de la Agencia Canaria de Emergencias, aprobada tambi\u00e9n por el Parlamento regional, que cuenta con una primera partida de 500.000 euros en 2026 para dar sus primeros pasos.<\/p>\n","protected":false},"excerpt":{"rendered":"El director general de Emergencias, Fernando Figuereo, preside el debate t\u00e9cnico en Tenerife, al que asisti\u00f3 tambi\u00e9n la&hellip;\n","protected":false},"author":2,"featured_media":246582,"comment_status":"","ping_status":"","sticky":false,"template":"","format":"standard","meta":{"footnotes":""},"categories":[5],"tags":[17,18,25,24,13,14,11,19,20,9,10,15,16,23,12,21,22],"class_list":{"0":"post-246581","1":"post","2":"type-post","3":"status-publish","4":"format-standard","5":"has-post-thumbnail","7":"category-titulares","8":"tag-breaking-news","9":"tag-breakingnews","10":"tag-es","11":"tag-espana","12":"tag-featured-news","13":"tag-featurednews","14":"tag-headlines","15":"tag-latest-news","16":"tag-latestnews","17":"tag-news","18":"tag-noticias","19":"tag-noticias-destacadas","20":"tag-noticiasdestacadas","21":"tag-spain","22":"tag-titulares","23":"tag-ultimas-noticias","24":"tag-ultimasnoticias"},"share_on_mastodon":{"url":"https:\/\/pubeurope.com\/@es\/115582839251124462","error":""},"_links":{"self":[{"href":"https:\/\/www.europesays.com\/es\/wp-json\/wp\/v2\/posts\/246581","targetHints":{"allow":["GET"]}}],"collection":[{"href":"https:\/\/www.europesays.com\/es\/wp-json\/wp\/v2\/posts"}],"about":[{"href":"https:\/\/www.europesays.com\/es\/wp-json\/wp\/v2\/types\/post"}],"author":[{"embeddable":true,"href":"https:\/\/www.europesays.com\/es\/wp-json\/wp\/v2\/users\/2"}],"replies":[{"embeddable":true,"href":"https:\/\/www.europesays.com\/es\/wp-json\/wp\/v2\/comments?post=246581"}],"version-history":[{"count":0,"href":"https:\/\/www.europesays.com\/es\/wp-json\/wp\/v2\/posts\/246581\/revisions"}],"wp:featuredmedia":[{"embeddable":true,"href":"https:\/\/www.europesays.com\/es\/wp-json\/wp\/v2\/media\/246582"}],"wp:attachment":[{"href":"https:\/\/www.europesays.com\/es\/wp-json\/wp\/v2\/media?parent=246581"}],"wp:term":[{"taxonomy":"category","embeddable":true,"href":"https:\/\/www.europesays.com\/es\/wp-json\/wp\/v2\/categories?post=246581"},{"taxonomy":"post_tag","embeddable":true,"href":"https:\/\/www.europesays.com\/es\/wp-json\/wp\/v2\/tags?post=246581"}],"curies":[{"name":"wp","href":"https:\/\/api.w.org\/{rel}","templated":true}]}}